{"id":364417,"date":"2025-09-03T23:52:12","date_gmt":"2025-09-03T23:52:12","guid":{"rendered":"https:\/\/www.europesays.com\/fr\/364417\/"},"modified":"2025-09-03T23:52:12","modified_gmt":"2025-09-03T23:52:12","slug":"royaume-uni-lush-suspend-ses-ventes-une-journee-en-solidarite-avec-gaza","status":"publish","type":"post","link":"https:\/\/www.europesays.com\/fr\/364417\/","title":{"rendered":"Royaume-Uni | Lush suspend ses ventes une journ\u00e9e en solidarit\u00e9 avec Gaza"},"content":{"rendered":"<p>    <video id=\"video-68b8d4aa37117\" class=\"video-js vjs-default-skin vjs-fluid vjs-big-play-centered&#10;                 vjs-16-9&#10;                \" data-article-ids=\"[\" data-video-id=\"24c1828112eb4f2a8245e62aea08e3bd\" data-video-title=\"Royaume-Uni : l\u2019enseigne Lush suspend ses ventes une journ\u00e9e en solidarit\u00e9 avec Gaza\" data-video-should-skip-pub=\"false\" data-video-duration=\"40\" data-video-ad-keywords=\"video31-60\" data-video-position=\"1\" data-page-type=\"article\" data-page-view=\"desktop\" data-is-header=\"true\" poster=\"https:\/\/mobile-img.lpcdn.ca\/v2\/828x\/3b10b123\/9c54ac93595a3cee92d66bae04436ada.jpg\" data-video-encodings=\"{&quot;application\\\/x-mpegURL&quot;:{&quot;src&quot;:&quot;https:\\\/\\\/content.uplynk.com\\\/24c1828112eb4f2a8245e62aea08e3bd.m3u8?tc=1&amp;exp=1756943830&amp;rn=265556378&amp;ct=a&amp;cid=24c1828112eb4f2a8245e62aea08e3bd&amp;rays=dcba&amp;sig=5c75f5f5e42dd093781a67678ca39013075dda347af7e6c419bf0ccda41ce332&quot;,&quot;type&quot;:&quot;application\\\/x-mpegURL&quot;}}\" data-controls=\"true\" data-muted=\"false\" data-autoplay-setting=\"DEFAULT\" data-loop=\"false\" controls=\"\" width=\"654\" height=\"367\"><br \/>\n        D\u00e9sol\u00e9, votre navigateur ne supporte pas les videos<br \/>\n    <\/video>\n<\/p>\n<p class=\"lead textModule textModule--type-lead \" style=\"\">(Londres) L\u2019enseigne britannique de cosm\u00e9tiques Lush a ferm\u00e9 ses points de vente physiques et en ligne ainsi que ses sites de production au Royaume-Uni toute la journ\u00e9e de mercredi pour manifester sa \u00ab\u00a0solidarit\u00e9 avec Gaza\u00a0\u00bb. <\/p>\n<p>                    Publi\u00e9 \u00e0 13\u00a0h\u00a030<\/p>\n<p>    <a class=\"print\" href=\"https:\/\/www.lapresse.ca\/affaires\/entreprises\/2025-09-03\/royaume-uni\/javascript:window.print();\" title=\"Imprimer la page\" rel=\"nofollow noopener\" target=\"_blank\"><\/p>\n<p>        <img loading=\"lazy\" decoding=\"async\" width=\"16\" height=\"18\" src=\"https:\/\/www.europesays.com\/fr\/wp-content\/uploads\/2025\/04\/share-icon.png\" alt=\"Partager\"\/><\/p>\n<p class=\"paragraph textModule textModule--type-paragraph \" style=\"\">Le message \u00ab\u00a0Stop \u00e0 la famine \u00e0 Gaza &#8211; nous sommes ferm\u00e9s en solidarit\u00e9\u00a0\u00bb s\u2019affiche sur le site internet de l\u2019enseigne, cr\u00e9\u00e9e en 1995 dans le sud-ouest de l\u2019Angleterre et connue pour ses boules de bain effervescentes et parfum\u00e9es et ses savons color\u00e9s. <\/p>\n<p class=\"paragraph textModule textModule--type-paragraph \" style=\"\">\u00ab\u00a0Chez Lush, nous partageons l\u2019angoisse de millions de personnes face aux images de personnes affam\u00e9es \u00e0 Gaza, en Palestine. Comme le reste du monde, nous nous effor\u00e7ons de trouver des solutions pour aider, tandis que le gouvernement isra\u00e9lien emp\u00eache l\u2019aide humanitaire d\u2019urgence d\u2019entrer dans la bande de Gaza\u00a0\u00bb, affirme l\u2019entreprise dans un texte publi\u00e9 en ligne. <\/p>\n<p class=\"paragraph textModule textModule--type-paragraph \" style=\"\">Elle appelle le gouvernement britannique \u00e0 agir pour \u00ab\u00a0mettre un terme imm\u00e9diat aux morts et aux destructions\u00a0\u00bb dans le territoire palestinien et \u00e0 \u00ab\u00a0cesser les ventes d\u2019armes\u00a0\u00bb \u00e0 Isra\u00ebl. <\/p>\n<p class=\"paragraph textModule textModule--type-paragraph \" style=\"\">\u00ab\u00a0Une d\u00e9cision pas facile [\u2026], mais nous savons que beaucoup de nos clients partagent la m\u00eame inqui\u00e9tude \u00e0 propos de la situation \u00e0 Gaza\u00a0\u00bb, explique l\u2019entreprise, qui reverse \u00e9galement les profits issus de la vente d\u2019un de ses savons \u00e0 des projets caritatifs \u00e0 destination des enfants \u00e0 Gaza et en Cisjordanie. <\/p>\n<p class=\"paragraph textModule textModule--type-paragraph \" style=\"\">Lush poss\u00e8de plus de 880 points de vente dans 52 pays, dont plus de 100 au Royaume-Uni et en Irlande. <\/p>\n<p class=\"paragraph textModule textModule--type-paragraph \" style=\"\">Fin 2023, elle avait \u00e9t\u00e9 \u00e9pingl\u00e9e sur les r\u00e9seaux sociaux apr\u00e8s qu\u2019une de ses boutiques \u00e0 Dublin avait arbor\u00e9 en vitrine le message \u00ab\u00a0Boycott Isra\u00ebl\u00a0\u00bb. Elle s\u2019\u00e9tait d\u00e9fendue en plaidant un incident \u00ab\u00a0isol\u00e9\u00a0\u00bb. <\/p>\n","protected":false},"excerpt":{"rendered":"D\u00e9sol\u00e9, votre navigateur ne supporte pas les videos (Londres) L\u2019enseigne britannique de cosm\u00e9tiques Lush a ferm\u00e9 ses points&hellip;\n","protected":false},"author":2,"featured_media":364418,"comment_status":"","ping_status":"","sticky":false,"template":"","format":"standard","meta":{"footnotes":""},"categories":[1588],"tags":[11,1777,674,12,473,1853,1851,1850,1852],"class_list":{"0":"post-364417","1":"post","2":"type-post","3":"status-publish","4":"format-standard","5":"has-post-thumbnail","7":"category-royaume-uni","8":"tag-actualites","9":"tag-eu","10":"tag-europe","11":"tag-news","12":"tag-royaume-uni","13":"tag-royaume-uni-de-grande-bretagne-et-dirlande-du-nord","14":"tag-uk","15":"tag-united-kingdom","16":"tag-united-kingdom-of-great-britain-and-northern-ireland"},"share_on_mastodon":{"url":"","error":""},"_links":{"self":[{"href":"https:\/\/www.europesays.com\/fr\/wp-json\/wp\/v2\/posts\/364417","targetHints":{"allow":["GET"]}}],"collection":[{"href":"https:\/\/www.europesays.com\/fr\/wp-json\/wp\/v2\/posts"}],"about":[{"href":"https:\/\/www.europesays.com\/fr\/wp-json\/wp\/v2\/types\/post"}],"author":[{"embeddable":true,"href":"https:\/\/www.europesays.com\/fr\/wp-json\/wp\/v2\/users\/2"}],"replies":[{"embeddable":true,"href":"https:\/\/www.europesays.com\/fr\/wp-json\/wp\/v2\/comments?post=364417"}],"version-history":[{"count":0,"href":"https:\/\/www.europesays.com\/fr\/wp-json\/wp\/v2\/posts\/364417\/revisions"}],"wp:featuredmedia":[{"embeddable":true,"href":"https:\/\/www.europesays.com\/fr\/wp-json\/wp\/v2\/media\/364418"}],"wp:attachment":[{"href":"https:\/\/www.europesays.com\/fr\/wp-json\/wp\/v2\/media?parent=364417"}],"wp:term":[{"taxonomy":"category","embeddable":true,"href":"https:\/\/www.europesays.com\/fr\/wp-json\/wp\/v2\/categories?post=364417"},{"taxonomy":"post_tag","embeddable":true,"href":"https:\/\/www.europesays.com\/fr\/wp-json\/wp\/v2\/tags?post=364417"}],"curies":[{"name":"wp","href":"https:\/\/api.w.org\/{rel}","templated":true}]}}