{"id":364419,"date":"2025-09-03T23:53:14","date_gmt":"2025-09-03T23:53:14","guid":{"rendered":"https:\/\/www.europesays.com\/fr\/364419\/"},"modified":"2025-09-03T23:53:14","modified_gmt":"2025-09-03T23:53:14","slug":"%f0%9f%93%b7-les-diables-rouges-sont-arrives-en-allemagne-avant-daffronter-le-liechtenstein-tout-le-foot","status":"publish","type":"post","link":"https:\/\/www.europesays.com\/fr\/364419\/","title":{"rendered":"\ud83d\udcf7 Les Diables Rouges sont arriv\u00e9s en Allemagne avant d&rsquo;affronter le Liechtenstein &#8211; Tout le foot"},"content":{"rendered":"<p>\u00c0 la veille de leur prochain match contre le Liechtenstein, les Diables Rouges sont arriv\u00e9s en Allemagne ce mercredi.<\/p>\n<p>Ce mercredi matin, les hommes de Rudi Garcia ont quitt\u00e9 le sol belge pour rejoindre le Liechtenstein. Une rencontre face \u00e0 la principaut\u00e9 al\u00e9manique est pr\u00e9vue ce jeudi dans le cadre des qualifications \u00e0 la Coupe du monde 2026.<\/p>\n<p>Les joueurs ont atterri \u00e0 l\u2019a\u00e9roport Friedrichshafen en Allemagne. Celui-ci est situ\u00e9 \u00e0 environ 88 km du stade o\u00f9 se d\u00e9roulera la rencontre, le Rheinpark Stadion.<\/p>\n<p>Lire aussi\u2026 <a class=\"text-decoration-none\" href=\"https:\/\/www.walfoot.be\/news\/2025-09-03\/les-plus-capes-de-lequipe-devraient-etre-capitaines--philippe-albert-setonne-du-choix-de-rudi-garcia\" rel=\"nofollow noopener\" target=\"_blank\">\u00ab\u00a0Les plus cap\u00e9s de l&rsquo;\u00e9quipe devraient \u00eatre capitaines\u00a0\u00bb : Philippe Albert s&rsquo;\u00e9tonne du choix de Rudi Garcia<\/a><\/p>\n<p>Cette rencontre sera la troisi\u00e8me de la <a href=\"https:\/\/www.walfoot.be\/belgique\/belgique\" rel=\"nofollow noopener\" target=\"_blank\">Belgique<\/a> dans le groupe J. Une victoire est \u00e9videmment imp\u00e9rative contre le <a href=\"https:\/\/www.walfoot.be\/liechtenstein\/liechtenstein\" rel=\"nofollow noopener\" target=\"_blank\">Liechtenstein<\/a> qui est consid\u00e9r\u00e9 comme l\u2019une des \u00e9quipes nationales les plus faibles au monde. Le pays est class\u00e9 204e sur 210 au classement FIFA.<\/p>\n<p>Le vainqueur du groupe sera directement qualifi\u00e9 pour le prochain Mondial qui se d\u00e9roulera aux \u00c9tats-Unis, au Mexique et au Canada. L\u2019\u00e9quipe class\u00e9e deuxi\u00e8me devra passer par des barrages.<\/p>\n<p>Dimanche, la Belgique recevra le Kazakhstan au Lotto Park. Une formation qui est \u00e9galement \u00e0 la port\u00e9e de la Belgique. Un six sur six est donc obligatoire pour la s\u00e9lection belge en vue d\u2019une qualification au prochain Mondial.<\/p>\n<p><img decoding=\"async\" alt=\"\" src=\"https:\/\/www.europesays.com\/fr\/wp-content\/uploads\/2025\/09\/278027.webp.webp\" style=\"width: 750px; height: 500px;\"\/><img decoding=\"async\" alt=\"\" src=\"https:\/\/www.europesays.com\/fr\/wp-content\/uploads\/2025\/09\/belgique.webp.webp\" style=\"width: 750px; height: 500px;\"\/><\/p>\n","protected":false},"excerpt":{"rendered":"\u00c0 la veille de leur prochain match contre le Liechtenstein, les Diables Rouges sont arriv\u00e9s en Allemagne ce&hellip;\n","protected":false},"author":2,"featured_media":364420,"comment_status":"","ping_status":"","sticky":false,"template":"","format":"standard","meta":{"footnotes":""},"categories":[1587],"tags":[11,672,1804,1805,1803,1777,674,1801,12,1802],"class_list":{"0":"post-364419","1":"post","2":"type-post","3":"status-publish","4":"format-standard","5":"has-post-thumbnail","7":"category-allemagne","8":"tag-actualites","9":"tag-allemagne","10":"tag-bundesrepublik-deutschland","11":"tag-de","12":"tag-deutschland","13":"tag-eu","14":"tag-europe","15":"tag-germany","16":"tag-news","17":"tag-republique-federale-dallemagne"},"share_on_mastodon":{"url":"https:\/\/pubeurope.com\/@fr\/115143063081376399","error":""},"_links":{"self":[{"href":"https:\/\/www.europesays.com\/fr\/wp-json\/wp\/v2\/posts\/364419","targetHints":{"allow":["GET"]}}],"collection":[{"href":"https:\/\/www.europesays.com\/fr\/wp-json\/wp\/v2\/posts"}],"about":[{"href":"https:\/\/www.europesays.com\/fr\/wp-json\/wp\/v2\/types\/post"}],"author":[{"embeddable":true,"href":"https:\/\/www.europesays.com\/fr\/wp-json\/wp\/v2\/users\/2"}],"replies":[{"embeddable":true,"href":"https:\/\/www.europesays.com\/fr\/wp-json\/wp\/v2\/comments?post=364419"}],"version-history":[{"count":0,"href":"https:\/\/www.europesays.com\/fr\/wp-json\/wp\/v2\/posts\/364419\/revisions"}],"wp:featuredmedia":[{"embeddable":true,"href":"https:\/\/www.europesays.com\/fr\/wp-json\/wp\/v2\/media\/364420"}],"wp:attachment":[{"href":"https:\/\/www.europesays.com\/fr\/wp-json\/wp\/v2\/media?parent=364419"}],"wp:term":[{"taxonomy":"category","embeddable":true,"href":"https:\/\/www.europesays.com\/fr\/wp-json\/wp\/v2\/categories?post=364419"},{"taxonomy":"post_tag","embeddable":true,"href":"https:\/\/www.europesays.com\/fr\/wp-json\/wp\/v2\/tags?post=364419"}],"curies":[{"name":"wp","href":"https:\/\/api.w.org\/{rel}","templated":true}]}}