{"id":364421,"date":"2025-09-03T23:54:11","date_gmt":"2025-09-03T23:54:11","guid":{"rendered":"https:\/\/www.europesays.com\/fr\/364421\/"},"modified":"2025-09-03T23:54:11","modified_gmt":"2025-09-03T23:54:11","slug":"linverse-du-modele-austeritaire-de-bruxelles-comment-lespagne-est-devenue-la-locomotive-economique-de-leurope","status":"publish","type":"post","link":"https:\/\/www.europesays.com\/fr\/364421\/","title":{"rendered":"L&rsquo;inverse du mod\u00e8le aust\u00e9ritaire de Bruxelles : comment l&rsquo;Espagne est devenue la locomotive \u00e9conomique de l&rsquo;Europe"},"content":{"rendered":"<p>Madrid (Espagne), envoy\u00e9 sp\u00e9cial.<\/p>\n<p>En cette fin d\u2019\u00e9t\u00e9, aux abords de l\u2019hypercentre madril\u00e8ne, deux choses attirent l\u2019attention du promeneur curieux. La premi\u00e8re saute aux yeux\u00a0: le nombre impressionnant de touristes, venus du monde entier pour braver ici la chaleur du mois d\u2019ao\u00fbt\u2026 La seconde est plus subtile\u00a0: le nombre d\u2019\u00e9criteaux, panneaux ou affichages publics estampill\u00e9s des logos \u00ab\u00a0Financ\u00e9 par l\u2019Union europ\u00e9enne\u00a0\u00bb ou \u00ab\u00a0Fonds Next Generation EU\u00a0\u00bb, pr\u00e9sents \u00e0 presque chaque coin de rue.<\/p>\n<p>Le tourisme (en hausse de 10\u00a0% en 2024, l\u2019Espagne est devenue la 2e destination mondiale) et les aides de l\u2019UE (avec 55\u00a0milliards d\u2019euros per\u00e7us depuis 2021, c\u2019est le premier pays b\u00e9n\u00e9ficiaire depuis le lancement du plan \u00ab\u00a0Facilit\u00e9 pour la reprise et la r\u00e9silience\u00a0\u00bb) sont sans doute deux facteurs qui peuvent expliquer la bonne sant\u00e9 \u00e9conomique de l\u2019Espagne.<\/p>\n<p>L\u2019ann\u00e9e derni\u00e8re, le produit int\u00e9rieur brut (PIB) du royaume ib\u00e9rique avait d\u00e9j\u00e0 bondi de 3,2\u00a0%, soit une progression quatre fois sup\u00e9rieure \u00e0 la moyenne de l\u2019UE, tandis que son d\u00e9ficit public affichait sa quatri\u00e8me ann\u00e9e cons\u00e9cutive de baisse (2,8\u00a0% du PIB, soit 44,6\u00a0milliards d\u2019euros). Avec 2,6\u00a0% de croissance attendus cette ann\u00e9e, la presse \u00e9conomique va maintenant jusqu\u2019\u00e0 parler de \u00ab\u00a0miracle espagnol\u00a0\u00bb, avec un pays \u2013 la quatri\u00e8me \u00e9conomie de la zone euro \u2013 qui se distingue tr\u00e8s clairement dans une Europe atone, et que m\u00eame <a href=\"https:\/\/www.humanite.fr\/monde\/accords-commerciaux\/droits-de-douane-face-a-la-guerre-commerciale-de-trump-lunion-europeenne-capitule\" target=\"_blank\" rel=\"noopener\">la guerre commerciale d\u00e9clench\u00e9e par Donald Trump <\/a>para\u00eet ne pas affecter. <\/p>\n<p>L\u2019Espagne fait ainsi figure de locomotive, repr\u00e9sentant \u00e0 elle seule 50\u00a0% de la croissance de la zone euro, et se place en t\u00eate de toutes les grandes \u00e9conomies voisines, loin devant l\u2019Allemagne (0\u00a0% de croissance pr\u00e9vu cette ann\u00e9e par la Commission europ\u00e9enne) et la France (0,6\u00a0%).<\/p>\n<p>\u00ab Des droits\u00a0\u00bb pour \u00ab\u00a0la majorit\u00e9 sociale\u00a0\u00bb<\/p>\n<p>Au point de faire dire fin juillet dernier \u00e0 son chef du gouvernement, le premier ministre socialiste Pedro Sanchez, que le pays qu\u2019il dirige depuis juin 2018 \u00ab\u00a0traverse l\u2019une des p\u00e9riodes les plus prosp\u00e8res de son histoire d\u00e9mocratique\u00a0\u00bb. Le chef du gouvernement a vant\u00e9, lors de la pr\u00e9sentation de son bilan annuel, \u00ab\u00a0des chiffres record\u00a0\u00bb en termes d\u2019emploi (avec un  ch\u00f4mage <\/p>\n","protected":false},"excerpt":{"rendered":"Madrid (Espagne), envoy\u00e9 sp\u00e9cial. En cette fin d\u2019\u00e9t\u00e9, aux abords de l\u2019hypercentre madril\u00e8ne, deux choses attirent l\u2019attention du&hellip;\n","protected":false},"author":2,"featured_media":364422,"comment_status":"","ping_status":"","sticky":false,"template":"","format":"standard","meta":{"footnotes":""},"categories":[1586],"tags":[11,15441,123,1777,674,1011,27,12,122,49898,49899,36316,25,49900,2542,2475,49901],"class_list":{"0":"post-364421","1":"post","2":"type-post","3":"status-publish","4":"format-standard","5":"has-post-thumbnail","7":"category-europe","8":"tag-actualites","9":"tag-austu00e9ritu00e9","10":"tag-espagne","11":"tag-eu","12":"tag-europe","13":"tag-fr","14":"tag-france","15":"tag-news","16":"tag-pedro-sanchez","17":"tag-plan-de-relance-europu00e9en","18":"tag-politique-u00e9conomique","19":"tag-psoe","20":"tag-republique-francaise","21":"tag-sumar","22":"tag-u00e9conomie","23":"tag-union-europu00e9enne","24":"tag-yolanda-diaz"},"share_on_mastodon":{"url":"https:\/\/pubeurope.com\/@fr\/115143066658567417","error":""},"_links":{"self":[{"href":"https:\/\/www.europesays.com\/fr\/wp-json\/wp\/v2\/posts\/364421","targetHints":{"allow":["GET"]}}],"collection":[{"href":"https:\/\/www.europesays.com\/fr\/wp-json\/wp\/v2\/posts"}],"about":[{"href":"https:\/\/www.europesays.com\/fr\/wp-json\/wp\/v2\/types\/post"}],"author":[{"embeddable":true,"href":"https:\/\/www.europesays.com\/fr\/wp-json\/wp\/v2\/users\/2"}],"replies":[{"embeddable":true,"href":"https:\/\/www.europesays.com\/fr\/wp-json\/wp\/v2\/comments?post=364421"}],"version-history":[{"count":0,"href":"https:\/\/www.europesays.com\/fr\/wp-json\/wp\/v2\/posts\/364421\/revisions"}],"wp:featuredmedia":[{"embeddable":true,"href":"https:\/\/www.europesays.com\/fr\/wp-json\/wp\/v2\/media\/364422"}],"wp:attachment":[{"href":"https:\/\/www.europesays.com\/fr\/wp-json\/wp\/v2\/media?parent=364421"}],"wp:term":[{"taxonomy":"category","embeddable":true,"href":"https:\/\/www.europesays.com\/fr\/wp-json\/wp\/v2\/categories?post=364421"},{"taxonomy":"post_tag","embeddable":true,"href":"https:\/\/www.europesays.com\/fr\/wp-json\/wp\/v2\/tags?post=364421"}],"curies":[{"name":"wp","href":"https:\/\/api.w.org\/{rel}","templated":true}]}}