{"id":364423,"date":"2025-09-03T23:55:12","date_gmt":"2025-09-03T23:55:12","guid":{"rendered":"https:\/\/www.europesays.com\/fr\/364423\/"},"modified":"2025-09-03T23:55:12","modified_gmt":"2025-09-03T23:55:12","slug":"mercosur-lue-entame-la-ratification-du-traite-nefaste-a-notre-agriculture","status":"publish","type":"post","link":"https:\/\/www.europesays.com\/fr\/364423\/","title":{"rendered":"Mercosur : l\u2019UE entame la ratification du trait\u00e9 n\u00e9faste \u00e0 notre agriculture"},"content":{"rendered":"<p>Ce 3 septembre, l\u2019accord UE-Mercosur a \u00e9t\u00e9 valid\u00e9 par les membres de la Commission europ\u00e9enne. Dans les mois qui viennent, le texte sera soumis aux \u00c9tats membres, puis aux eurod\u00e9put\u00e9s. Face \u00e0 cet accord nocif pour notre agriculture, la France para\u00eet plus que vell\u00e9itaire. \u00ab\u00a0Tout se passe comme nous pouvions h\u00e9las nous y attendre, explique \u00e0 BV la pr\u00e9sidente de la Coordination rurale, V\u00e9ronique Le Floc\u2019h. On a beau nous parler d\u2019une opposition du gouvernement fran\u00e7ais \u00e0 cet accord, la ratification du trait\u00e9 avance, elle va m\u00eame s\u2019acc\u00e9l\u00e9rer.\u00a0\u00bb L\u2019UE est press\u00e9e de boucler les choses avant que Lula, le pr\u00e9sident br\u00e9silien, ne quitte la pr\u00e9sidence tournante du groupe Mercosur, le 31 d\u00e9cembre prochain.<\/p>\n<p>\u00ab\u00a0Vaches contre bagnoles\u00a0\u00bb<\/p>\n<p>L\u2019accord de libre-\u00e9change a \u00e9t\u00e9 sign\u00e9 en d\u00e9cembre 2024 entre, d\u2019une part, l\u2019Union europ\u00e9enne et, d\u2019autre part, l\u2019Argentine, le Br\u00e9sil, le Paraguay et l\u2019Uruguay. Ursula von der Leyen se r\u00e9jouissait alors d&rsquo;\u00ab\u00a0une victoire pour l&rsquo;Europe\u00a0\u00bb, <a href=\"https:\/\/www.bvoltaire.fr\/signature-de-laccord-mercosur-lindecente-euphorie-dursula-von-der-leyen\/\" target=\"_blank\" rel=\"noopener nofollow\">d&rsquo;\u00ab\u00a0un accord gagnant-gagnant\u00a0\u00bb<\/a>. Une vision des choses&#8230; contestable. Concr\u00e8tement, l\u2019UE va importer massivement de la viande bovine, du poulet, du ma\u00efs, du sucre\u2026 toutes choses qu\u2019elle produit d\u00e9j\u00e0 tr\u00e8s bien et qui ne feront pas le poids, une fois mis en concurrence avec l\u2019\u00e9quivalent sud-am\u00e9ricain, produit \u00e0 moindre co\u00fbt, avec moins de contraintes r\u00e9glementaires. Tous ces produits entreront en Europe en payant des droits de douane minimes.<\/p>\n<p>Mais dans la croyance libre-\u00e9changiste qui est celle de Bruxelles, que p\u00e8sent les <a href=\"https:\/\/www.insee.fr\/fr\/statistiques\/7728857?sommaire=7728903#:~:text=L&#039;%C3%A9levage%20bovin%20viande%20est,plus%20de%2093%20000%20exploitations.\" target=\"_blank\" rel=\"noopener nofollow\">93.000 exploitations bovines fran\u00e7aises<\/a> face aux <a href=\"https:\/\/journal-du-palais.fr\/au-sommaire\/entreprises\/le-mercosur-bete-noire-des-agriculteurs#:~:text=Mais%20plusieurs%20pays%20europ%C3%A9ens%2C%20dont,de%20700%20millions%20de%20consommateurs.\" target=\"_blank\" rel=\"noopener nofollow\">700 millions de consommateurs sud-am\u00e9ricains<\/a> susceptibles d\u2019acheter des liqueurs et des voitures ? La loi du march\u00e9 n\u2019a pas de limites. \u00ab\u00a0C\u2019est ce que certains appellent vulgairement l\u2019accord \u00ab\u00a0vaches contre bagnoles\u00a0\u00bb\u00a0\u00bb, <a href=\"https:\/\/www.bvoltaire.fr\/tribune-vaches-contre-bagnoles-lue-detruit-lagriculture-avec-le-mercosur\/\" target=\"_blank\" rel=\"noopener nofollow\">\u00e9crivait dans nos colonnes l\u2019eurod\u00e9put\u00e9e RN Val\u00e9rie Deloge<\/a>.<\/p>\n<blockquote class=\"twitter-tweet\">\n<p dir=\"ltr\" lang=\"fr\">La commission europ\u00e9enne sacrifie notre agriculture sur l&rsquo;autel du libre-\u00e9change.<br \/>L&rsquo;Allemagne m\u00e8ne la danse ! <a href=\"https:\/\/t.co\/bBPwKz726z\" rel=\"nofollow\">https:\/\/t.co\/bBPwKz726z<\/a><\/p>\n<p>\u2014 Gilles Pennelle (@GillesPennelle) <a href=\"https:\/\/twitter.com\/GillesPennelle\/status\/1963219478734372993?ref_src=twsrc%5Etfw\" rel=\"nofollow noopener\" target=\"_blank\">September 3, 2025<\/a><\/p>\n<\/blockquote>\n<p>Des garde-fous fragiles<\/p>\n<p>Pour rassurer les \u00e9leveurs fran\u00e7ais, on parle de clauses de sauvegarde. Pour le moment, elles n\u2019ont qu\u2019une existence virtuelle, puisqu\u2019il faudra un <a href=\"https:\/\/www.lefigaro.fr\/conjoncture\/accord-ue-mercosur-la-commission-europeenne-valide-l-accord-et-le-soumet-aux-etats-membres-20250903\" target=\"_blank\" rel=\"noopener nofollow\">\u00ab\u00a0acte juridique\u00a0\u00bb<\/a> suppl\u00e9mentaire pour qu\u2019elles se mat\u00e9rialisent. Et ce mercredi, <a href=\"https:\/\/x.com\/Elysee\/status\/1963183799061397551\" target=\"_blank\" rel=\"noopener nofollow\">en conf\u00e9rence de presse<\/a>, la porte-parole du gouvernement, Sophie Privas, a bien insist\u00e9 pour v\u00e9rifier trois points concernant ces clauses : que les pays du Mercosur soient d\u2019accord (sic), qu\u2019un seul pays puisse les activer et qu\u2019elles soient juridiquement op\u00e9rationnelles ! C\u2019est dire si la France a la main\u2026<\/p>\n<p>Ces clauses permettraient d\u2019intervenir en cas d\u2019effets n\u00e9gatifs du trait\u00e9. \u00ab\u00a0C\u2019est se moquer de nous, r\u00e9agit V\u00e9ronique Le Floc\u2019h aupr\u00e8s de BV : On laisse les accords se mettre en place et on changera d\u2019avis ensuite ? S\u2019il y a le moindre doute, il faut exclure l\u2019agriculture du trait\u00e9. \u00bb Agir (si on agit&#8230;), une fois qu\u2019il est trop tard : voil\u00e0 une curieuse politique. \u00ab\u00a0La France a perdu un million de t\u00eates de b\u00e9tail en dix ans, nous rappelle J\u00e9r\u00f4me Besnard, de la Coordination rurale. Quand on pense \u00e0 la fragilit\u00e9 actuelle de la fili\u00e8re d\u2019\u00e9levage fran\u00e7ais, le risque est \u00e9vident. Une fili\u00e8re d\u00e9truite ne se reconstruira pas. \u00bb<\/p>\n<p>La continuit\u00e9 Genevard<\/p>\n<p>D\u00e9but d\u00e9cembre 2024, lorsque l\u2019accord a \u00e9t\u00e9 sign\u00e9 \u00e0 Buenos Aires, la France n\u2019\u00e9tait d\u00e9j\u00e0 pas au mieux de sa forme politique : on vivait la fin du gouvernement Barnier. Aujourd\u2019hui que l\u2019accord entame son parcours dans les institutions europ\u00e9ennes, on vit la fin probable du gouvernement Bayrou. \u00ab\u00a0\u00c7a tombe tr\u00e8s mal, selon J\u00e9r\u00f4me Besnard. Avec le triste spectacle que donne notre classe politique, la France n\u2019est pas en position de n\u00e9gocier.\u00a0\u00bb C&rsquo;est vrai, mais la situation ne date pas d&rsquo;aujourd&rsquo;hui. La falote Annie Genevard, ministre de l\u2019Agriculture, a gard\u00e9 son poste d\u2019un gouvernement \u00e0 l\u2019autre, et la France n\u2019a pas attendu les crises politiques pour se d\u00e9sint\u00e9resser du sort de ses agriculteurs. Emmanuel Macron lui-m\u00eame a jou\u00e9 le en m\u00eame temps qui lui est cher (sinon cong\u00e9nital) : se prononcer <a href=\"https:\/\/www.lemonde.fr\/politique\/article\/2025\/02\/22\/salon-de-l-agriculture-emmanuel-macron-est-arrive-pour-rencontrer-les-syndicats-et-inaugurer-l-evenement-apres-sa-visite-chahutee-de-l-an-dernier_6558606_823448.html\" target=\"_blank\" rel=\"noopener nofollow\">contre l\u2019accord<\/a> et se dire <a href=\"https:\/\/www.actu-environnement.com\/ae\/news\/Emmanuel-Macron-Mercosur-46321.php4\" target=\"_blank\" rel=\"noopener nofollow\">pr\u00eat \u00e0 le signer<\/a>\u2026<\/p>\n<p>Du c\u00f4t\u00e9 de la Coordination rurale, on n\u2019abandonne donc pas le combat. \u00ab\u00a0La CR va se mobiliser avec ses partenaires europ\u00e9ens et ne pas laisser faire, assure V\u00e9ronique Le Floc\u2019h. Il faut gagner du temps pour porter les discussions au-del\u00e0 de 2025, reprendre des n\u00e9gociations et, peut-\u00eatre, au niveau europ\u00e9en, d\u00e9finir une exception agricole. \u00bb<\/p>\n<p>                    <a href=\"#\" rel=\"nofollow\" onclick=\"window.print(); pfTrackEvent('Mercosur : l\u2019UE entame la ratification du trait\u00e9 n\u00e9faste \u00e0 notre agriculture'); return false;\" title=\"Printer Friendly, PDF &amp; Email\"><br \/>\n                    <img decoding=\"async\" src=\"https:\/\/www.europesays.com\/fr\/wp-content\/uploads\/2025\/04\/printfriendly-icon-sm.png\" alt=\"Print Friendly, PDF &amp; Email\" class=\"pf-button-img\" style=\"width: 17px;height: 17px;\"\/>Imprimer, enregistrer en PDF cet article<br \/>\n                    <\/a><br \/>\n                <script async src=\"https:\/\/platform.twitter.com\/widgets.js\" charset=\"utf-8\"><\/script><\/p>\n","protected":false},"excerpt":{"rendered":"Ce 3 septembre, l\u2019accord UE-Mercosur a \u00e9t\u00e9 valid\u00e9 par les membres de la Commission europ\u00e9enne. Dans les mois&hellip;\n","protected":false},"author":2,"featured_media":364424,"comment_status":"","ping_status":"","sticky":false,"template":"","format":"standard","meta":{"footnotes":""},"categories":[1586],"tags":[11,1777,674,1779,1011,27,12,25,1778,364],"class_list":{"0":"post-364423","1":"post","2":"type-post","3":"status-publish","4":"format-standard","5":"has-post-thumbnail","7":"category-europe","8":"tag-actualites","9":"tag-eu","10":"tag-europe","11":"tag-european-union","12":"tag-fr","13":"tag-france","14":"tag-news","15":"tag-republique-francaise","16":"tag-ue","17":"tag-union-europeenne"},"share_on_mastodon":{"url":"https:\/\/pubeurope.com\/@fr\/115143070581579799","error":""},"_links":{"self":[{"href":"https:\/\/www.europesays.com\/fr\/wp-json\/wp\/v2\/posts\/364423","targetHints":{"allow":["GET"]}}],"collection":[{"href":"https:\/\/www.europesays.com\/fr\/wp-json\/wp\/v2\/posts"}],"about":[{"href":"https:\/\/www.europesays.com\/fr\/wp-json\/wp\/v2\/types\/post"}],"author":[{"embeddable":true,"href":"https:\/\/www.europesays.com\/fr\/wp-json\/wp\/v2\/users\/2"}],"replies":[{"embeddable":true,"href":"https:\/\/www.europesays.com\/fr\/wp-json\/wp\/v2\/comments?post=364423"}],"version-history":[{"count":0,"href":"https:\/\/www.europesays.com\/fr\/wp-json\/wp\/v2\/posts\/364423\/revisions"}],"wp:featuredmedia":[{"embeddable":true,"href":"https:\/\/www.europesays.com\/fr\/wp-json\/wp\/v2\/media\/364424"}],"wp:attachment":[{"href":"https:\/\/www.europesays.com\/fr\/wp-json\/wp\/v2\/media?parent=364423"}],"wp:term":[{"taxonomy":"category","embeddable":true,"href":"https:\/\/www.europesays.com\/fr\/wp-json\/wp\/v2\/categories?post=364423"},{"taxonomy":"post_tag","embeddable":true,"href":"https:\/\/www.europesays.com\/fr\/wp-json\/wp\/v2\/tags?post=364423"}],"curies":[{"name":"wp","href":"https:\/\/api.w.org\/{rel}","templated":true}]}}