{"id":364428,"date":"2025-09-03T23:58:09","date_gmt":"2025-09-03T23:58:09","guid":{"rendered":"https:\/\/www.europesays.com\/fr\/364428\/"},"modified":"2025-09-03T23:58:09","modified_gmt":"2025-09-03T23:58:09","slug":"after-vintage-france-portugal-1984","status":"publish","type":"post","link":"https:\/\/www.europesays.com\/fr\/364428\/","title":{"rendered":"After Vintage : France-Portugal 1984"},"content":{"rendered":"<p>After Vintage : France-Portugal 1984 Sur le m\u00eame sujet<a href=\"https:\/\/rmcsport.bfmtv.com\/replay-emissions\/after-foot\/video-after-vintage-france-portugal-1984_VN-202509030970.html\" title=\"After Vintage : France-Portugal 1984\" rel=\"nofollow noopener\" target=\"_blank\"><img class=\"lozad\"  width=\"16\" height=\"9\" alt=\"After Vintage : France-Portugal 1984\"\/>en lectureAfter Vintage : France-Portugal 1984<\/a><a href=\"https:\/\/rmcsport.bfmtv.com\/replay-emissions\/after-foot\/video-premier-league-qualite-de-jeu-rivalites-gros-qui-decoivent-la-premier-league-se-questionne_VN-202509030965.html\" title=\"Premier League : Qualit\u00e9 de jeu, rivalit\u00e9s, gros qui d\u00e9\u00e7oivent, la Premier League se questionne\" rel=\"nofollow noopener\" target=\"_blank\"><img class=\"lozad\"  width=\"16\" height=\"9\" alt=\"Premier League : Qualit\u00e9 de jeu, rivalit\u00e9s, gros qui d\u00e9\u00e7oivent, la Premier League se questionne\"\/>8:57Premier League : Qualit\u00e9 de jeu, rivalit\u00e9s, gros qui d\u00e9\u00e7oivent, la Premier League se questionne<\/a><a href=\"https:\/\/rmcsport.bfmtv.com\/replay-emissions\/after-foot\/video-psg-le-ballon-d-or-perturbe-dembele-vivement-qu-on-passe-a-autre-chose-estime-gautreau_VN-202509030952.html\" title=\"PSG : \u201cLe Ballon d\u2019Or perturbe Demb\u00e9l\u00e9, vivement qu\u2019on passe \u00e0 autre chose !\u201d, estime Gautreau\" rel=\"nofollow noopener\" target=\"_blank\"><img class=\"lozad\"  width=\"16\" height=\"9\" alt=\"PSG : \u201cLe Ballon d\u2019Or perturbe Demb\u00e9l\u00e9, vivement qu\u2019on passe \u00e0 autre chose !\u201d, estime Gautreau\"\/>13:41PSG : \u201cLe Ballon d\u2019Or perturbe Demb\u00e9l\u00e9, vivement qu\u2019on passe \u00e0 autre chose !\u201d, estime Gautreau<\/a><a href=\"https:\/\/rmcsport.bfmtv.com\/replay-emissions\/after-foot\/video-equipe-de-france-deschamps-n-entend-pas-les-compliments-estime-riolo_VN-202509030946.html\" title=\"\u00c9quipe de France : \u201cDeschamps n&#039;entend pas les compliments\u201d, estime Riolo\" rel=\"nofollow noopener\" target=\"_blank\"><img class=\"lozad\"  width=\"16\" height=\"9\" alt=\"\u00c9quipe de France : \u201cDeschamps n'entend pas les compliments\u201d, estime Riolo\"\/>12:44\u00c9quipe de France : \u201cDeschamps n&rsquo;entend pas les compliments\u201d, estime Riolo<\/a><a href=\"https:\/\/rmcsport.bfmtv.com\/replay-emissions\/after-foot\/video-recrutement-en-janvier-reduction-de-la-masse-salariale-a-l-ol-les-discours-rassurent_VN-202509030913.html\" title=\"Recrutement en janvier, r\u00e9duction de la masse salariale : \u00c0 l&#039;OL les discours rassurent\" rel=\"nofollow noopener\" target=\"_blank\"><img class=\"lozad\"  width=\"16\" height=\"9\" alt=\"Recrutement en janvier, r\u00e9duction de la masse salariale : \u00c0 l'OL les discours rassurent\"\/>9:23Recrutement en janvier, r\u00e9duction de la masse salariale : \u00c0 l&rsquo;OL les discours rassurent<\/a><a href=\"https:\/\/rmcsport.bfmtv.com\/replay-emissions\/after-foot\/video-ligue-1-les-predictions-opta-vs-les-predictions-de-l-after_VN-202509020943.html\" title=\"Ligue 1 : Les pr\u00e9dictions OPTA vs les pr\u00e9dictions de l\u2019After !\" rel=\"nofollow noopener\" target=\"_blank\"><img class=\"lozad\"  width=\"16\" height=\"9\" alt=\"Ligue 1 : Les pr\u00e9dictions OPTA vs les pr\u00e9dictions de l\u2019After !\"\/>18:35Ligue 1 : Les pr\u00e9dictions OPTA vs les pr\u00e9dictions de l\u2019After !<\/a><a href=\"https:\/\/rmcsport.bfmtv.com\/replay-emissions\/after-foot\/video-ol-la-plus-grande-reussite-de-michele-kang-est-son-passage-devant-la-dncg-explique-pelletier_VN-202509020928.html\" title=\"OL : \u201cLa plus grande r\u00e9ussite de Michele Kang est son passage devant la DNCG\u201d, explique Pelletier\" rel=\"nofollow noopener\" target=\"_blank\"><img class=\"lozad\"  width=\"16\" height=\"9\" alt=\"OL : \u201cLa plus grande r\u00e9ussite de Michele Kang est son passage devant la DNCG\u201d, explique Pelletier\"\/>6:14OL : \u201cLa plus grande r\u00e9ussite de Michele Kang est son passage devant la DNCG\u201d, explique Pelletier<\/a><a href=\"https:\/\/rmcsport.bfmtv.com\/replay-emissions\/after-foot\/video-de-l-enfer-au-paradis-les-secrets-des-deux-saisons-qui-ont-change-l-histoire-du-psg-par-fabrice-hawkins_VN-202509020916.html\" title=\"\u201cDe l\u2019enfer au paradis\u201d, les secrets des deux saisons qui ont chang\u00e9 l&#039;histoire du PSG par Fabrice Hawkins\" rel=\"nofollow noopener\" target=\"_blank\"><img class=\"lozad\"  width=\"16\" height=\"9\" alt=\"\u201cDe l\u2019enfer au paradis\u201d, les secrets des deux saisons qui ont chang\u00e9 l'histoire du PSG par Fabrice Hawkins\"\/>29:25\u201cDe l\u2019enfer au paradis\u201d, les secrets des deux saisons qui ont chang\u00e9 l&rsquo;histoire du PSG par Fabrice Hawkins<\/a><a href=\"https:\/\/rmcsport.bfmtv.com\/replay-emissions\/after-foot\/video-stade-rennais-les-rouges-et-noirs-peuvent-ils-redevenir-un-candidat-en-europe_VN-202509020882.html\" title=\"Stade Rennais : Les Rouges et Noirs peuvent-ils redevenir un candidat en Europe ?\" rel=\"nofollow noopener\" target=\"_blank\"><img class=\"lozad\"  width=\"16\" height=\"9\" alt=\"Stade Rennais : Les Rouges et Noirs peuvent-ils redevenir un candidat en Europe ?\"\/>7:48Stade Rennais : Les Rouges et Noirs peuvent-ils redevenir un candidat en Europe ?<\/a><a href=\"https:\/\/rmcsport.bfmtv.com\/replay-emissions\/after-foot\/video-pfc-ou-est-l-expertise-de-red-bull-sur-le-mercato-du-paris-fc-interroge-jimmy-braun_VN-202509020879.html\" title=\"PFC : \u201cO\u00f9 est l\u2019expertise de Red Bull sur le mercato du Paris FC ?\u201d, interroge Jimmy Braun\" rel=\"nofollow noopener\" target=\"_blank\"><img class=\"lozad\"  width=\"16\" height=\"9\" alt=\"PFC : \u201cO\u00f9 est l\u2019expertise de Red Bull sur le mercato du Paris FC ?\u201d, interroge Jimmy Braun\"\/>14:04PFC : \u201cO\u00f9 est l\u2019expertise de Red Bull sur le mercato du Paris FC ?\u201d, interroge Jimmy Braun<\/a><a href=\"https:\/\/rmcsport.bfmtv.com\/replay-emissions\/after-foot\/video-ol-lyon-dans-le-top-4-de-ligue-1-en-fin-de-saison-ce-serait-un-miracle-explique-acherchour_VN-202509020873.html\" title=\"OL : Lyon dans le top 4 de Ligue 1 en fin de saison ? \u201cCe serait un miracle\u201d, explique Acherchour\" rel=\"nofollow noopener\" target=\"_blank\"><img class=\"lozad\"  width=\"16\" height=\"9\" alt=\"OL : Lyon dans le top 4 de Ligue 1 en fin de saison ? \u201cCe serait un miracle\u201d, explique Acherchour\"\/>16:22OL : Lyon dans le top 4 de Ligue 1 en fin de saison ? \u201cCe serait un miracle\u201d, explique Acherchour<\/a><a href=\"https:\/\/rmcsport.bfmtv.com\/replay-emissions\/after-foot\/video-losc-ce-que-fait-olivier-letang-a-lille-est-tres-tres-fort-souligne-diaz_VN-202509020859.html\" title=\"LOSC : \u201cCe que fait Olivier L\u00e9tang \u00e0 Lille est tr\u00e8s tr\u00e8s fort\u201d, souligne Diaz\" rel=\"nofollow noopener\" target=\"_blank\"><img class=\"lozad\"  width=\"16\" height=\"9\" alt=\"LOSC : \u201cCe que fait Olivier L\u00e9tang \u00e0 Lille est tr\u00e8s tr\u00e8s fort\u201d, souligne Diaz\"\/>14:22LOSC : \u201cCe que fait Olivier L\u00e9tang \u00e0 Lille est tr\u00e8s tr\u00e8s fort\u201d, souligne Diaz<\/a><a href=\"https:\/\/rmcsport.bfmtv.com\/replay-emissions\/after-foot\/video-om-le-debut-de-saison-de-balerdi-est-cataclysmique-estime-acherchour_VN-202509020851.html\" title=\"OM : \u201cLe d\u00e9but de saison de Balerdi est cataclysmique\u201d, estime Acherchour\" rel=\"nofollow noopener\" target=\"_blank\"><img class=\"lozad\"  width=\"16\" height=\"9\" alt=\"OM : \u201cLe d\u00e9but de saison de Balerdi est cataclysmique\u201d, estime Acherchour\"\/>11:46OM : \u201cLe d\u00e9but de saison de Balerdi est cataclysmique\u201d, estime Acherchour<\/a><a href=\"https:\/\/rmcsport.bfmtv.com\/football\/ligue-1\/video-mercato-strasbourg-fausse-le-championnat-faut-il-durcir-les-regles-de-la-multipropriete_VN-202509020256.html\" title=\"Mercato : &quot;Strasbourg fausse le championnat&quot;... faut-il durcir les r\u00e8gles de la multipropri\u00e9t\u00e9 ? \" rel=\"nofollow noopener\" target=\"_blank\"><img class=\"lozad\"  width=\"16\" height=\"9\" alt=\"Mercato : &quot;Strasbourg fausse le championnat&quot;... faut-il durcir les r\u00e8gles de la multipropri\u00e9t\u00e9 ? \"\/>12:52Mercato : \u00ab\u00a0Strasbourg fausse le championnat\u00a0\u00bb&#8230; faut-il durcir les r\u00e8gles de la multipropri\u00e9t\u00e9 ?<\/a><a class=\"jumpToVideo\" target=\"_blank\"><img class=\"thumbnailPreview\"\/><\/a><\/p>\n","protected":false},"excerpt":{"rendered":"After Vintage : France-Portugal 1984 Sur le m\u00eame sujeten lectureAfter Vintage : France-Portugal 19848:57Premier League : Qualit\u00e9 de&hellip;\n","protected":false},"author":2,"featured_media":364429,"comment_status":"","ping_status":"","sticky":false,"template":"","format":"standard","meta":{"footnotes":""},"categories":[4],"tags":[11,1011,27,12,25],"class_list":{"0":"post-364428","1":"post","2":"type-post","3":"status-publish","4":"format-standard","5":"has-post-thumbnail","7":"category-france","8":"tag-actualites","9":"tag-fr","10":"tag-france","11":"tag-news","12":"tag-republique-francaise"},"share_on_mastodon":{"url":"https:\/\/pubeurope.com\/@fr\/115143082134871968","error":""},"_links":{"self":[{"href":"https:\/\/www.europesays.com\/fr\/wp-json\/wp\/v2\/posts\/364428","targetHints":{"allow":["GET"]}}],"collection":[{"href":"https:\/\/www.europesays.com\/fr\/wp-json\/wp\/v2\/posts"}],"about":[{"href":"https:\/\/www.europesays.com\/fr\/wp-json\/wp\/v2\/types\/post"}],"author":[{"embeddable":true,"href":"https:\/\/www.europesays.com\/fr\/wp-json\/wp\/v2\/users\/2"}],"replies":[{"embeddable":true,"href":"https:\/\/www.europesays.com\/fr\/wp-json\/wp\/v2\/comments?post=364428"}],"version-history":[{"count":0,"href":"https:\/\/www.europesays.com\/fr\/wp-json\/wp\/v2\/posts\/364428\/revisions"}],"wp:featuredmedia":[{"embeddable":true,"href":"https:\/\/www.europesays.com\/fr\/wp-json\/wp\/v2\/media\/364429"}],"wp:attachment":[{"href":"https:\/\/www.europesays.com\/fr\/wp-json\/wp\/v2\/media?parent=364428"}],"wp:term":[{"taxonomy":"category","embeddable":true,"href":"https:\/\/www.europesays.com\/fr\/wp-json\/wp\/v2\/categories?post=364428"},{"taxonomy":"post_tag","embeddable":true,"href":"https:\/\/www.europesays.com\/fr\/wp-json\/wp\/v2\/tags?post=364428"}],"curies":[{"name":"wp","href":"https:\/\/api.w.org\/{rel}","templated":true}]}}