{"id":364430,"date":"2025-09-04T00:01:13","date_gmt":"2025-09-04T00:01:13","guid":{"rendered":"https:\/\/www.europesays.com\/fr\/364430\/"},"modified":"2025-09-04T00:01:13","modified_gmt":"2025-09-04T00:01:13","slug":"avec-jauneau-lasm-lance-un-nouveau-projet-et-veut-changer-de-direction","status":"publish","type":"post","link":"https:\/\/www.europesays.com\/fr\/364430\/","title":{"rendered":"avec Jauneau, l\u2019ASM lance un nouveau projet et veut changer de direction"},"content":{"rendered":"<p>Un g\u00e9ant endormi. Constamment dans le haut du tableau depuis les ann\u00e9es 2000, Clermont conna\u00eet une p\u00e9riode d\u00e9licate depuis plusieurs saisons. Si l\u2019ASM a retrouv\u00e9 les phases finales l\u2019an pass\u00e9 au prix d\u2019une magnifique fin d\u2019exercice, les hommes de Christophe Urios se sont s\u00e8chement inclin\u00e9s sur la pelouse de Bayonne en barrages.<\/p>\n<p>L\u2019ASM veut \u00ab\u00a0s\u2019articuler autour d\u2019un noyau de jeunes joueurs form\u00e9s au club\u00a0\u00bb<\/p>\n<p>D\u00e9sormais, l\u2019ambition est de revenir dans ce top 6 pour aspirer \u00e0 retrouver les sommets du championnat. Pour cela, le club compte s\u2019appuyer sur son centre de formation, en t\u00e9moigne la r\u00e9cente prolongation de Baptiste Jauneau, malgr\u00e9 un fort int\u00e9r\u00eat de Toulon. Avant la r\u00e9ception du Stade Toulousain ce dimanche en cl\u00f4ture de la premi\u00e8re journ\u00e9e du Top 14, Jean-Claude Pats a ainsi d\u00e9crit les ambitions de l\u2019ASM pour le futur, dans des propos rappot\u00e9s par <a href=\"https:\/\/www.rugbyrama.fr\/2025\/09\/02\/top-14-a-lavenir-lequipe-sarticulera-autour-dun-noyau-jeune-et-forme-a-lasm-jean-claude-pats-president-de-clermont-lance-la-saison-des-jaunards-12904903.php\" rel=\"nofollow noopener\" target=\"_blank\">Rugbyrama<\/a>.<\/p>\n<blockquote>\n<p>\u00ab\u00a0La prolongation de Baptiste est un signal fort de l\u2019adh\u00e9sion des joueurs au projet sportif et \u00e0 la politique du club. Le club mise sur sa formation et il faut avoir des jeunes bien form\u00e9s sur le terrain et dans leur t\u00eate. On fait \u00e9voluer notre \u00e9quipe pour qu\u2019\u00e0 l\u2019avenir, elle s\u2019articule autour d\u2019un noyau de jeunes joueurs form\u00e9s au club\u00a0\u00bb.<\/p>\n<\/blockquote>\n<p>L\u2019ASM veut ainsi s\u2019appuyer sur ses jeunes talents, de Barnab\u00e9 Massa \u00e0 Killian Tixeront en passant par L\u00e9on Darricarr\u00e8re et Baptiste Jauneau.<\/p>\n<p>Partagez cette info avec vos amis et vos proches en cliquant ici<br \/>Pour r\u00e9sumer<\/p>\n<p>Le pr\u00e9sident de l\u2019ASM Jean-Claude Pats a pris la parole ce lundi avant le lancement de la saison de Top 14 et la r\u00e9ception du Stade Toulousain ce dimanche. Il veut que Clermont prenne un virage fort pour revenir au sommet.<\/p>\n<p> <img decoding=\"async\" width=\"76\" height=\"76\" loading=\"lazy\" src=\"https:\/\/www.europesays.com\/fr\/wp-content\/uploads\/2025\/04\/avatar-quinze.png\" alt=\"Arnaud D\u00e9chelotte\"\/><\/p>\n","protected":false},"excerpt":{"rendered":"Un g\u00e9ant endormi. Constamment dans le haut du tableau depuis les ann\u00e9es 2000, Clermont conna\u00eet une p\u00e9riode d\u00e9licate&hellip;\n","protected":false},"author":2,"featured_media":364431,"comment_status":"","ping_status":"","sticky":false,"template":"","format":"standard","meta":{"footnotes":""},"categories":[1416],"tags":[1011,27,479,1468,60],"class_list":{"0":"post-364430","1":"post","2":"type-post","3":"status-publish","4":"format-standard","5":"has-post-thumbnail","7":"category-rugby","8":"tag-fr","9":"tag-france","10":"tag-rugby","11":"tag-rugby-football","12":"tag-sports"},"share_on_mastodon":{"url":"https:\/\/pubeurope.com\/@fr\/115143094372122139","error":""},"_links":{"self":[{"href":"https:\/\/www.europesays.com\/fr\/wp-json\/wp\/v2\/posts\/364430","targetHints":{"allow":["GET"]}}],"collection":[{"href":"https:\/\/www.europesays.com\/fr\/wp-json\/wp\/v2\/posts"}],"about":[{"href":"https:\/\/www.europesays.com\/fr\/wp-json\/wp\/v2\/types\/post"}],"author":[{"embeddable":true,"href":"https:\/\/www.europesays.com\/fr\/wp-json\/wp\/v2\/users\/2"}],"replies":[{"embeddable":true,"href":"https:\/\/www.europesays.com\/fr\/wp-json\/wp\/v2\/comments?post=364430"}],"version-history":[{"count":0,"href":"https:\/\/www.europesays.com\/fr\/wp-json\/wp\/v2\/posts\/364430\/revisions"}],"wp:featuredmedia":[{"embeddable":true,"href":"https:\/\/www.europesays.com\/fr\/wp-json\/wp\/v2\/media\/364431"}],"wp:attachment":[{"href":"https:\/\/www.europesays.com\/fr\/wp-json\/wp\/v2\/media?parent=364430"}],"wp:term":[{"taxonomy":"category","embeddable":true,"href":"https:\/\/www.europesays.com\/fr\/wp-json\/wp\/v2\/categories?post=364430"},{"taxonomy":"post_tag","embeddable":true,"href":"https:\/\/www.europesays.com\/fr\/wp-json\/wp\/v2\/tags?post=364430"}],"curies":[{"name":"wp","href":"https:\/\/api.w.org\/{rel}","templated":true}]}}