{"id":364432,"date":"2025-09-04T00:02:16","date_gmt":"2025-09-04T00:02:16","guid":{"rendered":"https:\/\/www.europesays.com\/fr\/364432\/"},"modified":"2025-09-04T00:02:16","modified_gmt":"2025-09-04T00:02:16","slug":"quatre-ans-apres-auger-aliassime-retrouve-le-dernier-carre-en-grand-chelem","status":"publish","type":"post","link":"https:\/\/www.europesays.com\/fr\/364432\/","title":{"rendered":"quatre ans apr\u00e8s, Auger-Aliassime retrouve le dernier carr\u00e9 en Grand Chelem"},"content":{"rendered":"<p>En pleine r\u00e9surrection \u00e0 New York, le Canadien a \u00e9cart\u00e9 l\u2019Australien Alex de Minaur (4-6, 7-6, 7-5, 7-6) en quart de finale ce mercredi.<\/p>\n<p class=\"fig-paragraph\">F\u00e9lix Auger-Aliassime revit \u00e0 Flushing Meadows. Le 27e mondial s&rsquo;est qualifi\u00e9 mercredi pour les demi-finales de l&rsquo;US Open en \u00e9cartant difficilement Alex de Minaur (8e), un dernier carr\u00e9 o\u00f9 il pourrait retrouver\u00a0<a href=\"http:\/\/www.lefigaro.fr\/sports\/tennis\/us-open\/us-open-le-tennis-italien-se-porte-tres-bien-savoure-sinner-20250902\" data-fig-type=\"NewsFlash\" data-gtm-custom-categorie=\"navigation\" data-gtm-custom-action=\"crossclick\" data-gtm-custom-label=\"Contextuel\" data-gtm-event=\"customEventSPE\" data-fig-domain=\"LEFIGARO\" rel=\"nofollow noopener\" target=\"_blank\">Jannik Sinner<\/a>, programm\u00e9 en soir\u00e9e.<\/p>\n<p class=\"fig-paragraph\">C&rsquo;est une r\u00e9surrection pour le Canadien de 25 ans, aux abonn\u00e9s absents en Grand Chelem depuis plusieurs ann\u00e9es, vainqueur 4-6, 7-6 (9\/7), 7-5, 7-6 (7\/4). Sa seule demi-finale d&rsquo;un tournoi majeur jusqu&rsquo;ici remontait \u00e0 2021, \u00e0 New York d\u00e9j\u00e0.<\/p>\n<p>                                    <a class=\"fig-a11y-skip a11y-hidden\" href=\"#fig-a11y-skip-main-inarticle\"><br \/>\n        Passer la publicit\u00e9<br \/>\n    <\/a><\/p>\n<p class=\"fig-paragraph\">Tout comme il l&rsquo;avait fait face \u00e0 Alexander Zverev et Andrey Rublev aux tours pr\u00e9c\u00e9dents, \u00abFAA\u00bb a montr\u00e9 d&rsquo;incontestables progr\u00e8s en mati\u00e8re de gestion de ses matches. Men\u00e9 un set \u00e0 rien, puis 4-2 dans le tie-break de la deuxi\u00e8me manche, le Montr\u00e9alais a tenu bon face au tennis tentaculaire de l&rsquo;Australien de Minaur.<\/p>\n<p>\u00abFAA\u00bb meilleur dans les moments importants<\/p>\n<p class=\"fig-paragraph\">Connu pour son exceptionnelle couverture du terrain, parmi les meilleurs joueurs du monde en retour de service, le natif de Sydney a pourtant tout tent\u00e9 pour sortir Auger-Aliassime de son rythme. Avec son jeu \u00e0 plat, sa balle basse et ses coups d\u00e9clench\u00e9s tr\u00e8s rapidement, de Minaur a souvent pouss\u00e9 son adversaire \u00e0 la faute.<\/p>\n<p class=\"fig-paragraph\">Mais le Canadien a su prendre l&rsquo;ascendant dans plusieurs moments-clefs du match, n&rsquo;h\u00e9sitant pas \u00e0 se pr\u00e9senter au filet pour faire la d\u00e9cision. \u00abJ&rsquo;\u00e9tais pr\u00eat \u00e0 aller chercher loin\u00bb, a-t-il expliqu\u00e9 apr\u00e8s le match.<\/p>\n<p class=\"fig-paragraph\">Auger-Aliassime a aussi pu compter sur son service, avec notamment 22 aces, m\u00eame s&rsquo;il a aussi commis 11 double fautes. Men\u00e9 4-1 dans le quatri\u00e8me, il a une nouvelle fois recoll\u00e9 pour conclure au tie-break et s&rsquo;\u00e9viter une cinqui\u00e8me manche.<\/p>\n<p class=\"fig-paragraph\">Vendredi, \u00abFAA\u00bb sera oppos\u00e9 au vainqueur du quart de finale opposant Jannik Sinner, N.1 mondial, \u00e0 son compatriote Lorenzo Musetti (10e), pr\u00e9vu en session nocturne.<\/p>\n","protected":false},"excerpt":{"rendered":"En pleine r\u00e9surrection \u00e0 New York, le Canadien a \u00e9cart\u00e9 l\u2019Australien Alex de Minaur (4-6, 7-6, 7-5, 7-6)&hellip;\n","protected":false},"author":2,"featured_media":364433,"comment_status":"","ping_status":"","sticky":false,"template":"","format":"standard","meta":{"footnotes":""},"categories":[1415],"tags":[49902,1011,27,60,1467],"class_list":{"0":"post-364432","1":"post","2":"type-post","3":"status-publish","4":"format-standard","5":"has-post-thumbnail","7":"category-tennis","8":"tag-felix-auger-aliassime","9":"tag-fr","10":"tag-france","11":"tag-sports","12":"tag-tennis"},"share_on_mastodon":{"url":"https:\/\/pubeurope.com\/@fr\/115143097931529223","error":""},"_links":{"self":[{"href":"https:\/\/www.europesays.com\/fr\/wp-json\/wp\/v2\/posts\/364432","targetHints":{"allow":["GET"]}}],"collection":[{"href":"https:\/\/www.europesays.com\/fr\/wp-json\/wp\/v2\/posts"}],"about":[{"href":"https:\/\/www.europesays.com\/fr\/wp-json\/wp\/v2\/types\/post"}],"author":[{"embeddable":true,"href":"https:\/\/www.europesays.com\/fr\/wp-json\/wp\/v2\/users\/2"}],"replies":[{"embeddable":true,"href":"https:\/\/www.europesays.com\/fr\/wp-json\/wp\/v2\/comments?post=364432"}],"version-history":[{"count":0,"href":"https:\/\/www.europesays.com\/fr\/wp-json\/wp\/v2\/posts\/364432\/revisions"}],"wp:featuredmedia":[{"embeddable":true,"href":"https:\/\/www.europesays.com\/fr\/wp-json\/wp\/v2\/media\/364433"}],"wp:attachment":[{"href":"https:\/\/www.europesays.com\/fr\/wp-json\/wp\/v2\/media?parent=364432"}],"wp:term":[{"taxonomy":"category","embeddable":true,"href":"https:\/\/www.europesays.com\/fr\/wp-json\/wp\/v2\/categories?post=364432"},{"taxonomy":"post_tag","embeddable":true,"href":"https:\/\/www.europesays.com\/fr\/wp-json\/wp\/v2\/tags?post=364432"}],"curies":[{"name":"wp","href":"https:\/\/api.w.org\/{rel}","templated":true}]}}