{"id":364434,"date":"2025-09-04T00:03:14","date_gmt":"2025-09-04T00:03:14","guid":{"rendered":"https:\/\/www.europesays.com\/fr\/364434\/"},"modified":"2025-09-04T00:03:14","modified_gmt":"2025-09-04T00:03:14","slug":"air-france-devient-partenaire-de-la-federation-francaise-de-basketball-actualite-aeronautique","status":"publish","type":"post","link":"https:\/\/www.europesays.com\/fr\/364434\/","title":{"rendered":"Air France devient partenaire de la F\u00e9d\u00e9ration Fran\u00e7aise de BasketBall &#8211; Actualit\u00e9 a\u00e9ronautique"},"content":{"rendered":"<p class=\"subtitle\">Article publi\u00e9 le 3 septembre 2025 par David Dagouret<\/p>\n<p>Dans le cadre de cet accord, la compagnie devient pour une dur\u00e9e de deux ans le transporteur officiel des Equipes de France masculine et f\u00e9minine lors de leurs d\u00e9placements internationaux pour des comp\u00e9titions.<\/p>\n<p>Air France a d\u00e9voil\u00e9 un nouveau partenariat in\u00e9dit avec les \u00c9quipes de France de basketball et la F\u00e9d\u00e9ration Fran\u00e7aise de BasketBall (FFBB). Dans le cadre de cet accord, la compagnie devient pour une dur\u00e9e de deux ans le transporteur officiel des Equipes de France masculine et f\u00e9minine lors de leurs d\u00e9placements internationaux pour des comp\u00e9titions.<\/p>\n<p>Un an apr\u00e8s les Jeux Olympiques et Paralympiques de Paris 2024 &#8211; dont Air France \u00e9tait partenaire officiel, ce nouvel accord vient souligner l\u2019attachement de la compagnie aux valeurs du sport et sa volont\u00e9 de soutenir les athl\u00e8tes tricolores. Une nouvelle occasion de porter haut les couleurs de la France et d\u2019accompagner les plus grands talents de la discipline qui \u00e9voluent dans les plus grandes \u00e9quipes mondiales.<\/p>\n<p>Ce partenariat a d\u00e9but\u00e9, quelques jours avant le coup d\u2019envoi de la 42e \u00e9dition de l\u2019EuroBasket, le Championnat d\u2019Europe masculin de basketball, qui se tient en Lettonie, \u00e0 Chypre, en Finlande et en Pologne du 27 ao\u00fbt au 14 septembre 2025.<\/p>\n<p>Pour l\u2019\u00e9quipe de France f\u00e9minine, la prochaine \u00e9ch\u00e9ance internationale n\u2019est autre que la Coupe du Monde de basketball, qui se tiendra en Allemagne du 4 au 13 septembre 2026.<\/p>\n<p>Dans le cadre de ce partenariat, les clients voyageant \u00e0 bord des vols long-courriers d\u2019Air France pourront prochainement d\u00e9couvrir une s\u00e9lection de contenus vid\u00e9o produits par la F\u00e9d\u00e9ration Fran\u00e7aise de BasketBall.<\/p>\n<p>Au programme : coulisses des entra\u00eenements et des comp\u00e9titions, portraits de joueuses et joueurs, moments forts&#8230; L\u2019occasion pour les fans comme pour les n\u00e9ophytes de plonger dans l\u2019univers du basketball fran\u00e7ais, \u00e0 10 000 m\u00e8tres au-dessus des terrains.<\/p>\n<p><strong>Fabien Pelous, Directeur de l\u2019Exp\u00e9rience Client, Air France a d\u00e9clar\u00e9 :<\/strong> \u00ab\u00a0Dans la continuit\u00e9 de l\u2019accueil r\u00e9serv\u00e9 aux athl\u00e8tes et aux supporters lors des Jeux de Paris 2024, nous sommes tr\u00e8s fiers d\u2019accompagner l\u2019\u00e9quipe de France de basketball pour les deux prochaines ann\u00e9es, qui s\u2019annoncent riches en d\u00e9fis. Les sportifs tricolores sont des ambassadeurs de notre pays et les accompagner sur la sc\u00e8ne internationale s\u2019inscrit parfaitement dans notre volont\u00e9 de faire rayonner le meilleur de la France \u00e0 travers le monde.\u00a0\u00bb<\/p>\n<p><strong>Jean-Pierre Hunckler, Pr\u00e9sident de la F\u00e9d\u00e9ration Fran\u00e7aise de BasketBall a d\u00e9clar\u00e9 :<\/strong><strong> <\/strong>\u00ab\u00a0Je suis tr\u00e8s heureux d\u2019accueillir Air France en tant que transporteur officiel de nos Equipes de France de basketball. Gr\u00e2ce \u00e0 la qualit\u00e9 des services de cette compagnie et au professionnalisme de ses personnels, nos joueuses et joueurs pourront, j\u2019en suis persuad\u00e9, voyager dans les meilleures conditions pour d\u00e9fendre les couleurs de la France partout dans le monde.\u00a0\u00bb<\/p>\n<p><img loading=\"lazy\" decoding=\"async\" src=\"https:\/\/www.europesays.com\/fr\/wp-content\/uploads\/2025\/06\/9168.jpg\" alt=\"af\" width=\"600\" height=\"400\" style=\"border:0px solid;\" \/><\/p>\n<p>  Sur le m\u00eame sujet<\/p>\n","protected":false},"excerpt":{"rendered":"Article publi\u00e9 le 3 septembre 2025 par David Dagouret Dans le cadre de cet accord, la compagnie devient&hellip;\n","protected":false},"author":2,"featured_media":198665,"comment_status":"","ping_status":"","sticky":false,"template":"","format":"standard","meta":{"footnotes":""},"categories":[1414],"tags":[47,296,30397,30398,7182,13796,1465,1464,17318,30399,9919,11821,341,30400,5556,1011,27,30401,30402,1031,60],"class_list":{"0":"post-364434","1":"post","2":"type-post","3":"status-publish","4":"format-standard","5":"has-post-thumbnail","7":"category-basket","8":"tag-actualite","9":"tag-aeronautique","10":"tag-aeroweb","11":"tag-aeroweb-fr-net","12":"tag-aviation","13":"tag-avions","14":"tag-basket","15":"tag-basketball","16":"tag-compagnies-aeriennes","17":"tag-constructeurs-aeronautiques","18":"tag-cv","19":"tag-dossiers","20":"tag-emploi","21":"tag-fiches-techniques","22":"tag-forum","23":"tag-fr","24":"tag-france","25":"tag-histoire-de-laeronautique","26":"tag-histoire-de-laviation","27":"tag-magazine","28":"tag-sports"},"share_on_mastodon":{"url":"https:\/\/pubeurope.com\/@fr\/115143102097968344","error":""},"_links":{"self":[{"href":"https:\/\/www.europesays.com\/fr\/wp-json\/wp\/v2\/posts\/364434","targetHints":{"allow":["GET"]}}],"collection":[{"href":"https:\/\/www.europesays.com\/fr\/wp-json\/wp\/v2\/posts"}],"about":[{"href":"https:\/\/www.europesays.com\/fr\/wp-json\/wp\/v2\/types\/post"}],"author":[{"embeddable":true,"href":"https:\/\/www.europesays.com\/fr\/wp-json\/wp\/v2\/users\/2"}],"replies":[{"embeddable":true,"href":"https:\/\/www.europesays.com\/fr\/wp-json\/wp\/v2\/comments?post=364434"}],"version-history":[{"count":0,"href":"https:\/\/www.europesays.com\/fr\/wp-json\/wp\/v2\/posts\/364434\/revisions"}],"wp:featuredmedia":[{"embeddable":true,"href":"https:\/\/www.europesays.com\/fr\/wp-json\/wp\/v2\/media\/198665"}],"wp:attachment":[{"href":"https:\/\/www.europesays.com\/fr\/wp-json\/wp\/v2\/media?parent=364434"}],"wp:term":[{"taxonomy":"category","embeddable":true,"href":"https:\/\/www.europesays.com\/fr\/wp-json\/wp\/v2\/categories?post=364434"},{"taxonomy":"post_tag","embeddable":true,"href":"https:\/\/www.europesays.com\/fr\/wp-json\/wp\/v2\/tags?post=364434"}],"curies":[{"name":"wp","href":"https:\/\/api.w.org\/{rel}","templated":true}]}}