{"id":364437,"date":"2025-09-04T00:05:16","date_gmt":"2025-09-04T00:05:16","guid":{"rendered":"https:\/\/www.europesays.com\/fr\/364437\/"},"modified":"2025-09-04T00:05:16","modified_gmt":"2025-09-04T00:05:16","slug":"nassourdine-imavov-devrait-me-remercier-caio-borralho-avant-lufc-paris-lequipe","status":"publish","type":"post","link":"https:\/\/www.europesays.com\/fr\/364437\/","title":{"rendered":"\u00ab Nassourdine Imavov devrait me remercier \u00bb : Caio Borralho avant l&#039;UFC Paris &#8211; L&#039;\u00c9quipe"},"content":{"rendered":"<ol>\n<li><a href=\"https:\/\/news.google.com\/rss\/articles\/CBMi7AFBVV95cUxQN3JmR0FqRGIzdmFpMllLUk9KR3ZOTGxBWWV0MWNmeVo2ZDRHSDdBTDdIdDhSUEROMDh6UWJPM3V6Mm13aVRBS1haenFUc1phcThVNFVkSTZsbnNPLTRwMDVONHdnYlBGUWlpMkFmNUhpOEhoUENseXJnb2g2RXg5d2xZSUU3TWxqOW5OZzgtLVNPMEZJZlZkRnp2bUhGTjB3RkNMSXdYb1lOdUVUdnVzRXlmMG8ybnNlN04xcGFiMzUxMnFueUFKUjJraE8xVEttaFZZSEM0Tkw1SDl5dTJNS3JsS2FEOUJCcHRoSg?oc=5\" target=\"_blank\" rel=\"nofollow noopener\">\u00ab Nassourdine Imavov devrait me remercier \u00bb : Caio Borralho avant l&rsquo;UFC Paris<\/a>&nbsp;&nbsp;L&rsquo;\u00c9quipe<\/li>\n<li><a href=\"https:\/\/news.google.com\/rss\/articles\/CBMiywFBVV95cUxQRERUZmpEN1h5QTFXSEl6N0lXVTJiWkVSLUoyUEhybXlqMlNiM1I3d0luWnVBd1B4MGl2Z1gwNVhBTWYzc1BZbWhtVTdpRFk3UUVyOEFGTGgxRE5iNE8wWHhXMVNOamJqRjl1X05pQ3l6ci0tSG9PX3RwZ09SQmdlRmhYVksxNmw4ZjFjWTVLNTEtTW5BU3A0akRnZm45ai1RTEV6S3Z0SVp1Y0JqZjYxQ3lLU1hKRFFaVTZwREFQOGpldHNZeUpYQWpob9IBygFBVV95cUxPUHFBd1h4aXdMR3cyNXNJdy1xVGpqZnJXMXlvNmxOWVNKUUU4Uk91dnFUSlRUQUk4TDRXQ3VNaUU5a0hDSGlqSk5sbFhyaG5pUkZJdFRNYWVKcW9RclVKUHlmQy1NVGUwNmU1ekJKQW54MGNjRnk1WXB4aW0zM1JRQVEzODItWjhlei1ZUjhZUnhqOUNnTHE4YTRfVGVPYXYyMzFnTlFfblBTZHphU3lTNjJyTWxZdUFrR01FRjNlYTd3U2lRRGU3bHln?oc=5\" target=\"_blank\" rel=\"nofollow noopener\">UFC : Imavov pr\u00e9dit un K-O \u00e9clair face \u00e0 Borralho<\/a>&nbsp;&nbsp;Orange Actualit\u00e9s | Sports<\/li>\n<li><a href=\"https:\/\/news.google.com\/rss\/articles\/CBMi5gFBVV95cUxQelkzemp3TE5qUHZUNmNodFlaYmZ6bTFEQW9kd2JIWlo2aGdUelFQb3BFZ1A3LXNrdHdfalR1N05hYmNzaGZZSnVHOHRQT0xhU3Z0Z3VBQlVqT3lCSUtlZ2xGeXRPandQSHQwR2h1Z1lmWlBXZlh4SGMxNE1NRkpZM3RESmJxU0VMdGRTdFVRTEJuWHQ1MmxzcUlEeHZOdE5ZTUcxOUpsRU1TYzNKd2VYNzQ2RkdVN2F4Ui12V0c2djZHdHZnOGJmdENsLURzWTN3MU1qOVdrTEZ0VUVIaXRfZ3loWjA1Zw?oc=5\" target=\"_blank\" rel=\"nofollow noopener\">UFC Paris 4. Programme, horaires, carte, diffusion\u2026 Tout savoir des combats d\u2019Imavov et Saint-Denis<\/a>&nbsp;&nbsp;Ouest-France<\/li>\n<li><a href=\"https:\/\/news.google.com\/rss\/articles\/CBMipwFBVV95cUxOQ3FRRHFaYUJJNkdaaTg1U1NTUUpXaFFnN3VHM3l5TTA5NmNLVWRLSVhqLTBucnhpWlBmQzN5dU9vVmdRcmc4S1lmWG1EQnYtZ3dvb3RDUEpjN2VJQ3BCS3hmQk5fek9oZ1JUeE1uX09mOHlHelFOSFAwRlYxRHVVb1hUVnloSjNoTC02VXZWc1R4eU1VcWdTekVzS1FGXzZNRFBOOTRlVdIBrAFBVV95cUxOZ1V2aTFkelIzOGU0MzE1TmF4RU1CNEN4UWdFN3A0T3BYc2ZxTXVReV9WQlpKZlpjeXZsQjdWY0pXU05HY291OTZZNnBJODQxeHh2T3g1eG5rVUFhTV9TS3lqUERTdTNjcFVtZFRUTkFTZVJTOU12VFo1eVZFMzhHOU1PbnRqYXowSVhPQjdDekZWR2FydDY0UHFpV01UMW5CNy1mTHNEQWtnVE92?oc=5\" target=\"_blank\" rel=\"nofollow noopener\">UFC Paris 4 : combats, lieu, TV&#8230; Tout savoir sur l\u2019\u00e9v\u00e9nement MMA<\/a>&nbsp;&nbsp;CNews<\/li>\n<li><a href=\"https:\/\/news.google.com\/rss\/articles\/CBMikAJBVV95cUxNTERsOThDVC03MmVsTzdGSDVQNVZqNlp2QWRTSTYtTWFublR0alcyOHVBVWNaeFhlcGhSVm45MDlhRTQyeURFUXR0NTY1MldDb3YtSGdGOGdSSzhmWEIwbnN3TmxYTHFUa1FtQ0xLTWFfXzJtT1lTX1lZQnJUb05vNTZ2THl3T1ZObzJ5V1hJa25zcFFvSGVRR2lGTllGbHMwQzNldUZubUZVX1NnY09RbXRtSmFqS1YwR0Vjb1oxbDFOWjc3RjZKMGtGNVdjMUVzZHU3b0pjRFd3aXNfZTNVaU9UUE15S01YV25HdHpJeDBINmRRNzh4SHg2b2VuRE1FUWVLUnZtWmppUmNkTDVFMA?oc=5\" target=\"_blank\" rel=\"nofollow noopener\">UFC Paris 2025: la r\u00e9ponse ferme de Fernand Lopez aux critiques sur la pr\u00e9sence de Caio Borralho au MMA Factory<\/a>&nbsp;&nbsp;RMC Sport<\/li>\n<\/ol>\n","protected":false},"excerpt":{"rendered":"\u00ab Nassourdine Imavov devrait me remercier \u00bb : Caio Borralho avant l&rsquo;UFC Paris&nbsp;&nbsp;L&rsquo;\u00c9quipe UFC : Imavov pr\u00e9dit un&hellip;\n","protected":false},"author":2,"featured_media":364438,"comment_status":"","ping_status":"","sticky":false,"template":"","format":"standard","meta":{"footnotes":""},"categories":[1412],"tags":[1451,1452,1453,1454,1455,1011,27,60],"class_list":{"0":"post-364437","1":"post","2":"type-post","3":"status-publish","4":"format-standard","5":"has-post-thumbnail","7":"category-f1","8":"tag-f1","9":"tag-formula-1","10":"tag-formula1","11":"tag-formule-1","12":"tag-formule1","13":"tag-fr","14":"tag-france","15":"tag-sports"},"share_on_mastodon":{"url":"https:\/\/pubeurope.com\/@fr\/115143109756872705","error":""},"_links":{"self":[{"href":"https:\/\/www.europesays.com\/fr\/wp-json\/wp\/v2\/posts\/364437","targetHints":{"allow":["GET"]}}],"collection":[{"href":"https:\/\/www.europesays.com\/fr\/wp-json\/wp\/v2\/posts"}],"about":[{"href":"https:\/\/www.europesays.com\/fr\/wp-json\/wp\/v2\/types\/post"}],"author":[{"embeddable":true,"href":"https:\/\/www.europesays.com\/fr\/wp-json\/wp\/v2\/users\/2"}],"replies":[{"embeddable":true,"href":"https:\/\/www.europesays.com\/fr\/wp-json\/wp\/v2\/comments?post=364437"}],"version-history":[{"count":0,"href":"https:\/\/www.europesays.com\/fr\/wp-json\/wp\/v2\/posts\/364437\/revisions"}],"wp:featuredmedia":[{"embeddable":true,"href":"https:\/\/www.europesays.com\/fr\/wp-json\/wp\/v2\/media\/364438"}],"wp:attachment":[{"href":"https:\/\/www.europesays.com\/fr\/wp-json\/wp\/v2\/media?parent=364437"}],"wp:term":[{"taxonomy":"category","embeddable":true,"href":"https:\/\/www.europesays.com\/fr\/wp-json\/wp\/v2\/categories?post=364437"},{"taxonomy":"post_tag","embeddable":true,"href":"https:\/\/www.europesays.com\/fr\/wp-json\/wp\/v2\/tags?post=364437"}],"curies":[{"name":"wp","href":"https:\/\/api.w.org\/{rel}","templated":true}]}}