{"id":364440,"date":"2025-09-04T00:07:16","date_gmt":"2025-09-04T00:07:16","guid":{"rendered":"https:\/\/www.europesays.com\/fr\/364440\/"},"modified":"2025-09-04T00:07:16","modified_gmt":"2025-09-04T00:07:16","slug":"fc-nantes-johann-lepenant-lelement-cle-de-luis-castro-dans-lentrejeu","status":"publish","type":"post","link":"https:\/\/www.europesays.com\/fr\/364440\/","title":{"rendered":"FC Nantes. Johann Lepenant, l\u2019\u00e9l\u00e9ment cl\u00e9 de Luis Castro dans l\u2019entrejeu ?"},"content":{"rendered":"<p data-start=\"308\" data-end=\"651\">Parmi les hommes forts du succ\u00e8s face \u00e0 Auxerre samedi apr\u00e8s-midi, Johann Lepenant a r\u00e9gn\u00e9 en ma\u00eetre dans l\u2019entrejeu. Des projections gagnantes, une application d\u00e9fensive remarqu\u00e9e et des courses r\u00e9p\u00e9t\u00e9es, de quoi mettre \u00e0 mal K\u00e9vin Danois, un autre coureur de fond de notre Ligue 1, mais qui n\u2019a pas vu le jour face au pressing de Lepenant.<\/p>\n<p data-start=\"653\" data-end=\"963\">Parmi les trois postes du milieu de terrain, seul Johann Lepenant a figur\u00e9 dans le onze lors des trois premi\u00e8res journ\u00e9es. Kwon a \u00e9t\u00e9 titularis\u00e9 lors de la J1 face \u00e0 Paris avant que Coquelin ne prenne le relais, et Louis Leroux a \u00e9t\u00e9 remplac\u00e9 par Hong face \u00e0 Auxerre \u00e0 la suite de deux matchs en d\u00e9licatesse.<\/p>\n<p data-start=\"965\" data-end=\"1317\">Il faut bien dire que le profil de Lepenant correspond parfaitement \u00e0 ce qu\u2019attend Luis Castro dans son entrejeu. Un profil similaire \u00e0 Enzo Bardeli \u00e0 Dunkerque la saison pass\u00e9e. Capable de projections balle au pied, de courses \u00e0 haute intensit\u00e9 tr\u00e8s r\u00e9currentes qui permettent de maintenir une pression sur les premiers relanceurs du milieu adverse.<\/p>\n<p>Un r\u00f4le plus adapt\u00e9 \u00e0 ses qualit\u00e9s ?<\/p>\n<p data-start=\"1319\" data-end=\"1717\">Pourtant Johann Lepenant revient de loin. La saison pass\u00e9e avec les Canaris, il avait quelque peu disparu sur la seconde partie de saison, moins clinquant qu\u2019en d\u00e9but d\u2019exercice. Il faut aussi dire que dans ce fameux r\u00f4le de 8\/10 il se pla\u00eet plus qu\u2019en tant que num\u00e9ro 6 de soutien, le poste que lui avait confi\u00e9 Antoine Kombouar\u00e9 \u00e0 partir de l\u2019automne.<\/p>\n<p data-start=\"1719\" data-end=\"1931\">L\u2019Euro Espoirs lui a fait du bien en juin dernier, o\u00f9 il a fait partie des meilleurs Bleuets dans un r\u00f4le plus offensif. De quoi revenir de bien belle fa\u00e7on avec les Canaris cette saison, o\u00f9 il va \u00eatre attendu.<\/p>\n","protected":false},"excerpt":{"rendered":"Parmi les hommes forts du succ\u00e8s face \u00e0 Auxerre samedi apr\u00e8s-midi, Johann Lepenant a r\u00e9gn\u00e9 en ma\u00eetre dans&hellip;\n","protected":false},"author":2,"featured_media":330857,"comment_status":"","ping_status":"","sticky":false,"template":"","format":"standard","meta":{"footnotes":""},"categories":[1410],"tags":[63,1011,27,60],"class_list":{"0":"post-364440","1":"post","2":"type-post","3":"status-publish","4":"format-standard","5":"has-post-thumbnail","7":"category-football","8":"tag-football","9":"tag-fr","10":"tag-france","11":"tag-sports"},"share_on_mastodon":{"url":"https:\/\/pubeurope.com\/@fr\/115143117687246714","error":""},"_links":{"self":[{"href":"https:\/\/www.europesays.com\/fr\/wp-json\/wp\/v2\/posts\/364440","targetHints":{"allow":["GET"]}}],"collection":[{"href":"https:\/\/www.europesays.com\/fr\/wp-json\/wp\/v2\/posts"}],"about":[{"href":"https:\/\/www.europesays.com\/fr\/wp-json\/wp\/v2\/types\/post"}],"author":[{"embeddable":true,"href":"https:\/\/www.europesays.com\/fr\/wp-json\/wp\/v2\/users\/2"}],"replies":[{"embeddable":true,"href":"https:\/\/www.europesays.com\/fr\/wp-json\/wp\/v2\/comments?post=364440"}],"version-history":[{"count":0,"href":"https:\/\/www.europesays.com\/fr\/wp-json\/wp\/v2\/posts\/364440\/revisions"}],"wp:featuredmedia":[{"embeddable":true,"href":"https:\/\/www.europesays.com\/fr\/wp-json\/wp\/v2\/media\/330857"}],"wp:attachment":[{"href":"https:\/\/www.europesays.com\/fr\/wp-json\/wp\/v2\/media?parent=364440"}],"wp:term":[{"taxonomy":"category","embeddable":true,"href":"https:\/\/www.europesays.com\/fr\/wp-json\/wp\/v2\/categories?post=364440"},{"taxonomy":"post_tag","embeddable":true,"href":"https:\/\/www.europesays.com\/fr\/wp-json\/wp\/v2\/tags?post=364440"}],"curies":[{"name":"wp","href":"https:\/\/api.w.org\/{rel}","templated":true}]}}