{"id":364441,"date":"2025-09-04T00:08:11","date_gmt":"2025-09-04T00:08:11","guid":{"rendered":"https:\/\/www.europesays.com\/fr\/364441\/"},"modified":"2025-09-04T00:08:11","modified_gmt":"2025-09-04T00:08:11","slug":"vous-pouvez-trouver-ca-fou-celine-dion-proprietaire-dun-lieu-atypique-dans-lequel-elle-ne-vit-pas-contrairement-a-ses-10-000-protegees","status":"publish","type":"post","link":"https:\/\/www.europesays.com\/fr\/364441\/","title":{"rendered":"\u00ab\u00a0Vous pouvez trouver \u00e7a fou\u00a0\u00bb : C\u00e9line Dion propri\u00e9taire d&rsquo;un lieu atypique dans lequel elle ne vit pas, contrairement \u00e0 ses 10 000 prot\u00e9g\u00e9es"},"content":{"rendered":"<p>            <img loading=\"lazy\" decoding=\"async\" src=\"https:\/\/www.europesays.com\/fr\/wp-content\/uploads\/2025\/04\/121-62909a850c1a7-35x35-1.jpg\" class=\"author-article-picture\" width=\"35\" height=\"35\"\/><\/p>\n<p>                Par<br \/>\n                                    <a class=\"author-article-bio-link\" href=\"https:\/\/www.purepeople.com\/auteur\/bertrand-bielle_a121\" rel=\"nofollow noopener\" target=\"_blank\">Bertrand Bielle<\/a><br \/>\n                                                    | Journaliste<\/p>\n<p>\n                Curieux de nature, Bertrand est toujours \u00e0 l\u2019affut du moindre petit scoop. Passionn\u00e9 par le football, il n\u2019est jamais bien loin du ballon rond et de toutes les actualit\u00e9s qui en d\u00e9coulent. Toutefois, l\u2019\u00e9v\u00e8nementiel du showbiz ou de la politique fait \u00e9galement partie de ses recherches journalistiques privil\u00e9gi\u00e9es.\n            <\/p>\n<p>\n    C\u00e9line Dion poss\u00e8de un lieu atypique dans lequel elle ne vit pas. Pourtant, ce sont 10 000 de ses prot\u00e9g\u00e9es qui y trouvent place. Un espace insolite qui laisse entrevoir une facette inattendue de la star, loin des projecteurs et de sa vie publique.\n<\/p>\n<p>                            <img loading=\"lazy\" decoding=\"async\" class=\"player-thumbnail\" src=\"https:\/\/www.europesays.com\/fr\/wp-content\/uploads\/2025\/09\/b52fa248e5a79878-580x326-1.jpg\" width=\"580\" height=\"326\"\/><\/p>\n<p>                    \u00ab\u00a0Vous pouvez trouver \u00e7a fou\u00a0\u00bb : C\u00e9line Dion propri\u00e9taire d&rsquo;un lieu atypique dans lequel elle ne vit pas, contrairement \u00e0 ses 10 000 prot\u00e9g\u00e9es<\/p>\n<p>La suite apr\u00e8s la publicit\u00e9<\/p>\n<p>Ce mercredi 3 septembre 2025, \u00e0 21h10, M6 diffuse C\u00e9line Dion raconte D&rsquo;eux, une \u00e9mission dans laquelle la star canadienne revient sur ce projet fou<a href=\"https:\/\/www.purepeople.com\/article\/celine-dion-fait-un-retour-remarque-jean-jacques-goldman-na-pas-souhaite-apparaitre-dans-le-documentaire-mais_a541855\/1\" rel=\"nofollow noopener\" target=\"_blank\"> avec Jean-Jacques Goldman :<\/a> \u00e9coul\u00e9 \u00e0 1,5 million d&rsquo;exemplaires dans l\u2019hexagone six mois apr\u00e8s sa sortie, il est aujourd\u2019hui l&rsquo;album francophone le plus vendu de l&rsquo;histoire dans le monde. Un disque aux ventes records qui a d\u00e9finitivement lanc\u00e9 sa carri\u00e8re en France, en 1995.<\/p>\n<p>La suite, vous la connaissez. En revanche, saviez-vous que la maman de <a href=\"https:\/\/www.purepeople.com\/article\/joyeux-30e-anniversaire-mon-amour-rene-charles-eddy-et-nelson-se-joignent-a-celine-dion-pour-feter-un-anniversaire-un-peu-particulier_a532327\/1\" rel=\"nofollow noopener\" target=\"_blank\">Ren\u00e9-Charles, Nelson et Eddy<\/a> <strong>poss\u00e8de <\/strong><a href=\"https:\/\/www.purepeople.com\/article\/celine-dion-l-histoire-derriere-ses-chaussures-excentriques-qui-font-le-buzz_a366596\/1\" rel=\"nofollow noopener\" target=\"_blank\"><strong>10\u00a0000\u00a0paires de chaussures <\/strong><\/a><strong>et qu&rsquo;elle a r\u00e9serv\u00e9 tout un entrep\u00f4t pour les ranger <\/strong>? Une anecdote assez insolite, en marge de sa carri\u00e8re de chanteuse, qui m\u00e9rite toutefois une certaine attention : elle dit beaucoup sur l\u2019univers personnel de <a href=\"https:\/\/www.purepeople.com\/people\/celine-dion_p53\" rel=\"nofollow noopener\" target=\"_blank\">C\u00e9line Dion<\/a>, ses petites manies et ce qui fa\u00e7onne son quotidien loin des projecteurs.<\/p>\n<p>Dans un \u00e9pisode du Carpool Karaok\u00e9 aux c\u00f4t\u00e9s de l&rsquo;animateur James Corden, en 2019, <strong>elle avait confi\u00e9 avoir fait l&rsquo;acquisition d&rsquo;un entrep\u00f4t \u00e0 Las Vegas dans lequel elle conserve toutes ses pairesde chaussures<\/strong>. Jusqu&rsquo;ici, celles-ci \u00e9taient install\u00e9es dans l&rsquo;immense dressing de sa villa de Jupiter Island en Floride, vendue en 2017 : \u00ab\u00a0Elles \u00e9taient toutes class\u00e9es par couleur, donc il suffisait que je presse un bouton sur une tablette num\u00e9rique et elles apparaissaient devant mes yeux.\u00a0\u00bb<\/p>\n<p>C\u00e9line Dion, f\u00e9rue de mode, livre ses confidences<\/p>\n<p>\u00ab\u00a0Chaque paire que je poss\u00e8de m&rsquo;a men\u00e9e \u00e0 l\u00e0 o\u00f9 j&rsquo;en suis aujourd&rsquo;hui.\u00a0Elles m&rsquo;ont accompagn\u00e9e dans chaque \u00e9tape de ma vie et j&rsquo;y suis tr\u00e8s attach\u00e9e\u00a0\u00bb, avait-elle \u00e9galement d\u00e9clar\u00e9 \u00e0 ce sujet, cette fois-ci pour le magazine Women&rsquo;s Wear Daily.\u00a0\u00ab\u00a0<strong>Vous pouvez trouver \u00e7a fou.\u00a0Je conserve tout, je continue juste d&rsquo;acheter un plus grand espace<\/strong>.\u00a0\u00bb<\/p>\n<p>Plus globalement, C\u00e9line Dion est une <a href=\"https:\/\/www.purepeople.com\/article\/celine-dion-en-10-tenues-incroyables-2020-une-nouvelle-annee-mode_a413021\/1\" rel=\"nofollow noopener\" target=\"_blank\">grande adepte de la mode<\/a>. \u00ab\u00a0Je consid\u00e8re la mode comme un art, et c&rsquo;est une part tr\u00e8s importante de mon travail, notamment sur sc\u00e8ne. Les v\u00eatements vous aident \u00e0 vous sentir forte, romantique, conqu\u00e9rante, selon les chansons que l&rsquo;on doit interpr\u00e9ter\u00a0\u00bb, avait-elle indiqu\u00e9 lors d&rsquo;une interview accord\u00e9e au magazine ELLE.<\/p>\n<p>Et d&rsquo;ajouter : \u00ab\u00a0Je\u00a0me dis que mon exemple peut montrer qu&rsquo;on peut \u00eatre artiste et aussi m\u00e8re, adorer la mode, s&rsquo;amuser, mais sans faire de trop grosses folies&#8230; Je ne dirais pas que je me fiche de ce qu&rsquo;on pense de moi, mais au point o\u00f9 j&rsquo;en suis de ma vie, je crois que je peux me permettre de prendre des d\u00e9cisions et d&rsquo;assumer mes choix.\u00a0\u00bb Une C\u00e9line Dion que rien n&rsquo;arr\u00eate, donc.<\/p>\n","protected":false},"excerpt":{"rendered":"Par Bertrand Bielle | Journaliste Curieux de nature, Bertrand est toujours \u00e0 l\u2019affut du moindre petit scoop. Passionn\u00e9&hellip;\n","protected":false},"author":2,"featured_media":364442,"comment_status":"","ping_status":"","sticky":false,"template":"","format":"standard","meta":{"footnotes":""},"categories":[1359],"tags":[58,59,1011,27,973],"class_list":{"0":"post-364441","1":"post","2":"type-post","3":"status-publish","4":"format-standard","5":"has-post-thumbnail","7":"category-people","8":"tag-divertissement","9":"tag-entertainment","10":"tag-fr","11":"tag-france","12":"tag-people"},"share_on_mastodon":{"url":"https:\/\/pubeurope.com\/@fr\/115143121930394674","error":""},"_links":{"self":[{"href":"https:\/\/www.europesays.com\/fr\/wp-json\/wp\/v2\/posts\/364441","targetHints":{"allow":["GET"]}}],"collection":[{"href":"https:\/\/www.europesays.com\/fr\/wp-json\/wp\/v2\/posts"}],"about":[{"href":"https:\/\/www.europesays.com\/fr\/wp-json\/wp\/v2\/types\/post"}],"author":[{"embeddable":true,"href":"https:\/\/www.europesays.com\/fr\/wp-json\/wp\/v2\/users\/2"}],"replies":[{"embeddable":true,"href":"https:\/\/www.europesays.com\/fr\/wp-json\/wp\/v2\/comments?post=364441"}],"version-history":[{"count":0,"href":"https:\/\/www.europesays.com\/fr\/wp-json\/wp\/v2\/posts\/364441\/revisions"}],"wp:featuredmedia":[{"embeddable":true,"href":"https:\/\/www.europesays.com\/fr\/wp-json\/wp\/v2\/media\/364442"}],"wp:attachment":[{"href":"https:\/\/www.europesays.com\/fr\/wp-json\/wp\/v2\/media?parent=364441"}],"wp:term":[{"taxonomy":"category","embeddable":true,"href":"https:\/\/www.europesays.com\/fr\/wp-json\/wp\/v2\/categories?post=364441"},{"taxonomy":"post_tag","embeddable":true,"href":"https:\/\/www.europesays.com\/fr\/wp-json\/wp\/v2\/tags?post=364441"}],"curies":[{"name":"wp","href":"https:\/\/api.w.org\/{rel}","templated":true}]}}