{"id":364443,"date":"2025-09-04T00:09:18","date_gmt":"2025-09-04T00:09:18","guid":{"rendered":"https:\/\/www.europesays.com\/fr\/364443\/"},"modified":"2025-09-04T00:09:18","modified_gmt":"2025-09-04T00:09:18","slug":"anne-solene-rolland-prend-la-tete-de-linha","status":"publish","type":"post","link":"https:\/\/www.europesays.com\/fr\/364443\/","title":{"rendered":"Anne-Sol\u00e8ne Rolland prend la t\u00eate de l\u2019INHA"},"content":{"rendered":"<p>Le poste de directeur g\u00e9n\u00e9ral de l\u2019<a href=\"https:\/\/www.lejournaldesarts.fr\/lieu\/inha-5902\" title=\"Lire la notice sur l&#039;INHA\" rel=\"nofollow noopener\" target=\"_blank\">Institut national d\u2019histoire de l\u2019art<\/a> (INHA), vacant depuis le 24 juillet 2025, a \u00e9t\u00e9 (rapidement) pourvu par la nomination d\u2019<a href=\"https:\/\/www.lejournaldesarts.fr\/personnalite\/anne-solene-rolland-669\" title=\"Lire la notice biographique d&#039;Anne-Sol\u00e8ne Rolland\" rel=\"nofollow noopener\" target=\"_blank\">Anne-Sol\u00e8ne Rolland<\/a> (43 ans). D\u00e9sign\u00e9e conjointement par le minist\u00e8re de l\u2019Enseignement sup\u00e9rieur et de la Recherche et \u00a0le minist\u00e8re de la Culture, elle a pris ses fonctions le 1er septembre 2025.<\/p>\n<p>Ancienne \u00e9l\u00e8ve de l\u2019\u00c9cole normale sup\u00e9rieure, o\u00f9 elle a \u00e9tudi\u00e9 les langues et litt\u00e9ratures germaniques, et de l\u2019Institut national du patrimoine, elle est conservatrice du patrimoine. Sa carri\u00e8re a d\u00e9but\u00e9 en 2007 au Mus\u00e9e du quai Branly comme responsable des collections textiles, avant d\u2019y revenir en 2022 en tant que <a href=\"https:\/\/www.lejournaldesarts.fr\/patrimoine\/anne-solene-rolland-quitte-la-rue-de-valois-pour-le-quai-branly-160025\" title=\"Anne-Sol\u00e8ne Rolland quitte la Rue de Valois pour le Quai Branly\" rel=\"nofollow noopener\" target=\"_blank\">directrice du patrimoine et des collections<\/a>, poste qu\u2019elle occupait jusqu\u2019\u00e0 pr\u00e9sent.\u00a0<\/p>\n<p>Elle a exerc\u00e9 au minist\u00e8re de la Culture, d\u2019abord comme conseill\u00e8re patrimoine au cabinet de Fr\u00e9d\u00e9ric Mitterrand en 2010, puis comme <a href=\"https:\/\/www.lejournaldesarts.fr\/actualites\/anne-solene-rolland-conservatrice-du-patrimoine-une-directrice-pour-le-service-des\" title=\"Anne-Sol\u00e8ne Rolland, conservatrice du patrimoine : une \u00ab directrice \u00bb pour le service des Mus\u00e9es de France\" rel=\"nofollow noopener\" target=\"_blank\">cheffe du service des mus\u00e9es de France<\/a> de 2019 \u00e0 2022. Entretemps, elle a \u00e9t\u00e9 secr\u00e9taire g\u00e9n\u00e9rale du Mus\u00e9e national de l\u2019histoire de l\u2019immigration, puis de 2013 \u00e0 2019, conseill\u00e8re du pr\u00e9sident-directeur du Louvre pour l\u2019action territoriale.\u00a0<\/p>\n<p>L\u2019Institut national d\u2019histoire de l\u2019art (INHA), cr\u00e9\u00e9 en 2001 et install\u00e9 \u00e0 Paris dans l\u2019H\u00f4tel de Rohan-Soubise, est un \u00e9tablissement public d\u00e9di\u00e9 \u00e0 la recherche et \u00e0 la valorisation de l\u2019histoire de l\u2019art et du patrimoine. Il accompagne chercheurs et \u00e9tudiants, coordonne des programmes scientifiques nationaux et internationaux et g\u00e8re l\u2019une des plus importantes biblioth\u00e8ques d\u2019art au monde.\u00a0<\/p>\n<p>Anne-Sol\u00e8ne Rolland succ\u00e8de \u00e0 <a href=\"https:\/\/www.lejournaldesarts.fr\/personnalite\/eric-de-chassey-617\" title=\"Lire la notice biographique d&#039;\u00c9ric de Chassey\" rel=\"nofollow noopener\" target=\"_blank\">\u00c9ric de Chassey<\/a>, nomm\u00e9 \u00e0 la t\u00eate de l\u2019\u00c9cole nationale sup\u00e9rieure des beaux-arts de Paris. En poste de 2016 \u00e0 2025, il a \u00e9largi les axes de recherche \u00e0 la provenance des \u0153uvres et aux arts extra-occidentaux. Il a enrichi la biblioth\u00e8que avec de prestigieuses acquisitions et accru sa fr\u00e9quentation gr\u00e2ce \u00e0 la salle Labrouste. Sous son mandat, l\u2019INHA a renforc\u00e9 sa diffusion num\u00e9rique, multipli\u00e9 les partenariats et bien install\u00e9 le Festival de l\u2019histoire de l\u2019art \u00e0 Fontainebleau.<br \/>\u00a0<\/p>\n","protected":false},"excerpt":{"rendered":"Le poste de directeur g\u00e9n\u00e9ral de l\u2019Institut national d\u2019histoire de l\u2019art (INHA), vacant depuis le 24 juillet 2025,&hellip;\n","protected":false},"author":2,"featured_media":364444,"comment_status":"","ping_status":"","sticky":false,"template":"","format":"standard","meta":{"footnotes":""},"categories":[1358],"tags":[1348,1384,1385,1386,58,59,1011,27],"class_list":{"0":"post-364443","1":"post","2":"type-post","3":"status-publish","4":"format-standard","5":"has-post-thumbnail","7":"category-arts-et-design","8":"tag-arts","9":"tag-arts-and-design","10":"tag-arts-et-design","11":"tag-design","12":"tag-divertissement","13":"tag-entertainment","14":"tag-fr","15":"tag-france"},"share_on_mastodon":{"url":"https:\/\/pubeurope.com\/@fr\/115143125520322972","error":""},"_links":{"self":[{"href":"https:\/\/www.europesays.com\/fr\/wp-json\/wp\/v2\/posts\/364443","targetHints":{"allow":["GET"]}}],"collection":[{"href":"https:\/\/www.europesays.com\/fr\/wp-json\/wp\/v2\/posts"}],"about":[{"href":"https:\/\/www.europesays.com\/fr\/wp-json\/wp\/v2\/types\/post"}],"author":[{"embeddable":true,"href":"https:\/\/www.europesays.com\/fr\/wp-json\/wp\/v2\/users\/2"}],"replies":[{"embeddable":true,"href":"https:\/\/www.europesays.com\/fr\/wp-json\/wp\/v2\/comments?post=364443"}],"version-history":[{"count":0,"href":"https:\/\/www.europesays.com\/fr\/wp-json\/wp\/v2\/posts\/364443\/revisions"}],"wp:featuredmedia":[{"embeddable":true,"href":"https:\/\/www.europesays.com\/fr\/wp-json\/wp\/v2\/media\/364444"}],"wp:attachment":[{"href":"https:\/\/www.europesays.com\/fr\/wp-json\/wp\/v2\/media?parent=364443"}],"wp:term":[{"taxonomy":"category","embeddable":true,"href":"https:\/\/www.europesays.com\/fr\/wp-json\/wp\/v2\/categories?post=364443"},{"taxonomy":"post_tag","embeddable":true,"href":"https:\/\/www.europesays.com\/fr\/wp-json\/wp\/v2\/tags?post=364443"}],"curies":[{"name":"wp","href":"https:\/\/api.w.org\/{rel}","templated":true}]}}