{"id":364447,"date":"2025-09-04T00:11:11","date_gmt":"2025-09-04T00:11:11","guid":{"rendered":"https:\/\/www.europesays.com\/fr\/364447\/"},"modified":"2025-09-04T00:11:11","modified_gmt":"2025-09-04T00:11:11","slug":"thais-influenceuse-onlyfans-rejoint-la-nouvelle-emission-de-cyril-hanouna-et-devient-la-risee-du-net","status":"publish","type":"post","link":"https:\/\/www.europesays.com\/fr\/364447\/","title":{"rendered":"Tha\u00efs, influenceuse OnlyFans, rejoint la nouvelle \u00e9mission de Cyril Hanouna et devient la ris\u00e9e du net"},"content":{"rendered":"<p class=\"p1\"><b>Tha\u00efs Gauchkarian, jeune recrue de la nouvelle \u00e9mission de Cyril Hanouna, a fait pol\u00e9mique avec sa chronique jug\u00e9e rat\u00e9e par de nombreux t\u00e9l\u00e9spectateurs.<\/b><\/p>\n<p class=\"p1\">En d\u00e9but de semaine, <a href=\"https:\/\/www.demotivateur.fr\/entertainment\/tele\/cyril-hanouna-sur-w9-voici-les-limites-claires-etablies-par-le-groupe-pour-eviter-les-derapages-43921\" rel=\"nofollow noopener\" target=\"_blank\">Cyril Hanouna<\/a> a pr\u00e9sent\u00e9 son nouveau talk-show intitul\u00e9 \u00ab Tout beau, tout neuf \u00bb, sur la cha\u00eene W9.<\/p>\n<p class=\"p1\">Qui dit nouvelle \u00e9mission dit nouveau casting ! Si l\u2019animateur controvers\u00e9 a retrouv\u00e9 ses chroniqueurs habituels, comme G\u00e9raldine Maillet, Gilles Verdez, ou encore Val\u00e9rie Bena\u00efm, le trublion du PAF s\u2019est aussi entour\u00e9 de sang neuf.<\/p>\n<p><img decoding=\"async\" loading=\"lazy\" src=\"https:\/\/www.europesays.com\/fr\/wp-content\/uploads\/2025\/09\/Capture d\u2019e\u0301cran 2025-09-03 a\u0300 16-compressed (2).jpg\" width=\"660\" height=\"465\" alt=\"Cyril Hanouna sur le plateau de sa nouvelle \u00e9mission\" caption=\"false\"\/>Cr\u00e9dit Photo : Capture d&rsquo;\u00e9cran X<\/p>\n<p class=\"p1\">Parmi les nouvelles recrues, on peut citer l\u2019influenceuse OnlyFans Tha\u00efs Gauchkarian. Cette derni\u00e8re a fait le buzz en mai dernier apr\u00e8s avoir \u00e9t\u00e9 interdite de monter dans un bus de la RATP \u00e0 cause de son <a href=\"https:\/\/www.demotivateur.fr\/lifestyle\/thais-interdite-de-monter-dans-un-bus-a-cause-de-son-decollete-repond-cash-au-chauffeur-en-direct-a-la-tele-43982\" rel=\"nofollow noopener\" target=\"_blank\">d\u00e9collet\u00e9<\/a>.<\/p>\n<p>&#13;<\/p>\n<blockquote class=\"twitter-tweet\" data-media-max-width=\"560\"><p>&#13;<\/p>\n<p lang=\"fr\" dir=\"ltr\">\ud83c\uddeb\ud83c\uddf7 La jeune femme qui s\u2019est vue refuser l\u2019entr\u00e9e d\u2019un bus de la RATP pour sa tenue r\u00e9agit :<\/p>\n<p>\u00ab\u00a0D\u00e9cevant qu\u2019en France en 2025 un homme puisse avoir quelque chose \u00e0 dire sur la tenue d\u2019une femme\u00a0\u00bb <a href=\"https:\/\/t.co\/ZX0VxJoZv5\" rel=\"nofollow\">pic.twitter.com\/ZX0VxJoZv5<\/a><\/p>\n<p>&#13;<br \/>\n\u2014 75 Secondes \ud83d\uddde\ufe0f (@75secondes) <a href=\"https:\/\/twitter.com\/75secondes\/status\/1925139961210130651?ref_src=twsrc%5Etfw\" rel=\"nofollow noopener\" target=\"_blank\">May 21, 2025<\/a><\/p><\/blockquote>\n<p>&#13;<br \/>\n&#13;<\/p>\n<p class=\"p1\">\u00c0 l\u2019\u00e9poque, le scandale avait fait le tour de la toile. De son c\u00f4t\u00e9, la jeune femme a racont\u00e9 sa <a href=\"https:\/\/www.demotivateur.fr\/lifestyle\/le-chauffeur-de-bus-accuse-de-sexisme-pour-avoir-interdit-la-montee-a-une-jeune-femme-au-posterieur-denude-crie-a-l-injustice-43966\" rel=\"nofollow noopener\" target=\"_blank\">m\u00e9saventure<\/a> sur plusieurs cha\u00eenes d\u2019information, dont Europe 1. C\u2019est dans ce contexte que celle-ci a attir\u00e9 l\u2019attention de Cyril Hanouna.<\/p>\n<blockquote><p>&#13;<\/p>\n<p class=\"p1\">\u00ab Mes \u00e9quipes l\u2019ont rep\u00e9r\u00e9e et elle passera le casting pour la prochaine \u00e9mission en t\u00e9l\u00e9vision. Et oui, elle sera avec nous lors du pilote \u00bb, avait alors confi\u00e9 l\u2019homme d\u2019affaires.<\/p>\n<p>&#13;\n<\/p><\/blockquote>\n<p>Une premi\u00e8re chronique qui peine \u00e0 convaincre<\/p>\n<p class=\"p1\">Ce lundi 1er septembre, Tha\u00efs Gauchkarian a donc fait ses premiers pas en tant que chroniqueuse sur le plateau de \u00ab Tout beau, tout neuf \u00bb.<\/p>\n<blockquote><p>&#13;<\/p>\n<p class=\"p1\">\u00abTha\u00efs nous fera tous les jours un point sur les couples\u00bb, a r\u00e9v\u00e9l\u00e9 Cyril Hanouna.<\/p>\n<p>&#13;\n<\/p><\/blockquote>\n<p class=\"p1\">Le hic ? La chronique de la starlette n\u2019a pas du tout fait l\u2019unanimit\u00e9 aupr\u00e8s des <a href=\"https:\/\/www.demotivateur.fr\/lifestyle\/mes-os-sont-fragiles-comme-de-la-porcelaine-le-temoignage-bouleversant-d-hemere-9-ans-atteinte-de-la-maladie-des-os-de-verre-38459\" rel=\"nofollow noopener\" target=\"_blank\">t\u00e9l\u00e9spectateurs<\/a>.<\/p>\n<p><img decoding=\"async\" loading=\"lazy\" src=\"https:\/\/www.europesays.com\/fr\/wp-content\/uploads\/2025\/09\/Capture d\u2019e\u0301cran 2025-09-03 a\u0300 16-compressed (3).jpg\" width=\"660\" height=\"506\" caption=\"false\" alt=\"Tha\u00efs Gauchkarian\"\/>Cr\u00e9dit Photo : Capture d&rsquo;\u00e9cran X<\/p>\n<p class=\"p1\">Celle qui est suivie par 100 000 abonn\u00e9s sur <a href=\"https:\/\/www.instagram.com\/thaisgauchkarian\/?hl=fr\" target=\"_blank\" rel=\"noopener nofollow\">Instagram<\/a> semblait pourtant ma\u00eetriser son sujet sur les bouts des doigts.<\/p>\n<p class=\"p1\">D\u2019abord, la cr\u00e9atrice de contenu a mis en lumi\u00e8re le mariage d\u2019\u00c9ric Antoine et Gennifer Demey, avant d\u2019\u00e9voquer l\u2019union de Benjamin Pavard et Kleofina Pnishi. Enfin, la nouvelle membre de la bande de Baba a fait allusion au couple form\u00e9 par <a href=\"https:\/\/www.demotivateur.fr\/entertainment\/people\/iris-mittenaere-infidele-son-ex-fait-des-revelations-accablantes-44216\" rel=\"nofollow noopener\" target=\"_blank\">Iris Mittenaere<\/a> et Antoine Dupont.<\/p>\n<blockquote><p>&#13;<\/p>\n<p class=\"p1\">\u00ab Tant qu\u2019il est gentil et qu\u2019il a de l\u2019argent, moi \u00e7a me va \u00bb, a indiqu\u00e9 la chroniqueuse \u00e0 propos du joueur de rugby fran\u00e7ais.<\/p>\n<p>&#13;\n<\/p><\/blockquote>\n<p>Les internautes sans piti\u00e9 avec Tha\u00efs Gauchkarian<\/p>\n<p class=\"p1\">Sur les r\u00e9seaux sociaux, la prestation de Tha\u00efs n\u2019a pas convaincu les <a href=\"https:\/\/www.demotivateur.fr\/entertainment\/people\/bruce-willis-place-en-maison-medicalisee-sa-femme-essuie-de-vives-critiques-et-repond-aux-internautes-45119\" rel=\"nofollow noopener\" target=\"_blank\">internautes<\/a>, qui se sont montr\u00e9s sans piti\u00e9 envers elle.<\/p>\n<p class=\"p1\">Sur X, nombreux sont ceux qui estiment que l\u2019influenceuse n\u2019a pas sa place au sein du groupe.<\/p>\n<p class=\"p1\">Un utilisateur a comment\u00e9 :<\/p>\n<blockquote><p>&#13;<\/p>\n<p class=\"p1\">\u00ab C&rsquo;\u00e9tait tr\u00e8s g\u00eanant, elle est pass\u00e9e pour la moins professionnelle \u00bb.<\/p>\n<p>&#13;\n<\/p><\/blockquote>\n<p><img decoding=\"async\" loading=\"lazy\" src=\"https:\/\/www.europesays.com\/fr\/wp-content\/uploads\/2025\/09\/Capture d\u2019e\u0301cran 2025-09-03 a\u0300 16-compressed (1).jpg\" width=\"660\" height=\"857\" caption=\"false\" alt=\"Tha\u00efs Gauchkarian\"\/>Cr\u00e9dit Photo :\u00a0Tha\u00efs Gauchkarian \/ Instagram<\/p>\n<p class=\"p1\">Un autre a \u00e9crit :<\/p>\n<blockquote><p>&#13;<\/p>\n<p class=\"p1\">\u00ab Hanouna l\u2019a prise pour son physique, une bonne mani\u00e8re d\u2019amener de l\u2019audience\u2026\u00bb.<\/p>\n<p>&#13;\n<\/p><\/blockquote>\n<p class=\"p1\">Une troisi\u00e8me personne a indiqu\u00e9 :<\/p>\n<blockquote><p>&#13;<\/p>\n<p class=\"p1\">\u00ab Je ne connais pas cette Tha\u00efs, je ne connais pas son parcours ni sa vie. Une chose est s\u00fbre : sa chronique \u00e9tait inutile \u00bb.<\/p>\n<p>&#13;\n<\/p><\/blockquote>\n<p class=\"p1\">Pour l\u2019heure, Cyril Hanouna n\u2019a pas encore r\u00e9agi \u00e0 la pol\u00e9mique. M\u00eame son de cloche pour Tha\u00efs, qui pr\u00e9f\u00e8re garder le silence.<\/p>\n<p class=\"p1\">Une chose est s\u00fbre : cette derni\u00e8re est attendue au tournant !<\/p>\n<p><script async src=\"https:\/\/platform.twitter.com\/widgets.js\" charset=\"utf-8\"><\/script><script async src=\"\/\/www.instagram.com\/embed.js\"><\/script><\/p>\n","protected":false},"excerpt":{"rendered":"Tha\u00efs Gauchkarian, jeune recrue de la nouvelle \u00e9mission de Cyril Hanouna, a fait pol\u00e9mique avec sa chronique jug\u00e9e&hellip;\n","protected":false},"author":2,"featured_media":364448,"comment_status":"","ping_status":"","sticky":false,"template":"","format":"standard","meta":{"footnotes":""},"categories":[1356],"tags":[58,59,1011,27,252,1364],"class_list":{"0":"post-364447","1":"post","2":"type-post","3":"status-publish","4":"format-standard","5":"has-post-thumbnail","7":"category-television","8":"tag-divertissement","9":"tag-entertainment","10":"tag-fr","11":"tag-france","12":"tag-television","13":"tag-tv"},"share_on_mastodon":{"url":"https:\/\/pubeurope.com\/@fr\/115143133469303569","error":""},"_links":{"self":[{"href":"https:\/\/www.europesays.com\/fr\/wp-json\/wp\/v2\/posts\/364447","targetHints":{"allow":["GET"]}}],"collection":[{"href":"https:\/\/www.europesays.com\/fr\/wp-json\/wp\/v2\/posts"}],"about":[{"href":"https:\/\/www.europesays.com\/fr\/wp-json\/wp\/v2\/types\/post"}],"author":[{"embeddable":true,"href":"https:\/\/www.europesays.com\/fr\/wp-json\/wp\/v2\/users\/2"}],"replies":[{"embeddable":true,"href":"https:\/\/www.europesays.com\/fr\/wp-json\/wp\/v2\/comments?post=364447"}],"version-history":[{"count":0,"href":"https:\/\/www.europesays.com\/fr\/wp-json\/wp\/v2\/posts\/364447\/revisions"}],"wp:featuredmedia":[{"embeddable":true,"href":"https:\/\/www.europesays.com\/fr\/wp-json\/wp\/v2\/media\/364448"}],"wp:attachment":[{"href":"https:\/\/www.europesays.com\/fr\/wp-json\/wp\/v2\/media?parent=364447"}],"wp:term":[{"taxonomy":"category","embeddable":true,"href":"https:\/\/www.europesays.com\/fr\/wp-json\/wp\/v2\/categories?post=364447"},{"taxonomy":"post_tag","embeddable":true,"href":"https:\/\/www.europesays.com\/fr\/wp-json\/wp\/v2\/tags?post=364447"}],"curies":[{"name":"wp","href":"https:\/\/api.w.org\/{rel}","templated":true}]}}