{"id":364449,"date":"2025-09-04T00:12:12","date_gmt":"2025-09-04T00:12:12","guid":{"rendered":"https:\/\/www.europesays.com\/fr\/364449\/"},"modified":"2025-09-04T00:12:12","modified_gmt":"2025-09-04T00:12:12","slug":"apres-sept-ans-dabsence-radiohead-annonce-une-tournee-europeenne","status":"publish","type":"post","link":"https:\/\/www.europesays.com\/fr\/364449\/","title":{"rendered":"Apr\u00e8s sept ans d&rsquo;absence, Radiohead annonce une tourn\u00e9e europ\u00e9enne"},"content":{"rendered":"<p>Le groupe britannique a d\u00e9voil\u00e9 une s\u00e9rie de 20 concerts europ\u00e9ens pour l&rsquo;automne 2025, marquant son retour tr\u00e8s attendu.<\/p>\n<p>Madrid, Bologne, Londres, Copenhague et Berlin. Voici les cinq \u00e9tapes de la tourn\u00e9e europ\u00e9enne de <a href=\"https:\/\/www.bfmtv.com\/people\/musique\/jonny-greenwood-guitariste-de-radiohead-hospitalise-en-soins-intensifs_AN-202407130239.html\" title=\"Jonny Greenwood, guitariste de Radiohead, hospitalis\u00e9 en soins intensifs\" class=\"internal_link\" rel=\"nofollow noopener\" target=\"_blank\">Radiohead<\/a> qui s&rsquo;\u00e9talera de novembre \u00e0 d\u00e9cembre 2025. Le groupe a officiellement annonc\u00e9 une s\u00e9rie de 20 concerts, avec quatre repr\u00e9sentations pr\u00e9vues dans chaque ville.<\/p>\n<p>Cette annonce met fin \u00e0 une longue p\u00e9riode d&rsquo;attente pour les fans du groupe d&rsquo;Oxford. Depuis ao\u00fbt 2018, ils n&rsquo;avaient plus donn\u00e9 de concert apr\u00e8s leur dernier date \u00e0 Philadelphie pour la conclusion de leur tourn\u00e9e A Moon Shaped Pool.<\/p>\n<blockquote class=\"embed embed_quote\"><p>\u00ab\u00a0L&rsquo;ann\u00e9e derni\u00e8re, nous nous sommes retrouv\u00e9s pour r\u00e9p\u00e9ter, juste pour le plaisir. Apr\u00e8s une pause de sept ans, c&rsquo;\u00e9tait vraiment super de rejouer les chansons et de renouer avec une identit\u00e9 musicale qui s&rsquo;est profond\u00e9ment enracin\u00e9e en nous cinq\u00a0\u00bb, a expliqu\u00e9 le batteur Philip Selway dans un message adress\u00e9 aux fans.<\/p><\/blockquote>\n<p>Quelques signes<\/p>\n<p>La tourn\u00e9e d\u00e9butera \u00e0 Madrid du 4 au 8 novembre 2025 au Movistar Arena, avant de poursuivre en Italie du 14 au 18 novembre \u00e0 l&rsquo;Unipol Arena de Bologne. Londres recevra ensuite le groupe les 21, 22, 24 et 25 novembre \u00e0 l&rsquo;O2 Arena. En d\u00e9cembre, Radiohead se produira au Royal Arena de Copenhague les 1, 2, 4 et 5, avant de conclure cette s\u00e9rie europ\u00e9enne \u00e0 l&rsquo;Uber Arena de Berlin les 8, 9, 11 et 12 d\u00e9cembre.<\/p>\n<p>Philip Selway reste prudent quant \u00e0 l&rsquo;avenir, dans son communiqu\u00e9. \u00ab\u00a0Pour l&rsquo;instant, ce ne seront que ces dates, mais qui sait o\u00f9 tout cela nous m\u00e8nera\u00a0\u00bb, laissant entrevoir la possibilit\u00e9 d&rsquo;autres annonces.<\/p>\n<p>En mars dernier, les fans avaient d\u00e9j\u00e0 sp\u00e9cul\u00e9 sur une possible reformation . La cr\u00e9ation d&rsquo;une nouvelle entit\u00e9 commerciale baptis\u00e9e \u00ab\u00a0RHEUK25 LLP\u00a0\u00bb avait \u00e9t\u00e9 interpr\u00e9t\u00e9e par certains comme \u00ab\u00a0Radiohead Europe UK 2025\u00a0\u00bb. Des indices suppl\u00e9mentaires sont apparus d\u00e9but septembre avec l&rsquo;apparition de flyers dans plusieurs villes europ\u00e9ennes annon\u00e7ant des concerts \u00e0 Londres et Copenhague.<\/p>\n<p>Un nouvel album live<\/p>\n<p>Durant cette pause, chaque membre du groupe s&rsquo;est consacr\u00e9 \u00e0 des projets personnels. Thom Yorke a sorti son album solo Anima en 2019 et a form\u00e9 The Smile avec Jonny Greenwood et Tom Skinner, publiant deux albums l&rsquo;ann\u00e9e derni\u00e8re. Jonny Greenwood s&rsquo;est illustr\u00e9 comme compositeur pour le cin\u00e9ma avec des bandes originales remarqu\u00e9es pour Phantom Thread et Spencer. Colin Greenwood a accompagn\u00e9 Nick Cave en tourn\u00e9e, Ed O&rsquo;Brien a publi\u00e9 son premier album Earth en 2020, et Philip Selway a sorti Strange Dance en 2023.<\/p>\n<p>En attendant la tourn\u00e9e, Radiohead a pr\u00e9vu de sortir un nouvel album live de Hail to the Thief, le 31 octobre 2025, compilant des enregistrements des performances prises entre 2003 et 2009 \u00e0 Dublin, Londres, Amsterdam et Buenos Aires.<\/p>\n","protected":false},"excerpt":{"rendered":"Le groupe britannique a d\u00e9voil\u00e9 une s\u00e9rie de 20 concerts europ\u00e9ens pour l&rsquo;automne 2025, marquant son retour tr\u00e8s&hellip;\n","protected":false},"author":2,"featured_media":364450,"comment_status":"","ping_status":"","sticky":false,"template":"","format":"standard","meta":{"footnotes":""},"categories":[1355],"tags":[58,59,1011,27,1361,873],"class_list":{"0":"post-364449","1":"post","2":"type-post","3":"status-publish","4":"format-standard","5":"has-post-thumbnail","7":"category-musique","8":"tag-divertissement","9":"tag-entertainment","10":"tag-fr","11":"tag-france","12":"tag-music","13":"tag-musique"},"share_on_mastodon":{"url":"https:\/\/pubeurope.com\/@fr\/115143137528892230","error":""},"_links":{"self":[{"href":"https:\/\/www.europesays.com\/fr\/wp-json\/wp\/v2\/posts\/364449","targetHints":{"allow":["GET"]}}],"collection":[{"href":"https:\/\/www.europesays.com\/fr\/wp-json\/wp\/v2\/posts"}],"about":[{"href":"https:\/\/www.europesays.com\/fr\/wp-json\/wp\/v2\/types\/post"}],"author":[{"embeddable":true,"href":"https:\/\/www.europesays.com\/fr\/wp-json\/wp\/v2\/users\/2"}],"replies":[{"embeddable":true,"href":"https:\/\/www.europesays.com\/fr\/wp-json\/wp\/v2\/comments?post=364449"}],"version-history":[{"count":0,"href":"https:\/\/www.europesays.com\/fr\/wp-json\/wp\/v2\/posts\/364449\/revisions"}],"wp:featuredmedia":[{"embeddable":true,"href":"https:\/\/www.europesays.com\/fr\/wp-json\/wp\/v2\/media\/364450"}],"wp:attachment":[{"href":"https:\/\/www.europesays.com\/fr\/wp-json\/wp\/v2\/media?parent=364449"}],"wp:term":[{"taxonomy":"category","embeddable":true,"href":"https:\/\/www.europesays.com\/fr\/wp-json\/wp\/v2\/categories?post=364449"},{"taxonomy":"post_tag","embeddable":true,"href":"https:\/\/www.europesays.com\/fr\/wp-json\/wp\/v2\/tags?post=364449"}],"curies":[{"name":"wp","href":"https:\/\/api.w.org\/{rel}","templated":true}]}}