{"id":36445,"date":"2025-04-19T12:09:23","date_gmt":"2025-04-19T12:09:23","guid":{"rendered":"https:\/\/www.europesays.com\/fr\/36445\/"},"modified":"2025-04-19T12:09:23","modified_gmt":"2025-04-19T12:09:23","slug":"grenoble-un-exercice-de-sauvetage-en-jet-ski-sur-lisere","status":"publish","type":"post","link":"https:\/\/www.europesays.com\/fr\/36445\/","title":{"rendered":"Grenoble. Un exercice de sauvetage en jet-ski sur l\u2019Is\u00e8re"},"content":{"rendered":"<p>Une op\u00e9ration de sauvetage dans l\u2019Is\u00e8re ce vendredi\u00a0? Pas d\u2019inqui\u00e9tude, si vous avez crois\u00e9 les \u00e9quipes du Service d\u00e9partemental d&rsquo;incendie et de secours de l&rsquo;Is\u00e8re (Sdis 38) sur la voie de Corato, \u00e0 l\u2019ouest du t\u00e9l\u00e9ph\u00e9rique de la Bastille. Il s\u2019agissait en r\u00e9alit\u00e9 d\u2019un exercice d\u2019entra\u00eenement destin\u00e9 \u00e0 perfectionner les interventions d\u2019urgence en jet-ski. Objectif\u00a0: savoir porter secours \u00e0 une personne en d\u00e9tresse dans la rivi\u00e8re grenobloise.<\/p>\n","protected":false},"excerpt":{"rendered":"Une op\u00e9ration de sauvetage dans l\u2019Is\u00e8re ce vendredi\u00a0? Pas d\u2019inqui\u00e9tude, si vous avez crois\u00e9 les \u00e9quipes du Service&hellip;\n","protected":false},"author":2,"featured_media":36446,"comment_status":"","ping_status":"","sticky":false,"template":"","format":"standard","meta":{"footnotes":""},"categories":[9566],"tags":[1111,11,2430,112,1777,674,274,1011,27,2731,2732,1757,12,25],"class_list":{"0":"post-36445","1":"post","2":"type-post","3":"status-publish","4":"format-standard","5":"has-post-thumbnail","7":"category-grenoble","8":"tag-actu","9":"tag-actualites","10":"tag-auvergne-rhone-alpes","11":"tag-edition-grenoble-agglomeration","12":"tag-eu","13":"tag-europe","14":"tag-faits-divers-justice","15":"tag-fr","16":"tag-france","17":"tag-grenoble","18":"tag-grenoble-bassin","19":"tag-insolite","20":"tag-news","21":"tag-republique-francaise"},"share_on_mastodon":{"url":"https:\/\/pubeurope.com\/@fr\/114364557803901574","error":""},"_links":{"self":[{"href":"https:\/\/www.europesays.com\/fr\/wp-json\/wp\/v2\/posts\/36445","targetHints":{"allow":["GET"]}}],"collection":[{"href":"https:\/\/www.europesays.com\/fr\/wp-json\/wp\/v2\/posts"}],"about":[{"href":"https:\/\/www.europesays.com\/fr\/wp-json\/wp\/v2\/types\/post"}],"author":[{"embeddable":true,"href":"https:\/\/www.europesays.com\/fr\/wp-json\/wp\/v2\/users\/2"}],"replies":[{"embeddable":true,"href":"https:\/\/www.europesays.com\/fr\/wp-json\/wp\/v2\/comments?post=36445"}],"version-history":[{"count":0,"href":"https:\/\/www.europesays.com\/fr\/wp-json\/wp\/v2\/posts\/36445\/revisions"}],"wp:featuredmedia":[{"embeddable":true,"href":"https:\/\/www.europesays.com\/fr\/wp-json\/wp\/v2\/media\/36446"}],"wp:attachment":[{"href":"https:\/\/www.europesays.com\/fr\/wp-json\/wp\/v2\/media?parent=36445"}],"wp:term":[{"taxonomy":"category","embeddable":true,"href":"https:\/\/www.europesays.com\/fr\/wp-json\/wp\/v2\/categories?post=36445"},{"taxonomy":"post_tag","embeddable":true,"href":"https:\/\/www.europesays.com\/fr\/wp-json\/wp\/v2\/tags?post=36445"}],"curies":[{"name":"wp","href":"https:\/\/api.w.org\/{rel}","templated":true}]}}