{"id":364451,"date":"2025-09-04T00:13:41","date_gmt":"2025-09-04T00:13:41","guid":{"rendered":"https:\/\/www.europesays.com\/fr\/364451\/"},"modified":"2025-09-04T00:13:41","modified_gmt":"2025-09-04T00:13:41","slug":"un-seul-acteur-des-films-harry-potter-va-reprendre-son-role-dans-la-serie-hbo-max","status":"publish","type":"post","link":"https:\/\/www.europesays.com\/fr\/364451\/","title":{"rendered":"Un (seul) acteur des films Harry Potter va reprendre son r\u00f4le dans la s\u00e9rie HBO Max"},"content":{"rendered":"<p>    Warwick Davis<br \/>\n                Marechal Aurore\/ABACA<\/p>\n<p>\u00c0 l\u2019occasion d\u2019un \u00e9v\u00e8nement autour de la saga embl\u00e9matique ce lundi 1er septembre, les producteurs ont officialis\u00e9 au casting un des acteurs des \u0153uvres cin\u00e9matographiques.<\/p>\n<p class=\"fig-paragraph\">Le Poudlard Express est &#8211; comme chaque 1er septembre &#8211; venu r\u00e9cup\u00e9rer les \u00e9l\u00e8ves sorciers qui l\u2019attendaient patiemment sur le quai 9 trois quarts de la gare King\u2019s Cross \u00e0 Londres. Une date importante pour les amoureux de la saga litt\u00e9raire <strong>Harry Potter<\/strong> de\u00a0<a href=\"https:\/\/www.lefigaro.fr\/tag\/j-k-rowling\" target=\"_blank\" rel=\"noopener nofollow\" data-gtm-custom-categorie=\"navigation\" data-gtm-custom-action=\"crossclick\" data-gtm-custom-label=\"Contextuel\" data-gtm-event=\"customEventSPE\">J.K. Rowling<\/a>.<\/p>\n<p class=\"fig-paragraph\">Pour l\u2019occasion, un \u00e9v\u00e8nement \u00e9tait organis\u00e9 sur le compte TikTok officiel de l\u2019univers de l\u2019\u0153uvre, en ce jour de rentr\u00e9e. Les fans assidus ont eu la surprise d\u2019y d\u00e9couvrir sept nouveaux membres du casting de la saga, dont un nom d\u00e9j\u00e0 connu des \u00abpotterheads\u00bb (nom des fans de la saga).<\/p>\n<p>                                    <a class=\"fig-a11y-skip a11y-hidden\" href=\"#fig-a11y-skip-main-inarticle\"><br \/>\n        Passer la publicit\u00e9<br \/>\n    <\/a><\/p>\n<p class=\"fig-paragraph\">En effet, <strong>Warwick Davis<\/strong>, qui campait le r\u00f4le du fameux professeur de Sortil\u00e8ges et directeur de la maison Serdaigles, mi-homme, mi-gobelin, reprendra bel et bien son r\u00f4le dans la fiction \u00e0 venir sur HBO Max, produite, entre autres, par l\u2019auteure des \u0153uvres elle-m\u00eame.<\/p>\n<p class=\"fig-body-link\">\n            \u00c0 lire aussi<br \/>\n        <a class=\"fig-body-link__link\" href=\"http:\/\/tvmag.lefigaro.fr\/programme-tv\/series\/l-acteur-paapa-essiedu-envisage-pour-incarner-rogue-dans-la-serie-harry-potter-20250312\" target=\"_blank\" data-fig-type=\"Article\" rel=\"noopener nofollow\" data-gtm-custom-categorie=\"navigation\" data-gtm-custom-action=\"crossclick\" data-gtm-custom-label=\"Contextuel\" data-gtm-event=\"customEventSPE\" data-fig-domain=\"TVMAG\">L\u2019acteur Paapa Essiedu envisag\u00e9 pour incarner Rogue dans la s\u00e9rie Harry Potter<br \/>\n    <\/a>\n<\/p>\n<p class=\"fig-paragraph\">L\u2019acteur britannique de 55 ans \u00e9tait apparu dans la peau de l\u2019enseignant de l\u2019institution magique en 2001, dans le premier volet de la saga\u00a0:\u00a0<a href=\"https:\/\/tvmag.lefigaro.fr\/programme-tv\/programme\/harry-potter-a-l-ecole-des-sorciers-f359245741\" target=\"_blank\" rel=\"noopener nofollow\" data-gtm-custom-categorie=\"navigation\" data-gtm-custom-action=\"crossclick\" data-gtm-custom-label=\"Contextuel\" data-gtm-event=\"customEventSPE\">Harry Potter \u00e0 l\u2019\u00e9cole des sorciers<\/a> . S\u2019il porte une barbe blanche au d\u00e9but de la saga cin\u00e9matographique, il n\u2019en est rien pour les suivants, puisque dans les deux derniers volets, le professeur Flitwick semble avoir largement rajeuni, pour une interpr\u00e9tation de son personnage plus fid\u00e8le aux livres. Une nouveaut\u00e9 en partie due aux nombreux changements de r\u00e9alisateurs entre les huit films.<\/p>\n<p class=\"fig-paragraph\">Mais le com\u00e9dien ne s\u2019\u00e9tait pas seulement illustr\u00e9 dans cette figuration au sein de l\u2019univers Harry Potter. Il avait \u00e9galement interpr\u00e9t\u00e9 le guichetier de la banque Gringotts dans le premier film, un gobelin \u00e9galement, puis une autre cr\u00e9ature similaire, Gripsec, dans\u00a0<a href=\"https:\/\/tvmag.lefigaro.fr\/programme-tv\/programme\/harry-potter-et-les-reliques-de-la-mort-2e-partie-f1251816470\" target=\"_blank\" rel=\"noopener nofollow\" data-gtm-custom-categorie=\"navigation\" data-gtm-custom-action=\"crossclick\" data-gtm-custom-label=\"Contextuel\" data-gtm-event=\"customEventSPE\">Harry Potter et Les reliques de la mort partie 2<\/a>. Dans la s\u00e9rie pr\u00e9vue pour 2027, <strong>Warmick Davis<\/strong> reprendra uniquement le r\u00f4le de l\u2019enseignant. \u00c0 ce jour, il est le seul \u00e0 camper son personnage \u00e0 la fois dans les films et dans le show HBO.<\/p>\n<p>Le casting compl\u00e9t\u00e9<\/p>\n<p class=\"fig-paragraph\">Pour le reste du casting officialis\u00e9 ce jour-l\u00e0, Dean Thomas, le camarade de classe de Harry Potter au sein de la maison Gryffondor, sera jou\u00e9 par Elijah Oshin. Le comparse de Drago Malefoy, Vincent Crabbe, sera interpr\u00e9t\u00e9 par Finn Stephens. Quant aux professeurs, c\u2019est Sirine Saba (<a href=\"https:\/\/tvmag.lefigaro.fr\/programme-tv\/programme\/exhibition-79-f1353932047\" target=\"_blank\" rel=\"noopener nofollow\" data-gtm-custom-categorie=\"navigation\" data-gtm-custom-action=\"crossclick\" data-gtm-custom-label=\"Contextuel\" data-gtm-event=\"customEventSPE\">Exhibition<\/a> ) qui deviendra la directrice de la maison Poufsouffle et enseignante de botanique, Pomona Chourave.<\/p>\n<p class=\"fig-paragraph\">Le mythique professeur d\u2019histoire de la magie, Binns, et fant\u00f4me de Poudlard, sera camp\u00e9 par Richard Durden (Back to life). Brid Brennan se glissera dans la peau de l\u2019infirmi\u00e8re de l\u2019\u00e9cole, Poppy Pomfresh, et enfin, le gobelin Gripsec sera illustr\u00e9 par Leigh Gill (<a href=\"https:\/\/tvmag.lefigaro.fr\/programme-tv\/programme\/game-of-thrones-d346032356\" target=\"_blank\" rel=\"noopener nofollow\" data-gtm-custom-categorie=\"navigation\" data-gtm-custom-action=\"crossclick\" data-gtm-custom-label=\"Contextuel\" data-gtm-event=\"customEventSPE\">Game of Thrones<\/a> ,\u00a0<a href=\"https:\/\/tvmag.lefigaro.fr\/programme-tv\/programme\/joker-f1669530546\" target=\"_blank\" rel=\"noopener nofollow\" data-gtm-custom-categorie=\"navigation\" data-gtm-custom-action=\"crossclick\" data-gtm-custom-label=\"Contextuel\" data-gtm-event=\"customEventSPE\">Joker<\/a> ).<\/p>\n","protected":false},"excerpt":{"rendered":"Warwick Davis Marechal Aurore\/ABACA \u00c0 l\u2019occasion d\u2019un \u00e9v\u00e8nement autour de la saga embl\u00e9matique ce lundi 1er septembre, les&hellip;\n","protected":false},"author":2,"featured_media":364452,"comment_status":"","ping_status":"","sticky":false,"template":"","format":"standard","meta":{"footnotes":""},"categories":[1354],"tags":[58,59,1346,1011,27,6610,5547,10659,1360],"class_list":{"0":"post-364451","1":"post","2":"type-post","3":"status-publish","4":"format-standard","5":"has-post-thumbnail","7":"category-films","8":"tag-divertissement","9":"tag-entertainment","10":"tag-films","11":"tag-fr","12":"tag-france","13":"tag-harry-potter","14":"tag-hbo","15":"tag-j-k-rowling","16":"tag-movies"},"share_on_mastodon":{"url":"https:\/\/pubeurope.com\/@fr\/115143141229877822","error":""},"_links":{"self":[{"href":"https:\/\/www.europesays.com\/fr\/wp-json\/wp\/v2\/posts\/364451","targetHints":{"allow":["GET"]}}],"collection":[{"href":"https:\/\/www.europesays.com\/fr\/wp-json\/wp\/v2\/posts"}],"about":[{"href":"https:\/\/www.europesays.com\/fr\/wp-json\/wp\/v2\/types\/post"}],"author":[{"embeddable":true,"href":"https:\/\/www.europesays.com\/fr\/wp-json\/wp\/v2\/users\/2"}],"replies":[{"embeddable":true,"href":"https:\/\/www.europesays.com\/fr\/wp-json\/wp\/v2\/comments?post=364451"}],"version-history":[{"count":0,"href":"https:\/\/www.europesays.com\/fr\/wp-json\/wp\/v2\/posts\/364451\/revisions"}],"wp:featuredmedia":[{"embeddable":true,"href":"https:\/\/www.europesays.com\/fr\/wp-json\/wp\/v2\/media\/364452"}],"wp:attachment":[{"href":"https:\/\/www.europesays.com\/fr\/wp-json\/wp\/v2\/media?parent=364451"}],"wp:term":[{"taxonomy":"category","embeddable":true,"href":"https:\/\/www.europesays.com\/fr\/wp-json\/wp\/v2\/categories?post=364451"},{"taxonomy":"post_tag","embeddable":true,"href":"https:\/\/www.europesays.com\/fr\/wp-json\/wp\/v2\/tags?post=364451"}],"curies":[{"name":"wp","href":"https:\/\/api.w.org\/{rel}","templated":true}]}}