{"id":364458,"date":"2025-09-04T00:17:16","date_gmt":"2025-09-04T00:17:16","guid":{"rendered":"https:\/\/www.europesays.com\/fr\/364458\/"},"modified":"2025-09-04T00:17:16","modified_gmt":"2025-09-04T00:17:16","slug":"jbl-presente-la-partybox-720-son-enceinte-sur-batterie-le-plus-massive-a-ce-jour","status":"publish","type":"post","link":"https:\/\/www.europesays.com\/fr\/364458\/","title":{"rendered":"JBL pr\u00e9sente la PartyBox 720, son enceinte sur batterie le plus massive \u00e0 ce jour"},"content":{"rendered":"<p>                    <a aria-label=\"JBL PartyBox 720\" href=\"https:\/\/www.lesnumeriques.com\/enceintes-portables\/jbl-partybox-720-p77053.html\" rel=\"nofollow noopener\" target=\"_blank\">JBL PartyBox 720<\/a><\/p>\n<p>\tPrix de lancement 900 \u20ac\n            <\/p>\n<p>                                                <a href=\"https:\/\/www.lesnumeriques.com\/enceintes-portables\/jbl-partybox-720-p77053.html\" title=\"JBL PartyBox 720\" rel=\"nofollow noopener\" target=\"_blank\"><\/p>\n<p>            <img loading=\"lazy\" decoding=\"async\" src=\"data:image\/svg+xml,%3Csvg xmlns='http:\/\/www.w3.org\/2000\/svg'%3E%3C\/svg%3E\" draggable=\"false\" width=\"452\" height=\"254\" class=\"ed__title-xxs\" alt=\"JBL PartyBox 720\"\/><\/p>\n<p>                <\/a><\/p>\n<p>            En l&rsquo;absence d&rsquo;offres d\u00e9couvrez<\/p>\n<p>                Voir plus d&rsquo;offres\n        <\/p>\n<p>\n\tLes liens pr\u00e9sent\u00e9s ci-dessus pourraient ne pas fonctionner en pr\u00e9sence d&rsquo;un bloqueur de publicit\u00e9s.\n<\/p>\n<p class=\"ed__a-p ed__bdy__l\">On aurait pu croire que la taille maximale pour une enceinte Bluetooth nomade avait d\u00e9j\u00e0 \u00e9t\u00e9 atteinte, mais JBL d\u00e9montre le contraire avec sa nouvelle enceinte de soir\u00e9e PartyBox 720. D\u00e9clinaison nomade de la PartyBox 710, elle s&rsquo;impose comme l\u2019enceinte sur batterie la plus imposante de son catalogue.<\/p>\n<p class=\"ed__a-p ed__bdy__l\">Bien que JBL ne donne pas d\u2019informations sur ses dimensions, elle semble h\u00e9riter de celles de sa grande s\u0153ur PartyBox 710. De plus, elle reprend \u00e9galement son design, ses fonctionnalit\u00e9s et son architecture acoustique.<\/p>\n<p>            Publicit\u00e9, votre contenu continue ci-dessous<\/p>\n<p>        Publicit\u00e9<\/p>\n<p class=\"ed__a-p ed__bdy__l\"><img loading=\"lazy\" decoding=\"async\" src=\"data:image\/svg+xml,%3Csvg xmlns='http:\/\/www.w3.org\/2000\/svg'%3E%3C\/svg%3E\" draggable=\"false\" width=\"7008\" height=\"4672\" class=\"ed__title-xxs\" alt=\"JBL PartyBox 720\" style=\"background-color: #f2f2f2; aspect-ratio:7008\/4672;\"\/><\/p>\n<p>Une d\u00e9clinaison nomde de la 710, avec AI Sound Boost et Auracast<\/p>\n<p class=\"ed__a-p ed__bdy__l\">En mati\u00e8re de restitution, la PartyBox 720 promet de \u00ab\u00a0sonoriser un terrain de basket\u00a0\u00bb gr\u00e2ce \u00e0 son amplification de 800 W, qui alimente deux tweeters de 3 cm et deux imposants woofers de 23 cm. S\u2019inscrivant dans la lign\u00e9e des derni\u00e8res enceintes JBL, la PartyBox 720 peut compter sur la technologie AI Sound Boost, capable d\u2019optimiser en temps r\u00e9el le rendu sonore, notamment pour conserver des basses \u00e9quilibr\u00e9es et sans distorsion \u00e0 volume \u00e9lev\u00e9.<\/p>\n<p class=\"ed__a-p ed__bdy__l\"><img loading=\"lazy\" decoding=\"async\" src=\"data:image\/svg+xml,%3Csvg xmlns='http:\/\/www.w3.org\/2000\/svg'%3E%3C\/svg%3E\" draggable=\"false\" width=\"5634\" height=\"3542\" class=\"ed__title-xxs\" alt=\"JBL PartyBox 720\" style=\"background-color: #f2f2f2; aspect-ratio:5634\/3542;\"\/><\/p>\n<p class=\"ed__a-p ed__bdy__l\">\u00c0 l\u2019instar de celle de sa s\u0153ur s\u00e9dentaire, la connectique de la PartyBox 720 repose deux entr\u00e9es combo XLR et jack 6,35 mm d\u00e9di\u00e9es \u00e0 la connexion d\u2019une table de mixage, un micro, une guitare, etc. La diffusion sans fil s\u2019effectue quant \u00e0 elle via un r\u00e9cepteur Bluetooth compatible Auracast. Cette technologie de partage audio universel permet ici de synchroniser la PartyBox 720 avec d\u2019autres enceintes JBL, ou de cr\u00e9er une paire st\u00e9r\u00e9o.<\/p>\n<p>Batterie amovible d&rsquo;une autonomie de 15 h, poign\u00e9e ergonomique, etc.<\/p>\n<p class=\"ed__a-p ed__bdy__l\">La PartyBox 720 int\u00e8gre des jeux de lumi\u00e8res (\u00e9toiles scintillantes, effets stroboscopiques, etc.) qui s\u2019adaptent au rythme de la musique. L\u2019activation\/d\u00e9sactivation de chacun d\u2019entre eux, ainsi que leur couleur, est enti\u00e8rement personnalisable via l\u2019application JBL PartyBox. Bien qu\u2019elle soit con\u00e7ue pour \u00eatre transport\u00e9e, l\u2019enceinte ne poss\u00e8de pas de poign\u00e9e \u00ab\u00a0valise\u00a0\u00bb d\u00e9ployable, contrairement \u00e0 la <a href=\"https:\/\/www.lesnumeriques.com\/enceintes-portables\/jbl-partybox-520-p76406\/test.html\" title=\"JBL PartyBox 520 : une enceinte festive \u00e0 l\u2019\u00e9nergie incommensurable dans un format transportable\" rel=\"nofollow noopener\" target=\"_blank\">PartyBox 520<\/a>, un autre mod\u00e8le de la gamme l\u00e9g\u00e8rement plus petit. Afin de faciliter son d\u00e9placement, elle int\u00e8gre n\u00e9anmoins une large poign\u00e9e ergonomique \u00e0 l\u2019arri\u00e8re, accompagn\u00e9e de roues \u00ab\u00a0\u00e9largies et renforc\u00e9es\u00a0\u00bb.<\/p>\n<p class=\"ed__a-p ed__bdy__l\"><img loading=\"lazy\" decoding=\"async\" src=\"data:image\/svg+xml,%3Csvg xmlns='http:\/\/www.w3.org\/2000\/svg'%3E%3C\/svg%3E\" draggable=\"false\" width=\"9175\" height=\"9175\" class=\"ed__title-xxs\" alt=\"JBL PartyBox 720\" style=\"background-color: #f2f2f2; aspect-ratio:9175\/9175;\"\/><\/p>\n<p class=\"ed__a-p ed__bdy__l\">La batterie rechargeable de la PartyBox 720 promet jusqu\u2019\u00e0 15 h d\u2019autonomie, variable en fonction de l\u2019utilisation des \u00e9clairages. Gr\u00e2ce \u00e0 une fonction de charge rapide, la marque annonce jusqu\u2019\u00e0 2 h d\u2019autonomie pour seulement 10 min de charge. \u00c0 noter que si la batterie fournie avec l\u2019enceinte est d\u00e9charg\u00e9e, elle peut \u00eatre remplac\u00e9e par des batteries JBL Battery 600 vendues en option, afin d\u2019\u00e9tendre consid\u00e9rablement son autonomie.<\/p>\n<p class=\"ed__a-p ed__bdy__l\">La PartyBox 720 sera disponible \u00e0 partir du 1er octobre au prix de 899,99 \u20ac.<\/p>\n<p>            Publicit\u00e9, votre contenu continue ci-dessous<\/p>\n<p>        Publicit\u00e9<\/p>\n<p class=\"ed__a-p ed__bdy__l\">Les Num\u00e9riques s\u2019installe \u00e0 Beaugrenelle Paris pour <a href=\"https:\/\/www.lesnumeriques.com\/evenement\/les-jours-les-plus-tech-2025.html\" rel=\"nofollow noopener\" target=\"_blank\">Les Jours Les Plus Tech<\/a> : d\u00e9monstrations de produits, conseils d\u2019usage ou d\u2019achat, \u00e9changes avec nos journalistes\u2026D\u00e9couvrez le programme complet <a href=\"https:\/\/www.lesnumeriques.com\/evenement\/les-jours-les-plus-tech-2025.html\" rel=\"nofollow noopener\" target=\"_blank\">ici<\/a>.<\/p>\n","protected":false},"excerpt":{"rendered":"JBL PartyBox 720 Prix de lancement 900 \u20ac En l&rsquo;absence d&rsquo;offres d\u00e9couvrez Voir plus d&rsquo;offres Les liens pr\u00e9sent\u00e9s&hellip;\n","protected":false},"author":2,"featured_media":364459,"comment_status":"","ping_status":"","sticky":false,"template":"","format":"standard","meta":{"footnotes":""},"categories":[7],"tags":[1011,27,43,40,41,39,42,44],"class_list":{"0":"post-364458","1":"post","2":"type-post","3":"status-publish","4":"format-standard","5":"has-post-thumbnail","7":"category-sciences-et-technologies","8":"tag-fr","9":"tag-france","10":"tag-science","11":"tag-science-and-technology","12":"tag-sciences","13":"tag-sciences-et-technologies","14":"tag-technologies","15":"tag-technology"},"share_on_mastodon":{"url":"https:\/\/pubeurope.com\/@fr\/115143157208025570","error":""},"_links":{"self":[{"href":"https:\/\/www.europesays.com\/fr\/wp-json\/wp\/v2\/posts\/364458","targetHints":{"allow":["GET"]}}],"collection":[{"href":"https:\/\/www.europesays.com\/fr\/wp-json\/wp\/v2\/posts"}],"about":[{"href":"https:\/\/www.europesays.com\/fr\/wp-json\/wp\/v2\/types\/post"}],"author":[{"embeddable":true,"href":"https:\/\/www.europesays.com\/fr\/wp-json\/wp\/v2\/users\/2"}],"replies":[{"embeddable":true,"href":"https:\/\/www.europesays.com\/fr\/wp-json\/wp\/v2\/comments?post=364458"}],"version-history":[{"count":0,"href":"https:\/\/www.europesays.com\/fr\/wp-json\/wp\/v2\/posts\/364458\/revisions"}],"wp:featuredmedia":[{"embeddable":true,"href":"https:\/\/www.europesays.com\/fr\/wp-json\/wp\/v2\/media\/364459"}],"wp:attachment":[{"href":"https:\/\/www.europesays.com\/fr\/wp-json\/wp\/v2\/media?parent=364458"}],"wp:term":[{"taxonomy":"category","embeddable":true,"href":"https:\/\/www.europesays.com\/fr\/wp-json\/wp\/v2\/categories?post=364458"},{"taxonomy":"post_tag","embeddable":true,"href":"https:\/\/www.europesays.com\/fr\/wp-json\/wp\/v2\/tags?post=364458"}],"curies":[{"name":"wp","href":"https:\/\/api.w.org\/{rel}","templated":true}]}}