{"id":364464,"date":"2025-09-04T00:20:11","date_gmt":"2025-09-04T00:20:11","guid":{"rendered":"https:\/\/www.europesays.com\/fr\/364464\/"},"modified":"2025-09-04T00:20:11","modified_gmt":"2025-09-04T00:20:11","slug":"raphael-glucksmann-justifie-sa-rupture-avec-lfi-y-compris-pour-faire-barrage-au-rn","status":"publish","type":"post","link":"https:\/\/www.europesays.com\/fr\/364464\/","title":{"rendered":"Rapha\u00ebl Glucksmann justifie sa rupture avec LFI, y compris pour faire barrage au RN"},"content":{"rendered":"<p>        <img decoding=\"async\" loading=\"lazy\" src=\"https:\/\/www.europesays.com\/fr\/wp-content\/uploads\/2025\/09\/ab5d128_upload-1-1gazkigstuy3-000-734v4xh.jpg\"  width=\"728\" height=\"410\" alt=\"Le leader de Place Publique Rapha\u00ebl Glucksmann, exclut, dans un entretien \u00e0 \u00ab\u00a0Lib\u00e9ration\u00a0\u00bb publi\u00e9 ce mercredi 3\u00a0septembre, toute union avec LFI aux l\u00e9gislatives, m\u00eame contre le RN.\"\/>  <\/p>\n<p>BERTRAND GUAY \/ AFP<\/p>\n<p>Le leader de Place Publique Rapha\u00ebl Glucksmann, exclut, dans un entretien \u00e0 \u00ab\u00a0Lib\u00e9ration\u00a0\u00bb publi\u00e9 ce mercredi 3\u00a0septembre, toute union avec LFI aux l\u00e9gislatives, m\u00eame contre le RN.<\/p>\n<p class=\"asset asset-text\">POLITIQUE &#8211; Il plaide pour une rupture d\u00e9finitive. Le leader de Place Publique <a href=\"https:\/\/www.huffingtonpost.fr\/politique\/article\/raphael-glucksmann-au-defi-de-transformer-son-succes-ephemere-en-aventure-presidentielle_251602.html\" target=\"_blank\" rel=\"noopener\" title=\"Nouvelle fen\u00eatre\">Rapha\u00ebl Glucksmann<\/a>, exclut, dans un entretien \u00e0<a href=\"https:\/\/www.liberation.fr\/politique\/elections\/raphael-glucksmann-macron-est-il-pret-a-sacrifier-son-attachement-aux-grandes-fortunes-20250903_PVVRL3W6FNAZLPYUMIGF4OW72M\/\" target=\"_blank\" rel=\"noopener\" title=\"Nouvelle fen\u00eatre\"> Lib\u00e9ration<\/a> publi\u00e9 ce mercredi 3\u00a0septembre, toute union avec <a href=\"https:\/\/www.huffingtonpost.fr\/politique\/article\/la-france-insoumise-interdit-l-acces-de-sa-rentree-politique-a-ce-journaliste-du-monde_253855.html\" target=\"_blank\" rel=\"noopener\" title=\"Nouvelle fen\u00eatre\">LFI <\/a>aux l\u00e9gislatives m\u00eame dans les circonscriptions o\u00f9 le RN pourrait l\u2019emporter.<\/p>\n<p class=\"asset asset-text\">Contrairement \u00e0 l\u2019accord du Nouveau Front populaire conclu en juin 2024 avec l\u2019ensemble de la gauche, en cas de nouvelle dissolution, \u00ab\u00a0nous ne reproduirons pas la m\u00eame strat\u00e9gie d\u00e9cid\u00e9e alors dans la h\u00e2te\u00a0\u00bb, affirme le d\u00e9put\u00e9 europ\u00e9en. \u00ab\u00a0Il n\u2019y aura pas d\u2019alliance avec LFI et l\u2019union que nous proposerons se fera dans la clart\u00e9. Elle sera sociale, d\u00e9mocrate, \u00e9cologiste et pro-europ\u00e9enne, sans compromission\u00a0\u00bb, ajoute-t-il.<\/p>\n<p class=\"asset asset-text\">S\u2019il consid\u00e8re que \u00ab\u00a0notre priorit\u00e9 est d\u2019emp\u00eacher l\u2019extr\u00eame droite d\u2019avoir une majorit\u00e9 absolue\u00a0\u00bb, Rapha\u00ebl\u00a0Glucksmann\u00a0\u00ab\u00a0ne pense pas que s\u2019unir avec LFI dans des circonscriptions o\u00f9 il y a un risque RN soit la bonne recette\u00a0\u00bb.<\/p>\n<p>    \u00ab\u00a0Un cadeau pour le RN\u00a0\u00bb    <\/p>\n<p class=\"asset asset-text\">Il juge m\u00eame que \u00ab\u00a0pousser un candidat LFI est le plus beau cadeau \u00e0 leur faire\u00a0! Plus il y a de deuxi\u00e8me tour LFI-RN, plus il y a de chances d\u2019avoir des RN \u00e0 l\u2019Assembl\u00e9e nationale\u00a0\u00bb.<\/p>\n<p class=\"asset asset-text\">Pour Rapha\u00ebl\u00a0Glucksmann, \u00ab\u00a0il faut assumer la rupture\u00a0\u00bb avec LFI, \u00ab\u00a0faire face frontalement au RN sans avoir ce boulet au pied. Et \u0153uvrer au front r\u00e9publicain au 2e tour\u00a0\u00bb.<\/p>\n<p class=\"asset asset-text\">Alors que le PS, les Ecologistes, les ex-insoumis et G\u00e9n\u00e9rations se pr\u00e9parent \u00e0 une primaire de la gauche pour la pr\u00e9sidentielle, Rapha\u00ebl\u00a0Glucksmann\u00a0refuse d\u2019y participer. \u00ab\u00a0Nous savons tous qu\u2019\u00e0 la pr\u00e9sidentielle, il y aura deux offres \u00e0 gauche. Pas \u00e0 cause des \u00e9gos\u00a0: \u00e0 cause des id\u00e9es qui sont trop antinomiques\u00a0\u00bb, argumente-t-il, estimant qu\u2019inviter Jean-Luc M\u00e9lenchon dans une primaire, m\u00eame s\u2019il refuse d\u2019y participer, \u00ab\u00a0\u00e7a veut dire que vous vous engagez \u00e0 voter et \u00e0 faire campagne pour lui s\u2019il gagne\u00a0\u00bb.<\/p>\n<p class=\"asset asset-text\">\u00ab\u00a0On m\u2019explique que Jean-Luc M\u00e9lenchon va perdre. Et alors\u00a0? D\u00e9j\u00e0, il nous a prouv\u00e9 jusqu\u2019ici qu\u2019il faisait de bonnes campagnes. Mais sa simple invitation signifie que vous n\u2019avez rien contre l\u2019hypoth\u00e8se d\u2019un Jean-Luc M\u00e9lenchon pr\u00e9sident. Or je ne ferai pas semblant\u00a0: je le refuse\u00a0\u00bb, affirme-t-il encore.<\/p>\n<p class=\"asset asset-text\">L\u2019eurod\u00e9put\u00e9 consid\u00e8re par ailleurs que \u00ab\u00a0la gauche doit apprendre \u00e0 ne pas \u00eatre sectaire. Si notre strat\u00e9gie est de dire que tous les gens qui ont vot\u00e9 Emmanuel Macron sont des pestif\u00e9r\u00e9s, on va se faire plaisir entre nous, mais on ne gagnera jamais une \u00e9lection\u00a0\u00bb.<\/p>\n","protected":false},"excerpt":{"rendered":"BERTRAND GUAY \/ AFP Le leader de Place Publique Rapha\u00ebl Glucksmann, exclut, dans un entretien \u00e0 \u00ab\u00a0Lib\u00e9ration\u00a0\u00bb publi\u00e9&hellip;\n","protected":false},"author":2,"featured_media":364465,"comment_status":"","ping_status":"","sticky":false,"template":"","format":"standard","meta":{"footnotes":""},"categories":[4],"tags":[11,1011,27,1023,12,4289,316,15923,1078,25],"class_list":{"0":"post-364464","1":"post","2":"type-post","3":"status-publish","4":"format-standard","5":"has-post-thumbnail","7":"category-france","8":"tag-actualites","9":"tag-fr","10":"tag-france","11":"tag-la-france-insoumise-lfi","12":"tag-news","13":"tag-place-publique","14":"tag-politique","15":"tag-raphael-glucksmann","16":"tag-rassemblement-national","17":"tag-republique-francaise"},"share_on_mastodon":{"url":"https:\/\/pubeurope.com\/@fr\/115143168832413425","error":""},"_links":{"self":[{"href":"https:\/\/www.europesays.com\/fr\/wp-json\/wp\/v2\/posts\/364464","targetHints":{"allow":["GET"]}}],"collection":[{"href":"https:\/\/www.europesays.com\/fr\/wp-json\/wp\/v2\/posts"}],"about":[{"href":"https:\/\/www.europesays.com\/fr\/wp-json\/wp\/v2\/types\/post"}],"author":[{"embeddable":true,"href":"https:\/\/www.europesays.com\/fr\/wp-json\/wp\/v2\/users\/2"}],"replies":[{"embeddable":true,"href":"https:\/\/www.europesays.com\/fr\/wp-json\/wp\/v2\/comments?post=364464"}],"version-history":[{"count":0,"href":"https:\/\/www.europesays.com\/fr\/wp-json\/wp\/v2\/posts\/364464\/revisions"}],"wp:featuredmedia":[{"embeddable":true,"href":"https:\/\/www.europesays.com\/fr\/wp-json\/wp\/v2\/media\/364465"}],"wp:attachment":[{"href":"https:\/\/www.europesays.com\/fr\/wp-json\/wp\/v2\/media?parent=364464"}],"wp:term":[{"taxonomy":"category","embeddable":true,"href":"https:\/\/www.europesays.com\/fr\/wp-json\/wp\/v2\/categories?post=364464"},{"taxonomy":"post_tag","embeddable":true,"href":"https:\/\/www.europesays.com\/fr\/wp-json\/wp\/v2\/tags?post=364464"}],"curies":[{"name":"wp","href":"https:\/\/api.w.org\/{rel}","templated":true}]}}