{"id":364468,"date":"2025-09-04T00:22:10","date_gmt":"2025-09-04T00:22:10","guid":{"rendered":"https:\/\/www.europesays.com\/fr\/364468\/"},"modified":"2025-09-04T00:22:10","modified_gmt":"2025-09-04T00:22:10","slug":"lantenne-de-sos-medecins-demenage","status":"publish","type":"post","link":"https:\/\/www.europesays.com\/fr\/364468\/","title":{"rendered":"l&rsquo;antenne de SOS M\u00e9decins d\u00e9m\u00e9nage"},"content":{"rendered":"\n<p>SOS m\u00e9decins \u00e0 Bellevue, c\u2019est fini. L\u2019antenne st\u00e9phanoise qui \u00e9tait implant\u00e9e sur le site de l&rsquo;h\u00f4pital depuis 10 ans d\u00e9m\u00e9nagera ce jeudi, dans le quartier de la Marandini\u00e8re, rue Marcel F\u00e9guide plus pr\u00e9cis\u00e9ment. Pour l\u2019occasion, les consultations des praticiens seront exceptionnellement suspendues de 7 \u00e0 18 heures. Il est demand\u00e9 d\u2019appeler le \u00ab\u00a015\u00a0\u00bb en cas d\u2019extr\u00eame urgence.<\/p>\n<p>La consultation au cabinet de SOS M\u00e9decins Saint-Etienne fonctionne tous les jours de l\u2019ann\u00e9e, jusqu\u2019\u00e0 minuit. Il est possible de prendre rendez-vous par t\u00e9l\u00e9phone au 3624 ou 04 77 33 30 30.<\/p>\n","protected":false},"excerpt":{"rendered":"SOS m\u00e9decins \u00e0 Bellevue, c\u2019est fini. L\u2019antenne st\u00e9phanoise qui \u00e9tait implant\u00e9e sur le site de l&rsquo;h\u00f4pital depuis 10&hellip;\n","protected":false},"author":2,"featured_media":364469,"comment_status":"","ping_status":"","sticky":false,"template":"","format":"standard","meta":{"footnotes":""},"categories":[9653],"tags":[1111,11,2430,49907,1777,674,13407,1011,27,49908,12,25,4001,71,49906],"class_list":{"0":"post-364468","1":"post","2":"type-post","3":"status-publish","4":"format-standard","5":"has-post-thumbnail","7":"category-saint-etienne","8":"tag-actu","9":"tag-actualites","10":"tag-auvergne-rhone-alpes","11":"tag-bellevue","12":"tag-eu","13":"tag-europe","14":"tag-fermeture","15":"tag-fr","16":"tag-france","17":"tag-marandiniere","18":"tag-news","19":"tag-republique-francaise","20":"tag-saint-etienne","21":"tag-sante","22":"tag-sos_medecins"},"share_on_mastodon":{"url":"https:\/\/pubeurope.com\/@fr\/115143176616495472","error":""},"_links":{"self":[{"href":"https:\/\/www.europesays.com\/fr\/wp-json\/wp\/v2\/posts\/364468","targetHints":{"allow":["GET"]}}],"collection":[{"href":"https:\/\/www.europesays.com\/fr\/wp-json\/wp\/v2\/posts"}],"about":[{"href":"https:\/\/www.europesays.com\/fr\/wp-json\/wp\/v2\/types\/post"}],"author":[{"embeddable":true,"href":"https:\/\/www.europesays.com\/fr\/wp-json\/wp\/v2\/users\/2"}],"replies":[{"embeddable":true,"href":"https:\/\/www.europesays.com\/fr\/wp-json\/wp\/v2\/comments?post=364468"}],"version-history":[{"count":0,"href":"https:\/\/www.europesays.com\/fr\/wp-json\/wp\/v2\/posts\/364468\/revisions"}],"wp:featuredmedia":[{"embeddable":true,"href":"https:\/\/www.europesays.com\/fr\/wp-json\/wp\/v2\/media\/364469"}],"wp:attachment":[{"href":"https:\/\/www.europesays.com\/fr\/wp-json\/wp\/v2\/media?parent=364468"}],"wp:term":[{"taxonomy":"category","embeddable":true,"href":"https:\/\/www.europesays.com\/fr\/wp-json\/wp\/v2\/categories?post=364468"},{"taxonomy":"post_tag","embeddable":true,"href":"https:\/\/www.europesays.com\/fr\/wp-json\/wp\/v2\/tags?post=364468"}],"curies":[{"name":"wp","href":"https:\/\/api.w.org\/{rel}","templated":true}]}}