{"id":36447,"date":"2025-04-19T12:10:18","date_gmt":"2025-04-19T12:10:18","guid":{"rendered":"https:\/\/www.europesays.com\/fr\/36447\/"},"modified":"2025-04-19T12:10:18","modified_gmt":"2025-04-19T12:10:18","slug":"pronostic-dunkerque-usl-grenoble-foot-ligue-2","status":"publish","type":"post","link":"https:\/\/www.europesays.com\/fr\/36447\/","title":{"rendered":"Pronostic Dunkerque USL Grenoble Foot &#8211; Ligue 2"},"content":{"rendered":"<p class=\"text-xs leading-5 text-gray-400 mb-2\">\n                        Publi\u00e9 le 18\/04\/2025 04:21<br \/>\n                        \u00a0par<br \/>\n                                                            <a href=\"https:\/\/www.sportytrader.com\/auteur\/steeven-occhipinti-1\/\" target=\"_blank\" rel=\"noopener\">Steeven Occhipinti<\/a><\/p>\n<p>                                                                                                            dans<br \/>\n                                <a data-trans=\"tips.published.competition %competition%\" href=\"https:\/\/www.sportytrader.com\/pronostics\/football\/france\/ligue-2-124\/\" target=\"_blank\" rel=\"noopener\"><br \/>\n                                    Pronostic Ligue 2<br \/>\n                                <\/a><\/p>\n<p style=\"text-align: justify;\">L&rsquo;USL Dunkerque reste la tr\u00e8s belle surprise de la saison en Ligue 2. En plus d&rsquo;\u00eatre all\u00e9 jusqu&rsquo;en demi-finales de la Coupe de France et d&rsquo;avoir fait douter le PSG, le club dunkerquois est bien parti pour disputer les barrages de mont\u00e9e en Ligue 1. M\u00eame s&rsquo;il a perdu 4 fois lors de ses 5 pr\u00e9c\u00e9dentes journ\u00e9es, il reste \u00e0 la 4e place du classement. Il compte une avance de 7 points sur le SC Bastia (6e) et le FC Annecy (7e), \u00e0 seulement 4 rencontres de la fin. L&rsquo;\u00e9quipe de Luis Castro voudra aussi conserver son avance sur l&rsquo;EA Guingamp (5e) pour accueillir lors du 1er tour des barrages de mont\u00e9e. L&rsquo;USL Dunkerque fera donc tout pour l&#8217;emporter lors de sa 31e journ\u00e9e de Ligue 2. Elle va accueillir le Grenoble Foot 38, ce vendredi \u00e0 20h00, au Stade Marcel-Tribut.<\/p>\n<p style=\"text-align: justify;\">Ce sprint final s&rsquo;annonce un peu moins passionnant pour le GF38. Certes, il est dans la premi\u00e8re partie de tableau de la Ligue 2, \u00e0 la 9e position. Il compte cependant pr\u00e8s de 8 longueurs de retard sur le top 5. Difficile donc de l&rsquo;imaginer revenir dans la lutte pour les barrages de mont\u00e9e lors des semaines \u00e0 venir. De plus, les hommes de\u00a0Franck Rizzetto sont tomb\u00e9s lors de 2 de leurs 3 pr\u00e9c\u00e9dentes journ\u00e9es. Ils restent notamment sur un revers face au Paris FC (1-2). L&rsquo;\u00e9curie grenobloise pourrait avoir du mal \u00e0 relancer une spirale positive face \u00e0 une autre \u00e9curie du haut de tableau.<\/p>\n","protected":false},"excerpt":{"rendered":"Publi\u00e9 le 18\/04\/2025 04:21 \u00a0par Steeven Occhipinti dans Pronostic Ligue 2 L&rsquo;USL Dunkerque reste la tr\u00e8s belle surprise&hellip;\n","protected":false},"author":2,"featured_media":36448,"comment_status":"","ping_status":"","sticky":false,"template":"","format":"standard","meta":{"footnotes":""},"categories":[9566],"tags":[1111,11,2430,11704,1777,674,1011,27,2731,11705,446,12,1817,1821,25],"class_list":{"0":"post-36447","1":"post","2":"type-post","3":"status-publish","4":"format-standard","5":"has-post-thumbnail","7":"category-grenoble","8":"tag-actu","9":"tag-actualites","10":"tag-auvergne-rhone-alpes","11":"tag-dunkerque-usl","12":"tag-eu","13":"tag-europe","14":"tag-fr","15":"tag-france","16":"tag-grenoble","17":"tag-grenoble-foot","18":"tag-ligue-2","19":"tag-news","20":"tag-pronostic","21":"tag-pronostics","22":"tag-republique-francaise"},"share_on_mastodon":{"url":"https:\/\/pubeurope.com\/@fr\/114364561773077101","error":""},"_links":{"self":[{"href":"https:\/\/www.europesays.com\/fr\/wp-json\/wp\/v2\/posts\/36447","targetHints":{"allow":["GET"]}}],"collection":[{"href":"https:\/\/www.europesays.com\/fr\/wp-json\/wp\/v2\/posts"}],"about":[{"href":"https:\/\/www.europesays.com\/fr\/wp-json\/wp\/v2\/types\/post"}],"author":[{"embeddable":true,"href":"https:\/\/www.europesays.com\/fr\/wp-json\/wp\/v2\/users\/2"}],"replies":[{"embeddable":true,"href":"https:\/\/www.europesays.com\/fr\/wp-json\/wp\/v2\/comments?post=36447"}],"version-history":[{"count":0,"href":"https:\/\/www.europesays.com\/fr\/wp-json\/wp\/v2\/posts\/36447\/revisions"}],"wp:featuredmedia":[{"embeddable":true,"href":"https:\/\/www.europesays.com\/fr\/wp-json\/wp\/v2\/media\/36448"}],"wp:attachment":[{"href":"https:\/\/www.europesays.com\/fr\/wp-json\/wp\/v2\/media?parent=36447"}],"wp:term":[{"taxonomy":"category","embeddable":true,"href":"https:\/\/www.europesays.com\/fr\/wp-json\/wp\/v2\/categories?post=36447"},{"taxonomy":"post_tag","embeddable":true,"href":"https:\/\/www.europesays.com\/fr\/wp-json\/wp\/v2\/tags?post=36447"}],"curies":[{"name":"wp","href":"https:\/\/api.w.org\/{rel}","templated":true}]}}