{"id":364470,"date":"2025-09-04T00:23:23","date_gmt":"2025-09-04T00:23:23","guid":{"rendered":"https:\/\/www.europesays.com\/fr\/364470\/"},"modified":"2025-09-04T00:23:23","modified_gmt":"2025-09-04T00:23:23","slug":"benjamin-bouchouari-quitte-saint-etienne-pour-la-turquie","status":"publish","type":"post","link":"https:\/\/www.europesays.com\/fr\/364470\/","title":{"rendered":"Benjamin Bouchouari quitte Saint-\u00c9tienne pour la Turquie"},"content":{"rendered":"<p style=\"text-align: justify;\"><strong>TRANSFERTS \u2013 Selon <a href=\"https:\/\/www.footmercato.net\/a5703346375141372009-asse-benjamin-bouchouari-va-signer-a-trabzonspor\" target=\"_blank\" rel=\"noopener\">Foot Mercato<\/a>, Benjamin Bouchouari va quitter Saint-\u00c9tienne pour rejoindre Trabzonspor<\/strong>.<strong><br \/><\/strong><\/p>\n<p style=\"text-align: justify;\">Les Verts n\u2019ont toujours pas perdu sur le d\u00e9but de saison, mais ont malgr\u00e9 tout laiss\u00e9 quatre points en route. Grand favori en <strong>Ligue<\/strong> <strong>2<\/strong>, <strong>Saint-\u00c9tienne<\/strong> a r\u00e9alis\u00e9 un bon mercato au niveau des arriv\u00e9es tout en gardant des joueurs cl\u00e9s de son effectif, comme le tr\u00e8s courtis\u00e9 <strong>Lucas<\/strong> <strong>Stassin<\/strong> ou encore le G\u00e9orgien <strong>Zuriko<\/strong> <strong>Davitashvili<\/strong>.<\/p>\n<p>Benjamin Bouchouari \u00e0 Trabzonspor<\/p>\n<p style=\"text-align: justify;\">Toujours dans l\u2019effectif au moment de la fermeture du mercato dans les principaux championnats, <strong>Benjamin<\/strong> <strong>Bouchouari<\/strong> n\u2019a toujours pas jou\u00e9 cette saison. Et pour cause, l\u2019international marocain est sur le d\u00e9part et cherche un point de chute depuis plusieurs semaines. Il va finalement trouver son bonheur en <strong>Turquie<\/strong> o\u00f9 il est attendu dans la journ\u00e9e.<\/p>\n<p style=\"text-align: justify;\"><strong>Benjamin<\/strong> <strong>Bouchouari<\/strong> va arriver dans l\u2019apr\u00e8s-midi en <strong>Turquie<\/strong> pour passer sa traditionnelle visite m\u00e9dicale. <strong>Trabzonspor<\/strong> va d\u00e9bourser pas moins de 4 millions d\u2019euros, \u00e0 quoi pourrait s\u2019ajouter un million de bonus pour recruter le milieu de terrain marocain. Il va signer un contrat pour trois saisons avec une quatri\u00e8me en option.<\/p>\n<p>\u00c0 ce sujet<br \/>\n<a href=\"https:\/\/dicodusport.fr\/blog\/mercato-asse-2025-2026-le-tableau-complet-des-transferts-arrivees-et-departs\/\" class=\"vlp-link\" title=\"Mercato ASSE 2025-2026 : Le tableau complet des transferts, arriv\u00e9es et d\u00e9parts\" target=\"_blank\" rel=\"noopener\"><img loading=\"lazy\" decoding=\"async\" style=\"max-width: 792px;\" width=\"792\" height=\"445\" class=\"attachment-800x445 size-800x445 perfmatters-lazy\" alt=\"Mercato ASSE 2025-2026 Le tableau complet des transferts, arriv\u00e9es et d\u00e9parts\" src=\"https:\/\/www.europesays.com\/fr\/wp-content\/uploads\/2025\/06\/Mercato-ASSE-2025-2026-Le-tableau-complet-des-transferts-arrivees-et-departs.png\"  data-\/><\/p>\n<p>Mercato ASSE 2025-2026 : Le tableau complet des transferts, arriv\u00e9es et d\u00e9parts<\/p>\n<p>TRANSFERTS ASSE &#8211; Retrouvez tous les mouvements de l&rsquo;Association Sportive Saint-\u00c9tienne pour l&rsquo;intersaison 2025 en Ligue 1. Arriv\u00e9es, d\u00e9part, pr\u00eats, transferts d\u00e9finitifs, ne ratez rien du mercato estival.\u00a0<\/p>\n<p>Lire l&rsquo;article<\/p>\n<p>dicodusport.fr<\/p>\n","protected":false},"excerpt":{"rendered":"TRANSFERTS \u2013 Selon Foot Mercato, Benjamin Bouchouari va quitter Saint-\u00c9tienne pour rejoindre Trabzonspor. Les Verts n\u2019ont toujours pas&hellip;\n","protected":false},"author":2,"featured_media":364471,"comment_status":"","ping_status":"","sticky":false,"template":"","format":"standard","meta":{"footnotes":""},"categories":[9653],"tags":[1111,11,461,2430,2113,1777,674,1011,27,12,25,4001],"class_list":{"0":"post-364470","1":"post","2":"type-post","3":"status-publish","4":"format-standard","5":"has-post-thumbnail","7":"category-saint-etienne","8":"tag-actu","9":"tag-actualites","10":"tag-asse","11":"tag-auvergne-rhone-alpes","12":"tag-breve","13":"tag-eu","14":"tag-europe","15":"tag-fr","16":"tag-france","17":"tag-news","18":"tag-republique-francaise","19":"tag-saint-etienne"},"share_on_mastodon":{"url":"https:\/\/pubeurope.com\/@fr\/115143180563643489","error":""},"_links":{"self":[{"href":"https:\/\/www.europesays.com\/fr\/wp-json\/wp\/v2\/posts\/364470","targetHints":{"allow":["GET"]}}],"collection":[{"href":"https:\/\/www.europesays.com\/fr\/wp-json\/wp\/v2\/posts"}],"about":[{"href":"https:\/\/www.europesays.com\/fr\/wp-json\/wp\/v2\/types\/post"}],"author":[{"embeddable":true,"href":"https:\/\/www.europesays.com\/fr\/wp-json\/wp\/v2\/users\/2"}],"replies":[{"embeddable":true,"href":"https:\/\/www.europesays.com\/fr\/wp-json\/wp\/v2\/comments?post=364470"}],"version-history":[{"count":0,"href":"https:\/\/www.europesays.com\/fr\/wp-json\/wp\/v2\/posts\/364470\/revisions"}],"wp:featuredmedia":[{"embeddable":true,"href":"https:\/\/www.europesays.com\/fr\/wp-json\/wp\/v2\/media\/364471"}],"wp:attachment":[{"href":"https:\/\/www.europesays.com\/fr\/wp-json\/wp\/v2\/media?parent=364470"}],"wp:term":[{"taxonomy":"category","embeddable":true,"href":"https:\/\/www.europesays.com\/fr\/wp-json\/wp\/v2\/categories?post=364470"},{"taxonomy":"post_tag","embeddable":true,"href":"https:\/\/www.europesays.com\/fr\/wp-json\/wp\/v2\/tags?post=364470"}],"curies":[{"name":"wp","href":"https:\/\/api.w.org\/{rel}","templated":true}]}}