{"id":364472,"date":"2025-09-04T00:25:18","date_gmt":"2025-09-04T00:25:18","guid":{"rendered":"https:\/\/www.europesays.com\/fr\/364472\/"},"modified":"2025-09-04T00:25:18","modified_gmt":"2025-09-04T00:25:18","slug":"se-former-a-lutilisation-dune-tablette-numerique","status":"publish","type":"post","link":"https:\/\/www.europesays.com\/fr\/364472\/","title":{"rendered":"Se former \u00e0 l\u2019utilisation d\u2019une tablette num\u00e9rique"},"content":{"rendered":"<p>                                        <a data-no-instant=\"1\" href=\"https:\/\/jhm.fr\/corrida\/?mtm_campaign=BanniereAnimations&amp;mtm_kwd=BanniereAnimations&amp;mtm_source=BanniereAnimations&amp;mtm_medium=BanniereAnimations&amp;mtm_content=BanniereAnimations&amp;mtm_group=BanniereAnimations&amp;mtm_placement=BanniereAnimations\" rel=\"noopener sponsored nofollow\" class=\"a2t-link\" target=\"_blank\" aria-label=\"ANIMATIONS-CTI150219-1 (2)\"><img loading=\"lazy\" decoding=\"async\" src=\"https:\/\/www.europesays.com\/fr\/wp-content\/uploads\/2025\/09\/ANIMATIONS-CTI150219-1-2.gif\" alt=\"\" width=\"1800\" height=\"180\"\/><\/a>                                    <\/p>\n<p>SOS Futur organise une formation \u00e0 la tablette num\u00e9rique avec Sandra Fornes qui interviendra vendredi 5 septembre, \u00e0 14 h, \u00e0 la salle des f\u00eates.\u00a0Treize personnes sont volontaires pour participer \u00e0 une s\u00e9rie de dix s\u00e9ances le vendredi. Le programme sera donn\u00e9 d\u00e8s la premi\u00e8re s\u00e9ance.\u00a0D\u2019autres personnes int\u00e9ress\u00e9es peuvent se faire conna\u00eetre aupr\u00e8s du maire.<\/p>\n","protected":false},"excerpt":{"rendered":"SOS Futur organise une formation \u00e0 la tablette num\u00e9rique avec Sandra Fornes qui interviendra vendredi 5 septembre, \u00e0&hellip;\n","protected":false},"author":2,"featured_media":364473,"comment_status":"","ping_status":"","sticky":false,"template":"","format":"standard","meta":{"footnotes":""},"categories":[9635],"tags":[1111,11,1777,674,1011,27,775,1702,12,25],"class_list":{"0":"post-364472","1":"post","2":"type-post","3":"status-publish","4":"format-standard","5":"has-post-thumbnail","7":"category-nancy","8":"tag-actu","9":"tag-actualites","10":"tag-eu","11":"tag-europe","12":"tag-fr","13":"tag-france","14":"tag-grand-est","15":"tag-nancy","16":"tag-news","17":"tag-republique-francaise"},"share_on_mastodon":{"url":"https:\/\/pubeurope.com\/@fr\/115143188361547929","error":""},"_links":{"self":[{"href":"https:\/\/www.europesays.com\/fr\/wp-json\/wp\/v2\/posts\/364472","targetHints":{"allow":["GET"]}}],"collection":[{"href":"https:\/\/www.europesays.com\/fr\/wp-json\/wp\/v2\/posts"}],"about":[{"href":"https:\/\/www.europesays.com\/fr\/wp-json\/wp\/v2\/types\/post"}],"author":[{"embeddable":true,"href":"https:\/\/www.europesays.com\/fr\/wp-json\/wp\/v2\/users\/2"}],"replies":[{"embeddable":true,"href":"https:\/\/www.europesays.com\/fr\/wp-json\/wp\/v2\/comments?post=364472"}],"version-history":[{"count":0,"href":"https:\/\/www.europesays.com\/fr\/wp-json\/wp\/v2\/posts\/364472\/revisions"}],"wp:featuredmedia":[{"embeddable":true,"href":"https:\/\/www.europesays.com\/fr\/wp-json\/wp\/v2\/media\/364473"}],"wp:attachment":[{"href":"https:\/\/www.europesays.com\/fr\/wp-json\/wp\/v2\/media?parent=364472"}],"wp:term":[{"taxonomy":"category","embeddable":true,"href":"https:\/\/www.europesays.com\/fr\/wp-json\/wp\/v2\/categories?post=364472"},{"taxonomy":"post_tag","embeddable":true,"href":"https:\/\/www.europesays.com\/fr\/wp-json\/wp\/v2\/tags?post=364472"}],"curies":[{"name":"wp","href":"https:\/\/api.w.org\/{rel}","templated":true}]}}