{"id":364475,"date":"2025-09-04T00:28:21","date_gmt":"2025-09-04T00:28:21","guid":{"rendered":"https:\/\/www.europesays.com\/fr\/364475\/"},"modified":"2025-09-04T00:28:21","modified_gmt":"2025-09-04T00:28:21","slug":"a-la-farlede-la-ville-veut-developper-les-competences-des-agents-communaux","status":"publish","type":"post","link":"https:\/\/www.europesays.com\/fr\/364475\/","title":{"rendered":"\u00c0 La Farl\u00e8de, la Ville veut d\u00e9velopper les comp\u00e9tences des agents communaux"},"content":{"rendered":"<p>                    <img loading=\"lazy\" decoding=\"async\" src=\"https:\/\/www.europesays.com\/fr\/wp-content\/uploads\/2025\/09\/388800192f4f2139c05266cd75e2a5.png\" class=\"img-responsive post-image\" width=\"680\" height=\"510\" alt=\"\u00c0 La Farl\u00e8de, la Ville\" title=\"\u00c0 La Farl\u00e8de, la Ville veut d\u00e9velopper les comp\u00e9tences des agents communaux\"\/><\/p>\n<p class=\"chapo\">La Ville a sign\u00e9 un partenariat avec la et la d\u00e9l\u00e9gation Provence-Alpes-C\u00f4te d\u2019Azur du Centre National de la Fonction Publique Territoriale (CNFPT).<\/p>\n<p>Il vise \u00e0 d\u00e9velopper les comp\u00e9tences des agents de la collectivit\u00e9 et accompagner les projets de la commune. En coh\u00e9rence avec les enjeux strat\u00e9giques d\u2019accompagnement des transitions des collectivit\u00e9s, les deux institutions s\u2019engagent sur un partenariat pluriannuel (2025-2028) qui se traduira en sessions de formation au sein de la collectivit\u00e9, avec un \u00e9v\u00e9nement phare sur la cybers\u00e9curit\u00e9 en octobre 2025.<br class=\"texte\"\/><br \/>\n\u00ab\u00a0Cette collaboration, qui s\u2019inscrit dans une d\u00e9marche d\u2019innovation et de modernisation du service public, vise \u00e0 r\u00e9pondre aux d\u00e9fis contemporains de l\u2019administration locale. Transitions \u00e9cologique, num\u00e9rique, soci\u00e9tale et professionnelle, le service public local est en pleine mutation et doit relever tant le d\u00e9fi de sa transformation que celui de l\u2019attractivit\u00e9 et de la fid\u00e9lisation des agents. Il lui faut s\u2019adapter et se r\u00e9inventer pour prendre en compte les attentes de la soci\u00e9t\u00e9 et les besoins des citoyens. Ces transformations n\u00e9cessitent au-del\u00e0 de l\u2019adaptation des politiques publiques, un plan d\u2019accompagnement et de d\u00e9veloppement des comp\u00e9tences\u00a0\u00bb, indique <strong>Yves Palmieri,<\/strong> le maire.<\/p>\n<p>ENGAGEMENTS<\/p>\n<p>Forte de 169 agents r\u00e9partis sur 7 fili\u00e8res et 58 m\u00e9tiers, La Farl\u00e8de s\u2019est engag\u00e9e dans cinq transitions majeures\u00a0: \u00e9cologique, num\u00e9rique, sociale, soci\u00e9tale et d\u00e9mocratique.<br class=\"autobr\"\/><br \/>\n\u00ab\u00a0 Le d\u00e9veloppement des comp\u00e9tences constitue l\u2019un des leviers d\u2019action de notre collectivit\u00e9 pour accompagner et mettre en \u0153uvre sa politique locale. Cela n\u00e9cessite une expertise et une polyvalence des agents dans un environnement qui doit s\u2019adapter constamment aux exigences de services publics attendues par les habitants et ceci dans un contexte financier de plus en plus contraint. Ainsi, notre collectivit\u00e9 a traduit ses engagements en mettant un place un plan de formation pluriannuel structur\u00e9 autour de cinq axes th\u00e9matiques, visant \u00e0 faire un mod\u00e8le de collectivit\u00e9 vertueuse, durable, efficiente et bienveillante \u00a0\u00bb, ajoute le premier magistrat.<br class=\"autobr\"\/><br \/>\nDe son c\u00f4t\u00e9, le CNFPT, principal acteur de la formation des agents territoriaux, accompagne les collectivit\u00e9s et leurs agents et s\u2019adapte en permanence aux enjeux du service public local et \u00e0 ses diff\u00e9rentes transitions. \u00c0 ce titre, l\u2019\u00e9tablissement a pris 10 engagements en faveur de la transition \u00e9cologique, qui se traduisent dans une offre de formation d\u00e9di\u00e9e. La structure s\u2019investit \u00e9galement aux c\u00f4t\u00e9s de collectivit\u00e9s pour les accompagner face aux transitions professionnelles (professionnalisation des acteurs RH et dispositifs d\u2019accompagnement des mobilit\u00e9s). Enfin, l\u2019\u00e9tablissement aide les collectivit\u00e9s dans leurs transformations organisationnelles et dans le cadre des nouveaux enjeux de la relation \u00e0 l\u2019usager (num\u00e9rique, participation, proximit\u00e9). C\u2019est en analysant les besoins des collectivit\u00e9s \u00e0 travers l\u2019\u00e9coute territoriale et les diagnostics de territoire, que la d\u00e9l\u00e9gation Provence-Alpes-C\u00f4te d\u2019Azur met en \u0153uvre une offre de service r\u00e9gionale de qualit\u00e9, adapt\u00e9e aux \u00e9volutions du territoire.<\/p>\n<p>CYBER-CRISE EN IMMERSION<\/p>\n<p>Point d\u2019orgue de ce partenariat, la Ville et la d\u00e9l\u00e9gation du CNFPT organisent le 10 octobre prochain un \u00e9v\u00e9nement r\u00e9gional intitul\u00e9 \u00ab\u00a0<strong>Cyber-crise en immersion, ma\u00eetrisez les enjeux strat\u00e9giques et communicationnels <\/strong>\u00a0\u00bb.<br class=\"autobr\"\/><br \/>\nOrganis\u00e9e dans le cadre du mois europ\u00e9en de la cybers\u00e9curit\u00e9, le maire d\u00e9taille le programme de cette journ\u00e9e de formation\u00a0: \u00ab\u00a0Elle proposera une exp\u00e9rience in\u00e9dite de gestion de crise-cyber. L\u2019\u00e9v\u00e9nement combinera une mise en situation r\u00e9elle de cyberattaque et des conf\u00e9rences et des tables rondes permettant un partage d\u2019exp\u00e9riences entre professionnels. Cette initiative, destin\u00e9e aux dirigeants et acteurs de la cybers\u00e9curit\u00e9 des collectivit\u00e9s de la r\u00e9gion, illustre l\u2019ambition du partenariat qui est d\u2019allier la formation pratique, l\u2019innovation p\u00e9dagogique et la mutualisation des comp\u00e9tences pour renforcer la r\u00e9silience des administrations territoriales face aux d\u00e9fis actuels\u00a0\u00bb.<\/p>\n<p>Photo de Une \u00a9Alain BLANCHOT<\/p>\n","protected":false},"excerpt":{"rendered":"La Ville a sign\u00e9 un partenariat avec la et la d\u00e9l\u00e9gation Provence-Alpes-C\u00f4te d\u2019Azur du Centre National de la&hellip;\n","protected":false},"author":2,"featured_media":364476,"comment_status":"","ping_status":"","sticky":false,"template":"","format":"standard","meta":{"footnotes":""},"categories":[9619],"tags":[1111,11,2408,1777,674,1011,27,12,882,25,2310],"class_list":{"0":"post-364475","1":"post","2":"type-post","3":"status-publish","4":"format-standard","5":"has-post-thumbnail","7":"category-toulon","8":"tag-actu","9":"tag-actualites","10":"tag-appels-d","11":"tag-eu","12":"tag-europe","13":"tag-fr","14":"tag-france","15":"tag-news","16":"tag-provence-alpes-cote-dazur","17":"tag-republique-francaise","18":"tag-toulon"},"share_on_mastodon":{"url":"https:\/\/pubeurope.com\/@fr\/115143200270510219","error":""},"_links":{"self":[{"href":"https:\/\/www.europesays.com\/fr\/wp-json\/wp\/v2\/posts\/364475","targetHints":{"allow":["GET"]}}],"collection":[{"href":"https:\/\/www.europesays.com\/fr\/wp-json\/wp\/v2\/posts"}],"about":[{"href":"https:\/\/www.europesays.com\/fr\/wp-json\/wp\/v2\/types\/post"}],"author":[{"embeddable":true,"href":"https:\/\/www.europesays.com\/fr\/wp-json\/wp\/v2\/users\/2"}],"replies":[{"embeddable":true,"href":"https:\/\/www.europesays.com\/fr\/wp-json\/wp\/v2\/comments?post=364475"}],"version-history":[{"count":0,"href":"https:\/\/www.europesays.com\/fr\/wp-json\/wp\/v2\/posts\/364475\/revisions"}],"wp:featuredmedia":[{"embeddable":true,"href":"https:\/\/www.europesays.com\/fr\/wp-json\/wp\/v2\/media\/364476"}],"wp:attachment":[{"href":"https:\/\/www.europesays.com\/fr\/wp-json\/wp\/v2\/media?parent=364475"}],"wp:term":[{"taxonomy":"category","embeddable":true,"href":"https:\/\/www.europesays.com\/fr\/wp-json\/wp\/v2\/categories?post=364475"},{"taxonomy":"post_tag","embeddable":true,"href":"https:\/\/www.europesays.com\/fr\/wp-json\/wp\/v2\/tags?post=364475"}],"curies":[{"name":"wp","href":"https:\/\/api.w.org\/{rel}","templated":true}]}}