{"id":364477,"date":"2025-09-04T00:29:11","date_gmt":"2025-09-04T00:29:11","guid":{"rendered":"https:\/\/www.europesays.com\/fr\/364477\/"},"modified":"2025-09-04T00:29:11","modified_gmt":"2025-09-04T00:29:11","slug":"lenni-nouchi-explique-sa-decision-de-refuser-le-rct-jai-appele-toulon-pour-les-tenir-au-courant","status":"publish","type":"post","link":"https:\/\/www.europesays.com\/fr\/364477\/","title":{"rendered":"Lenni Nouchi explique sa d\u00e9cision de refuser le RCT : \u00ab J\u2019ai appel\u00e9 Toulon pour les tenir au courant \u00bb"},"content":{"rendered":"<p>Le troisi\u00e8me ligne de Montpellier, Lenni Nouchi \u00e9tait r\u00e9cemment en contact avec le Rugby Club Toulonnais.<\/p>\n<p>En fin de contrat avec le MHR au mois de juin 2026, il aurait re\u00e7u une belle offre de la part du club Varois portant sur les quatre prochaines saisons.<\/p>\n<p>Mais apr\u00e8s r\u00e9flexion, ce-dernier a d\u00e9cid\u00e9 de rester fid\u00e8le \u00e0 Montpellier et a donc prolong\u00e9 son bail.<\/p>\n<p><strong>Interrog\u00e9 via <a href=\"https:\/\/www.midilibre.fr\/2025\/09\/02\/mon-histoire-avec-le-mhr-nest-pas-finie-lenni-nouchi-se-confie-sur-sa-prolongation-et-montpellier-12900111.php\" rel=\"nofollow noopener\" target=\"_blank\">Midi Libre<\/a>, Lenni Nouchi a dans un premier temps se sentir tr\u00e8s bien, lui qui a termin\u00e9 la saison derni\u00e8re avec une blessure \u00e0 un genou. Extrait:<\/strong><\/p>\n<p>C\u2019est de l\u2019histoire ancienne. J\u2019ai d\u00fb adapter mes vacances parce qu\u2019il fallait que je revienne pr\u00eat physiquement pour la reprise. J\u2019ai fait toute ma r\u00e9athl\u00e9tisation sur B\u00e9ziers. Je suis revenu en m\u00eame temps que les mecs, sans douleur, je suis content.<\/p>\n<p><strong>Il conc\u00e8de \u00eatre d\u00e9\u00e7u de ne pas avoir pu participer \u00e0 la Tourn\u00e9e estivale du XV de France en Nouvelle-Z\u00e9lande. Extrait!<\/strong><\/p>\n<p>Sur le coup, il y avait des regrets, c\u2019est s\u00fbr. J\u2019avais fait une belle fin de saison et je m\u2019\u00e9tais fix\u00e9 l\u2019objectif de disputer une deuxi\u00e8me tourn\u00e9e d\u2019\u00e9t\u00e9 (apr\u00e8s celle en Argentine, l\u2019an dernier). Malheureusement, je n\u2019ai pas pu postuler. Les absents ont toujours tort. Maintenant, je me pr\u00e9pare en cons\u00e9quence pour y retourner d\u00e8s que possible.<\/p>\n<p><strong>Questionn\u00e9 sur ses n\u00e9gociations avec Toulon et sa prolongation avec Montpellier, il indique avoir bien v\u00e9cu ce moment. Extrait:<\/strong><\/p>\n<p>Franchement, bien. J\u2019\u00e9tais bien accompagn\u00e9. Sur mes quatre premi\u00e8res saisons \u00e0 Montpellier, je resignais tr\u00e8s t\u00f4t, sans laisser place au doute. Cet \u00e9t\u00e9, je me suis pos\u00e9 des questions sur mon avenir et ce qui pourrait \u00eatre le mieux pour moi. Et le mieux, c\u2019est de rester dans le club qui m\u2019a form\u00e9. Mon histoire avec le MHR n\u2019est pas finie.<\/p>\n<p><strong>Il explique sa d\u00e9cision de rester \u00e0 Montpellier plut\u00f4t que de signer \u00e0 Toulon. Extrait:<\/strong><\/p>\n<p>J\u2019ai fait trois ans en pro. On a fini 11e, 13e et 9e. Je n\u2019avais pas envie d\u2019\u00eatre le jeune qui \u00e9cl\u00f4t \u00e0 Montpellier et qui part dans un autre club d\u00e8s qu\u2019il peut. Si je dois partir en 2028, ce sera comme un joueur qui a inscrit son nom dans l\u2019histoire de ce jeune club. Je veux remettre Montpellier \u00e0 la place qu\u2019il avait il y a quelques ann\u00e9es.<\/p>\n<p><strong>Il avoue cependant avoir h\u00e9sit\u00e9 lorsque le RCT a tent\u00e9 de l\u2019enr\u00f4ler. Extrait:<\/strong><\/p>\n<p>Oui, et les coaches sont au courant. Toulon est un club historique. Mon p\u00e8re a d\u00e9marr\u00e9 l\u00e0-bas, \u00e7a pouvait pencher dans la balance. J\u2019ai longuement r\u00e9fl\u00e9chi. J\u2019avais ce projet toulonnais qui m\u2019int\u00e9ressait r\u00e9ellement, je me posais beaucoup de questions. Mais c\u2019est ici que je veux continuer. On sait qu\u2019on a un super effectif, il faut que \u00e7a prenne. Tous les mecs dans le vestiaire veulent revivre des phases finales, des ambiances chaudes.<\/p>\n<p><strong>Il affirme avoir pris les avis de son p\u00e8re et de son agent avant de prendre sa d\u00e9cision. Extrait:<\/strong><\/p>\n<p>Mon agent, d\u00e9j\u00e0. Mon p\u00e8re, beaucoup. Il m\u2019\u00e9paule beaucoup mais il ne voulait pas trop m\u2019aiguiller parce qu\u2019il ne voulait pas que son avis ne p\u00e8se pas trop dans la balance. Ma maman, mes fr\u00e8res\u2026 Ils m\u2019ont pos\u00e9 les bonnes questions. J\u2019avais besoin de \u00e7a, d\u2019\u00e9changer.<\/p>\n<p><strong>Il pr\u00e9cise \u00e9galement avoir \u00e9chang\u00e9 avec certains de ses co\u00e9quipiers du MHR, dans le vestiaire. Extrait:<\/strong><\/p>\n<p>Oui, bien s\u00fbr. On a envie de savoir ce que fait l\u2019un ou\u00a0l\u2019autre. Si la moiti\u00e9 du vestiaire \u00e9tait partie, ma d\u00e9cision serait diff\u00e9rente. Forc\u00e9ment, il y a des affinit\u00e9s avec les mecs. Je suis arriv\u00e9 dans un groupe tr\u00e8s t\u00f4t, je m\u2019y sens tr\u00e8s bien. La d\u00e9cision reste individuelle, certes, mais \u00e7a penche un peu dans la balance.<\/p>\n<p><strong>Il affirme avoir appel\u00e9 la direction du RCT le 15 ao\u00fbt pour annoncer son choix de rester \u00e0 Montpellier. Extrait:<\/strong><\/p>\n<p>J\u2019ai pris la d\u00e9cision vendredi (15 ao\u00fbt) de rester. J\u2019ai appel\u00e9 Toulon pour les tenir au courant. Je voulais le faire avant le d\u00e9but du stage \u00e0 Loudenvielle pour le lib\u00e9rer. Je voulais pr\u00e9venir tout le monde avant de r\u00e9ellement commencer la saison.<\/p>\n","protected":false},"excerpt":{"rendered":"Le troisi\u00e8me ligne de Montpellier, Lenni Nouchi \u00e9tait r\u00e9cemment en contact avec le Rugby Club Toulonnais. En fin&hellip;\n","protected":false},"author":2,"featured_media":327903,"comment_status":"","ping_status":"","sticky":false,"template":"","format":"standard","meta":{"footnotes":""},"categories":[9619],"tags":[1111,11,1777,674,1011,27,12,882,25,2310],"class_list":{"0":"post-364477","1":"post","2":"type-post","3":"status-publish","4":"format-standard","5":"has-post-thumbnail","7":"category-toulon","8":"tag-actu","9":"tag-actualites","10":"tag-eu","11":"tag-europe","12":"tag-fr","13":"tag-france","14":"tag-news","15":"tag-provence-alpes-cote-dazur","16":"tag-republique-francaise","17":"tag-toulon"},"share_on_mastodon":{"url":"https:\/\/pubeurope.com\/@fr\/115143204222160630","error":""},"_links":{"self":[{"href":"https:\/\/www.europesays.com\/fr\/wp-json\/wp\/v2\/posts\/364477","targetHints":{"allow":["GET"]}}],"collection":[{"href":"https:\/\/www.europesays.com\/fr\/wp-json\/wp\/v2\/posts"}],"about":[{"href":"https:\/\/www.europesays.com\/fr\/wp-json\/wp\/v2\/types\/post"}],"author":[{"embeddable":true,"href":"https:\/\/www.europesays.com\/fr\/wp-json\/wp\/v2\/users\/2"}],"replies":[{"embeddable":true,"href":"https:\/\/www.europesays.com\/fr\/wp-json\/wp\/v2\/comments?post=364477"}],"version-history":[{"count":0,"href":"https:\/\/www.europesays.com\/fr\/wp-json\/wp\/v2\/posts\/364477\/revisions"}],"wp:featuredmedia":[{"embeddable":true,"href":"https:\/\/www.europesays.com\/fr\/wp-json\/wp\/v2\/media\/327903"}],"wp:attachment":[{"href":"https:\/\/www.europesays.com\/fr\/wp-json\/wp\/v2\/media?parent=364477"}],"wp:term":[{"taxonomy":"category","embeddable":true,"href":"https:\/\/www.europesays.com\/fr\/wp-json\/wp\/v2\/categories?post=364477"},{"taxonomy":"post_tag","embeddable":true,"href":"https:\/\/www.europesays.com\/fr\/wp-json\/wp\/v2\/tags?post=364477"}],"curies":[{"name":"wp","href":"https:\/\/api.w.org\/{rel}","templated":true}]}}