{"id":364480,"date":"2025-09-04T00:31:18","date_gmt":"2025-09-04T00:31:18","guid":{"rendered":"https:\/\/www.europesays.com\/fr\/364480\/"},"modified":"2025-09-04T00:31:18","modified_gmt":"2025-09-04T00:31:18","slug":"rugby-scapulaire-mael-moustin-a-prolonge-avec-montpellier","status":"publish","type":"post","link":"https:\/\/www.europesays.com\/fr\/364480\/","title":{"rendered":"Rugby Scapulaire &#8211; Mael Moustin a prolong\u00e9 avec Montpellier"},"content":{"rendered":"<p>\u00a0<\/p>\n<p>Notre ancien ailier Espoir, <strong>Ma\u00ebl Moustin<\/strong>, qui<br \/>\navait rejoint Montpellier la saison pass\u00e9e, vient de prolonger son<br \/>\ncontrat avec le club h\u00e9raultais pour une saison suppl\u00e9mentaire. Il<br \/>\nest d\u00e9sormais li\u00e9 avec le MHR jusqu\u2019en 2028. C\u2019est le directeur du<br \/>\nrugby, <strong>Bernard Laporte<\/strong>, qui l\u2019a annonc\u00e9 lors d\u2019une<br \/>\ninterview au <a href=\"https:\/\/www.midilibre.fr\/2025\/08\/31\/lexperience-ca-ne-sachete-pas-dans-un-supermarche-bernard-laporte-directeur-du-rugby-du-mhr-se-confie-avant-le-debut-du-top-14-12899723.php\" rel=\"nofollow noopener\" target=\"_blank\"><br \/>\nMidi Libre<\/a><br \/>\n:<\/p>\n<blockquote>\n<p>\u201cOn a aussi prolong\u00e9 <strong>Bastien Chalureau<\/strong> (2028),<br \/>\n<strong>Ma\u00ebl Moustin<\/strong> (2028) ou <strong>Yacouba<br \/>\nCamara<\/strong> (2028). Des t\u00eates d\u2019affiche qui ont \u00e9t\u00e9, qui sont<br \/>\nou qui seront aux portes de l\u2019\u00e9quipe de France. Si des mecs comme<br \/>\n<strong>Baptiste<\/strong>, <strong>Lenni<\/strong> ou<br \/>\n<strong>Ma\u00ebl<\/strong> croient en ce qu\u2019il se passe ici, qu\u2019ils s\u2019y<br \/>\nsentent bien. C\u2019est \u00e0 eux \u00e0 nous aider \u00e0 fabriquer cette \u00e9quipe.<br \/>\nPour construire sur la dur\u00e9e, il ne faut pas une \u00e9quipe qui un jour<br \/>\nest 2e, et l\u2019autre 10e, \u00e7a n\u2019existe pas \u00e7a.<br \/>\nLe haut niveau, c\u2019est la continuit\u00e9\u201d.<\/p>\n<\/blockquote>\n","protected":false},"excerpt":{"rendered":"\u00a0 Notre ancien ailier Espoir, Ma\u00ebl Moustin, qui avait rejoint Montpellier la saison pass\u00e9e, vient de prolonger son&hellip;\n","protected":false},"author":2,"featured_media":364481,"comment_status":"","ping_status":"","sticky":false,"template":"","format":"standard","meta":{"footnotes":""},"categories":[9599],"tags":[1111,11,1777,674,1011,27,2208,12,2680,25],"class_list":{"0":"post-364480","1":"post","2":"type-post","3":"status-publish","4":"format-standard","5":"has-post-thumbnail","7":"category-montpellier","8":"tag-actu","9":"tag-actualites","10":"tag-eu","11":"tag-europe","12":"tag-fr","13":"tag-france","14":"tag-montpellier","15":"tag-news","16":"tag-occitanie","17":"tag-republique-francaise"},"share_on_mastodon":{"url":"https:\/\/pubeurope.com\/@fr\/115143211927864980","error":""},"_links":{"self":[{"href":"https:\/\/www.europesays.com\/fr\/wp-json\/wp\/v2\/posts\/364480","targetHints":{"allow":["GET"]}}],"collection":[{"href":"https:\/\/www.europesays.com\/fr\/wp-json\/wp\/v2\/posts"}],"about":[{"href":"https:\/\/www.europesays.com\/fr\/wp-json\/wp\/v2\/types\/post"}],"author":[{"embeddable":true,"href":"https:\/\/www.europesays.com\/fr\/wp-json\/wp\/v2\/users\/2"}],"replies":[{"embeddable":true,"href":"https:\/\/www.europesays.com\/fr\/wp-json\/wp\/v2\/comments?post=364480"}],"version-history":[{"count":0,"href":"https:\/\/www.europesays.com\/fr\/wp-json\/wp\/v2\/posts\/364480\/revisions"}],"wp:featuredmedia":[{"embeddable":true,"href":"https:\/\/www.europesays.com\/fr\/wp-json\/wp\/v2\/media\/364481"}],"wp:attachment":[{"href":"https:\/\/www.europesays.com\/fr\/wp-json\/wp\/v2\/media?parent=364480"}],"wp:term":[{"taxonomy":"category","embeddable":true,"href":"https:\/\/www.europesays.com\/fr\/wp-json\/wp\/v2\/categories?post=364480"},{"taxonomy":"post_tag","embeddable":true,"href":"https:\/\/www.europesays.com\/fr\/wp-json\/wp\/v2\/tags?post=364480"}],"curies":[{"name":"wp","href":"https:\/\/api.w.org\/{rel}","templated":true}]}}