{"id":364482,"date":"2025-09-04T00:37:33","date_gmt":"2025-09-04T00:37:33","guid":{"rendered":"https:\/\/www.europesays.com\/fr\/364482\/"},"modified":"2025-09-04T00:37:33","modified_gmt":"2025-09-04T00:37:33","slug":"delibere-le-12-septembre-pour-trois-freres-suspectes-davoir-violemment-agresse-un-lyceen-en-avril-2025-a-echirolles","status":"publish","type":"post","link":"https:\/\/www.europesays.com\/fr\/364482\/","title":{"rendered":"D\u00e9lib\u00e9r\u00e9 le 12 septembre pour trois fr\u00e8res suspect\u00e9s d&rsquo;avoir violemment agress\u00e9 un lyc\u00e9en en avril 2025 \u00e0 \u00c9chirolles"},"content":{"rendered":"<p>Trois fr\u00e8res \u00e2g\u00e9s de 25 \u00e0 31 ans \u00e9taient jug\u00e9s ce mardi 2 septembre \u00e0 Grenoble pour avoir violemment agress\u00e9 un lyc\u00e9en \u00e0 \u00c9chirolles le 17 avril 2025. Deux d&rsquo;entre eux nient leur pr\u00e9sence sur les lieux. Le parquet requiert de la prison ferme. Le jugement sera rendu dans une semaine. <\/p>\n<p>C&rsquo;\u00e9tait une sc\u00e8ne de violence dont les t\u00e9moins se souviendront s\u00fbrement longtemps. Le 17 avril 2025 \u00e0 \u00c9chirolles, un lyc\u00e9en de 17 ans attendu \u00e0 la sortie de son \u00e9tablissement avait \u00e9t\u00e9 pris \u00e0 partie par trois hommes, dont deux cagoul\u00e9s, et <strong>frapp\u00e9 de 11 coups de couteau<\/strong> dont un, perforant, au thorax. Une victime qui s&rsquo;en est finalement bien sortie physiquement mais qui reste marqu\u00e9e psychologiquement selon son avocat. Deux mois apr\u00e8s, trois hommes d&rsquo;une m\u00eame famille avaient \u00e9t\u00e9 interpell\u00e9s dont deux plac\u00e9s en d\u00e9tention provisoire et le troisi\u00e8me sous contr\u00f4le judiciaire. Les trois agresseurs pr\u00e9sum\u00e9s, des fr\u00e8res \u00e2g\u00e9s de 25, 28 et 31 ans comparaissaient ce mardi 2 septembre au Palais de Justice de Grenoble. <strong>Le parquet a requis quatre ans de prison<\/strong> assortis d&rsquo;un an de sursis pour les deux plus \u00e2g\u00e9s et quatre ans assortis de trois ans de sursis pour le plus jeune, qui est le seul \u00e0 reconna\u00eetre avoir \u00e9t\u00e9 pr\u00e9sent sur place, confondu par la vid\u00e9osurveillance.<\/p>\n<p>\u00c0 lire aussi   <img decoding=\"async\" src=\"https:\/\/www.europesays.com\/fr\/wp-content\/uploads\/2025\/09\/1756946252_65_560x315\" alt=\"Devant le lyc\u00e9e Marie Curie d'Echirolles ce jeudi 17 avril 2025\" style=\"--_image-preview:url('data:image\/jpeg;base64,\/9j\/2wBDACgcHiMeGSgjISMtKygwPGRBPDc3PHtYXUlkkYCZlo+AjIqgtObDoKrarYqMyP\/L2u71\/\/\/\/m8H\/\/\/\/6\/+b9\/\/j\/2wBDASstLTw1PHZBQXb4pYyl+Pj4+Pj4+Pj4+Pj4+Pj4+Pj4+Pj4+Pj4+Pj4+Pj4+Pj4+Pj4+Pj4+Pj4+Pj4+Pj4+Pj\/wAARCAAXACoDASIAAhEBAxEB\/8QAFwABAQEBAAAAAAAAAAAAAAAAAAEDAv\/EABgQAQADAQAAAAAAAAAAAAAAAAABERIC\/8QAFQEBAQAAAAAAAAAAAAAAAAAAAAH\/xAAUEQEAAAAAAAAAAAAAAAAAAAAA\/9oADAMBAAIRAxEAPwDfRpjHSx0DXRbOywd6NM7TQOIdQAKACSgCv\/\/Z');\" loading=\"lazy\" fetchpriority=\"low\" aria-hidden=\"true\" class=\"svelte-1pnmlwx rounded\" onload=\"this.__e=event\" onerror=\"this.__e=event\"\/>Un pr\u00e9venu qui \u00e9tait sur place mais actif dans un moment \u00ab\u00a0d&rsquo;absence\u00a0\u00bb<\/p>\n<p>Outre les explications avanc\u00e9es uniquement face aux preuves et a minima, le manque de r\u00e9ponses est ce qui a globalement caract\u00e9ris\u00e9 les 5 heures d&rsquo;audiences au tribunal, pour tenter de faire la lumi\u00e8re sur une sc\u00e8ne qui aura pris en tout et pour tout une dizaine de secondes. Ce 17 avril peu avant midi, si le plus jeune des pr\u00e9venus, \u00e9tudiant en \u00e9cole de commerce, se pr\u00e9sente devant le lyc\u00e9e Marie Curie c&rsquo;est, dit-il, pour prendre en charge et \u00ab\u00a0s\u00e9curiser\u00a0\u00bb la sortie d&rsquo;un petit fr\u00e8re, \u00e9l\u00e8ve dans l&rsquo;\u00e9tablissement et lui-m\u00eame agress\u00e9 quelques jours auparavant. Par qui et pourquoi\u00a0? Pas de r\u00e9ponse. Pourquoi retrouve-t-il sur place \u00ab\u00a0sans savoir qu&rsquo;il y \u00e9tait\u00a0\u00bb, son p\u00e8re avec lequel il avait eu un contact t\u00e9l\u00e9phonique quelques minutes auparavant\u00a0? Un p\u00e8re arm\u00e9 d&rsquo;une matraque dont le fils va s&#8217;emparer parce que \u00ab\u00a0\u00e7a n&rsquo;avait rien \u00e0 faire dans ses mains\u00a0\u00bb, alors qu&rsquo;arrivent par ailleurs deux hommes cagoul\u00e9s. Et pourquoi enfin il va frapper la victime puis \u00e9carter les lyc\u00e9ens qui tentent d&rsquo;intervenir\u00a0? \u00ab\u00a0J&rsquo;ai eu une absence\u00a0\u00bb, \u00ab\u00a0une d\u00e9connection\u00a0\u00bb, dit-il pour des actes qu&rsquo;il regrette mais n&rsquo;explique pas.<\/p>\n<p>D&rsquo;autres qui \u00e9taient, \u00ab\u00a0peut-\u00eatre dans le secteur\u00a0\u00bb mais pas sur le lieu m\u00eame de l&rsquo;agression<\/p>\n<p>Quant aux deux hommes cagoul\u00e9s qu&rsquo;il se dit incapable d&rsquo;identifier, myst\u00e8re. Partant d&rsquo;un t\u00e9moignage de lyc\u00e9en sur un diff\u00e9rend possible entre la victime et le jeune fr\u00e8re, les enqu\u00eateurs eux vont recouper t\u00e9moignages, d\u00e9tails de vid\u00e9osurveillance et \u00ab\u00a0bornages\u00a0\u00bb t\u00e9l\u00e9phoniques pour aboutir aux deux fr\u00e8res plus \u00e2g\u00e9s. Deux hommes qui se pr\u00e9sentent \u00e0 l&rsquo;audience comme d&rsquo;honn\u00eates travailleurs, dans le transport et la restauration rapide, bien \u00e9lev\u00e9s et loin d&rsquo;une telle violence dont ils seraient \u00ab\u00a0bien incapables\u00a0\u00bb. Ce jour-l\u00e0 les coups de fil au p\u00e8re et entre fr\u00e8res se sont multipli\u00e9s, \u00ab\u00a0mais on s&rsquo;appelle souvent\u00a0\u00bb. Les \u00ab\u00a0bornages\u00a0\u00bb de t\u00e9l\u00e9phone portables ont converg\u00e9s vers le lyc\u00e9e Marie Curie avant de s&rsquo;\u00e9teindre pendant l&rsquo;agression mais \u00ab\u00a0le domicile familial est \u00e0 c\u00f4t\u00e9\u00a0\u00bb, il y a \u00ab\u00a0des habitudes dans le coin\u00a0\u00bb et pour la coupure \u00ab\u00a0je ne sais pas, je n&rsquo;avais peut-\u00eatre plus de batterie\u00a0\u00bb. Une voiture des protagonistes sera reconnue comme un v\u00e9hicule lou\u00e9 par un des deux fr\u00e8res mais l\u00e0 encore c&rsquo;est \u00ab\u00a0parce que je passais peut-\u00eatre dans le secteur \u00e0 ce moment-l\u00e0\u00a0\u00bb. Un pantalon entaill\u00e9 et un couteau de cuisine seront retrouv\u00e9s dans les affaires de l&rsquo;autre mais sans explication pour le v\u00eatement et pour raison professionnelle en ce qui concerne le couteau. Un \u00ab\u00a0outil de travail\u00a0\u00bb sans trace de sang, contrairement au chiffon dans lequel il a \u00e9t\u00e9 emball\u00e9 mais ces traces s&rsquo;av\u00e8reront inexploitables en police scientifique.<\/p>\n<p>\u00c0 lire aussi   <img decoding=\"async\" src=\"https:\/\/www.europesays.com\/fr\/wp-content\/uploads\/2025\/09\/1756946253_506_560x315\" alt=\"De gauche \u00e0 droite le commissaire Jordan Courby, le Directeur interd\u00e9partementale de la police nation  J\u00e9r\u00f4me Chappa et le procureur \u00c9tienne manteaux lors de leur conf\u00e9rence de presse.\" style=\"--_image-preview:url('data:image\/jpeg;base64,\/9j\/2wBDACgcHiMeGSgjISMtKygwPGRBPDc3PHtYXUlkkYCZlo+AjIqgtObDoKrarYqMyP\/L2u71\/\/\/\/m8H\/\/\/\/6\/+b9\/\/j\/2wBDASstLTw1PHZBQXb4pYyl+Pj4+Pj4+Pj4+Pj4+Pj4+Pj4+Pj4+Pj4+Pj4+Pj4+Pj4+Pj4+Pj4+Pj4+Pj4+Pj4+Pj\/wAARCAAXACoDASIAAhEBAxEB\/8QAFwABAQEBAAAAAAAAAAAAAAAAAAIBA\/\/EABgQAQEBAQEAAAAAAAAAAAAAAAABEQIS\/8QAFQEBAQAAAAAAAAAAAAAAAAAAAAH\/xAAUEQEAAAAAAAAAAAAAAAAAAAAA\/9oADAMBAAIRAxEAPwC50304zpXoF2p1Os0FaanTQc5VSgDQEUAB\/9k=');\" loading=\"lazy\" fetchpriority=\"low\" aria-hidden=\"true\" class=\"svelte-1pnmlwx rounded\" onload=\"this.__e=event\" onerror=\"this.__e=event\"\/>Entre \u00ab\u00a0amn\u00e9sie\u00a0\u00bb et silences<\/p>\n<p>Et c&rsquo;est une absence que la d\u00e9fense n&rsquo;a pas manqu\u00e9 de soulever. Parmi d&rsquo;autres. Elle qui estime qu&rsquo;on n&rsquo;a pas cherch\u00e9 plus loin des explications \u00e0 cette agression et que les fr\u00e8res sont surtout victimes de quelques accrocs pass\u00e9s, dont quelques condamnations pour \u00ab\u00a0violence\u00a0\u00bb, qui figurent \u00e0 leur casier judiciaire mais que rien ne prouve leur participation active aux faits. Sauf \u00e9videmment pour le plus jeune qui avoue \u00ab\u00a0des regrets\u00a0\u00bb et pr\u00e9sente \u00ab\u00a0des excuses\u00a0\u00bb \u00e0 une victime, dont il particip\u00e9 involontairement au \u00ab\u00a0mal \u00eatre\u00a0\u00bb. Sans pr\u00e9m\u00e9ditation aucune. Car d&rsquo;ailleurs apr\u00e8s l&rsquo;agression du cadet les parents \u00ab\u00a0ont port\u00e9 plainte contre X\u00a0\u00bb souligne la d\u00e9fense. Preuve \u00ab\u00a0qu&rsquo;ils n&rsquo;ont aucun id\u00e9e de qui a agress\u00e9 leur fils\u00a0\u00bb et donc qu&rsquo;ils ne pouvaient pas fomenter une vengeance quelques jours apr\u00e8s. CQFD. Le p\u00e8re pr\u00e9sent ce jour-l\u00e0 \u00e0 la porte du lyc\u00e9e a lui \u00e9t\u00e9 \u00e9cart\u00e9 de la proc\u00e9dure, en raison d&rsquo;une insuffisance d&rsquo;\u00e9l\u00e9ments selon le parquet mais \u00ab\u00a0il\u00a0ne se souvient de rien et ne reconnait personne\u00a0\u00bb selon les magistrats. Sauf qu&rsquo;au final, souligne \u00e9galement la d\u00e9fense, la victime &#8211; qualifi\u00e9e de \u00ab\u00a0bon \u00e9l\u00e8ve\u00a0\u00bb et \u00ab\u00a0sans histoire\u00a0\u00bb par ses enseignants &#8211; n&rsquo;a elle-m\u00eame jamais reconnue avoir un quelconque diff\u00e9rend avec le jeune fr\u00e8re des pr\u00e9venus. La justice devra passer au milieu des silences et des oublis.<\/p>\n","protected":false},"excerpt":{"rendered":"Trois fr\u00e8res \u00e2g\u00e9s de 25 \u00e0 31 ans \u00e9taient jug\u00e9s ce mardi 2 septembre \u00e0 Grenoble pour avoir&hellip;\n","protected":false},"author":2,"featured_media":364483,"comment_status":"","ping_status":"","sticky":false,"template":"","format":"standard","meta":{"footnotes":""},"categories":[9566],"tags":[1111,11,2430,1777,674,1011,27,2731,12,25],"class_list":{"0":"post-364482","1":"post","2":"type-post","3":"status-publish","4":"format-standard","5":"has-post-thumbnail","7":"category-grenoble","8":"tag-actu","9":"tag-actualites","10":"tag-auvergne-rhone-alpes","11":"tag-eu","12":"tag-europe","13":"tag-fr","14":"tag-france","15":"tag-grenoble","16":"tag-news","17":"tag-republique-francaise"},"share_on_mastodon":{"url":"https:\/\/pubeurope.com\/@fr\/115143235811625776","error":""},"_links":{"self":[{"href":"https:\/\/www.europesays.com\/fr\/wp-json\/wp\/v2\/posts\/364482","targetHints":{"allow":["GET"]}}],"collection":[{"href":"https:\/\/www.europesays.com\/fr\/wp-json\/wp\/v2\/posts"}],"about":[{"href":"https:\/\/www.europesays.com\/fr\/wp-json\/wp\/v2\/types\/post"}],"author":[{"embeddable":true,"href":"https:\/\/www.europesays.com\/fr\/wp-json\/wp\/v2\/users\/2"}],"replies":[{"embeddable":true,"href":"https:\/\/www.europesays.com\/fr\/wp-json\/wp\/v2\/comments?post=364482"}],"version-history":[{"count":0,"href":"https:\/\/www.europesays.com\/fr\/wp-json\/wp\/v2\/posts\/364482\/revisions"}],"wp:featuredmedia":[{"embeddable":true,"href":"https:\/\/www.europesays.com\/fr\/wp-json\/wp\/v2\/media\/364483"}],"wp:attachment":[{"href":"https:\/\/www.europesays.com\/fr\/wp-json\/wp\/v2\/media?parent=364482"}],"wp:term":[{"taxonomy":"category","embeddable":true,"href":"https:\/\/www.europesays.com\/fr\/wp-json\/wp\/v2\/categories?post=364482"},{"taxonomy":"post_tag","embeddable":true,"href":"https:\/\/www.europesays.com\/fr\/wp-json\/wp\/v2\/tags?post=364482"}],"curies":[{"name":"wp","href":"https:\/\/api.w.org\/{rel}","templated":true}]}}