{"id":364484,"date":"2025-09-04T00:38:29","date_gmt":"2025-09-04T00:38:29","guid":{"rendered":"https:\/\/www.europesays.com\/fr\/364484\/"},"modified":"2025-09-04T00:38:29","modified_gmt":"2025-09-04T00:38:29","slug":"dans-cette-petite-commune-au-sud-de-rennes-le-commerce-multiservices-est-attendu-avec-impatience-2","status":"publish","type":"post","link":"https:\/\/www.europesays.com\/fr\/364484\/","title":{"rendered":"Dans cette petite commune au sud de Rennes, le commerce multiservices est attendu avec impatience"},"content":{"rendered":"<p>Jeudi, Jean-Luc Chenut, pr\u00e9sident du conseil d\u00e9partemental, Anne Mainguet-Grall, conseill\u00e8re d\u00e9partementale, et Bruno Epp, chambre du commerce et de l\u2019industrie, ont visit\u00e9 les salles d\u2019activit\u00e9s et de sport ainsi que le chantier du futur commerce multiservices de <a href=\"https:\/\/rennes.maville.com\/bretagne\/ille-et-vilaine\/saint-malo-de-phily\/\" target=\"_blank\" rel=\"noopener\">Saint-Malo-de-Phily<\/a> (Ille-et-Vilaine). Ce dernier s\u2019installera dans Le &#8230;<\/p>\n<p>\u00a0<\/p>\n","protected":false},"excerpt":{"rendered":"Jeudi, Jean-Luc Chenut, pr\u00e9sident du conseil d\u00e9partemental, Anne Mainguet-Grall, conseill\u00e8re d\u00e9partementale, et Bruno Epp, chambre du commerce et&hellip;\n","protected":false},"author":2,"featured_media":362776,"comment_status":"","ping_status":"","sticky":false,"template":"","format":"standard","meta":{"footnotes":""},"categories":[2821],"tags":[1111,11,829,215,7052,1777,674,1011,27,29610,49771,12,2044,3086,584,25,7053],"class_list":{"0":"post-364484","1":"post","2":"type-post","3":"status-publish","4":"format-standard","5":"has-post-thumbnail","7":"category-rennes","8":"tag-actu","9":"tag-actualites","10":"tag-bretagne","11":"tag-commerce","12":"tag-commune","13":"tag-eu","14":"tag-europe","15":"tag-fr","16":"tag-france","17":"tag-impatience","18":"tag-multiservices","19":"tag-news","20":"tag-petite","21":"tag-redon","22":"tag-rennes","23":"tag-republique-francaise","24":"tag-sud"},"share_on_mastodon":{"url":"https:\/\/pubeurope.com\/@fr\/115143239465485340","error":""},"_links":{"self":[{"href":"https:\/\/www.europesays.com\/fr\/wp-json\/wp\/v2\/posts\/364484","targetHints":{"allow":["GET"]}}],"collection":[{"href":"https:\/\/www.europesays.com\/fr\/wp-json\/wp\/v2\/posts"}],"about":[{"href":"https:\/\/www.europesays.com\/fr\/wp-json\/wp\/v2\/types\/post"}],"author":[{"embeddable":true,"href":"https:\/\/www.europesays.com\/fr\/wp-json\/wp\/v2\/users\/2"}],"replies":[{"embeddable":true,"href":"https:\/\/www.europesays.com\/fr\/wp-json\/wp\/v2\/comments?post=364484"}],"version-history":[{"count":0,"href":"https:\/\/www.europesays.com\/fr\/wp-json\/wp\/v2\/posts\/364484\/revisions"}],"wp:featuredmedia":[{"embeddable":true,"href":"https:\/\/www.europesays.com\/fr\/wp-json\/wp\/v2\/media\/362776"}],"wp:attachment":[{"href":"https:\/\/www.europesays.com\/fr\/wp-json\/wp\/v2\/media?parent=364484"}],"wp:term":[{"taxonomy":"category","embeddable":true,"href":"https:\/\/www.europesays.com\/fr\/wp-json\/wp\/v2\/categories?post=364484"},{"taxonomy":"post_tag","embeddable":true,"href":"https:\/\/www.europesays.com\/fr\/wp-json\/wp\/v2\/tags?post=364484"}],"curies":[{"name":"wp","href":"https:\/\/api.w.org\/{rel}","templated":true}]}}