{"id":364485,"date":"2025-09-04T00:40:10","date_gmt":"2025-09-04T00:40:10","guid":{"rendered":"https:\/\/www.europesays.com\/fr\/364485\/"},"modified":"2025-09-04T00:40:10","modified_gmt":"2025-09-04T00:40:10","slug":"jordan-james-rejoint-leicester-city-en-pret","status":"publish","type":"post","link":"https:\/\/www.europesays.com\/fr\/364485\/","title":{"rendered":"Jordan James rejoint Leicester City en pr\u00eat"},"content":{"rendered":"<p>Arriv\u00e9 de Birmingham City en ao\u00fbt 2024, Jordan James va retrouver l\u2019Angleterre cette saison. L\u2019international gallois de 21 ans est pr\u00eat\u00e9 avec option d\u2019achat \u00e0 Leicester City, pensionnaire de Championship.<\/p>\n<p>Sous le maillot Rouge et Noir, l\u2019international gallois aura disput\u00e9 25 rencontres et inscrit un but en Coupe de France face aux Girondins de Bordeaux.<\/p>\n<p>Bonne saison JJ !<\/p>\n","protected":false},"excerpt":{"rendered":"Arriv\u00e9 de Birmingham City en ao\u00fbt 2024, Jordan James va retrouver l\u2019Angleterre cette saison. L\u2019international gallois de 21&hellip;\n","protected":false},"author":2,"featured_media":364486,"comment_status":"","ping_status":"","sticky":false,"template":"","format":"standard","meta":{"footnotes":""},"categories":[2821],"tags":[1111,11,829,1777,674,1011,27,12,584,25],"class_list":{"0":"post-364485","1":"post","2":"type-post","3":"status-publish","4":"format-standard","5":"has-post-thumbnail","7":"category-rennes","8":"tag-actu","9":"tag-actualites","10":"tag-bretagne","11":"tag-eu","12":"tag-europe","13":"tag-fr","14":"tag-france","15":"tag-news","16":"tag-rennes","17":"tag-republique-francaise"},"share_on_mastodon":{"url":"https:\/\/pubeurope.com\/@fr\/115143247515860763","error":""},"_links":{"self":[{"href":"https:\/\/www.europesays.com\/fr\/wp-json\/wp\/v2\/posts\/364485","targetHints":{"allow":["GET"]}}],"collection":[{"href":"https:\/\/www.europesays.com\/fr\/wp-json\/wp\/v2\/posts"}],"about":[{"href":"https:\/\/www.europesays.com\/fr\/wp-json\/wp\/v2\/types\/post"}],"author":[{"embeddable":true,"href":"https:\/\/www.europesays.com\/fr\/wp-json\/wp\/v2\/users\/2"}],"replies":[{"embeddable":true,"href":"https:\/\/www.europesays.com\/fr\/wp-json\/wp\/v2\/comments?post=364485"}],"version-history":[{"count":0,"href":"https:\/\/www.europesays.com\/fr\/wp-json\/wp\/v2\/posts\/364485\/revisions"}],"wp:featuredmedia":[{"embeddable":true,"href":"https:\/\/www.europesays.com\/fr\/wp-json\/wp\/v2\/media\/364486"}],"wp:attachment":[{"href":"https:\/\/www.europesays.com\/fr\/wp-json\/wp\/v2\/media?parent=364485"}],"wp:term":[{"taxonomy":"category","embeddable":true,"href":"https:\/\/www.europesays.com\/fr\/wp-json\/wp\/v2\/categories?post=364485"},{"taxonomy":"post_tag","embeddable":true,"href":"https:\/\/www.europesays.com\/fr\/wp-json\/wp\/v2\/tags?post=364485"}],"curies":[{"name":"wp","href":"https:\/\/api.w.org\/{rel}","templated":true}]}}