{"id":364487,"date":"2025-09-04T00:41:14","date_gmt":"2025-09-04T00:41:14","guid":{"rendered":"https:\/\/www.europesays.com\/fr\/364487\/"},"modified":"2025-09-04T00:41:14","modified_gmt":"2025-09-04T00:41:14","slug":"lfi-se-lance-a-strasbourg-pour-mener-un-tournant-social-et-populaire","status":"publish","type":"post","link":"https:\/\/www.europesays.com\/fr\/364487\/","title":{"rendered":"LFI se lance \u00e0 Strasbourg pour mener \u00ab un tournant social et populaire \u00bb"},"content":{"rendered":"<p class=\"p1\"><b>Alors que les \u00e9lections municipales repartent de plus belle en septembre, la France Insoumise (LFI) se pr\u00e9pare doucement \u00e0 mener campagne \u00e0 Strasbourg. Programme, propositions, objectifs et discussions \u00e0 gauche : on s\u2019est entretenu avec ses co-chef(fe)s de file pour prendre la temp\u00e9rature d\u2019un mouvement qui souhaite que sa \u00ab\u00a0participation \u00e0 ces municipales soient \u00e0 la hauteur de la place [qu\u2019ils ont] sur le plan \u00e9lectoral \u00e0 Strasbourg\u00a0\u00bb.<\/b><\/p>\n<p>Depuis 2022, toutes les \u00e9lections nationales ou europ\u00e9ennes ont vu LFI s\u2019imposer \u00e0 Strasbourg. <b>Le mouvement est sorti premier des \u00e9lections europ\u00e9ennes, a un d\u00e9put\u00e9 dans la 2e circonscription<\/b> [Emmanuel Fernandes, r\u00e9\u00e9lu en 2024, ndlr], tandis que Jean-Luc M\u00e9lenchon est arriv\u00e9 en t\u00eate au premier tour des pr\u00e9sidentielles de 2022 [35,48 % contre 30,19% pour Emmanuel Macron, ndlr]. Seule l\u2019\u00e9chelle locale semble encore se refuser \u00e0 LFI : en 2020, la liste LFI men\u00e9e par Kevin Loquais a \u00e0 peine r\u00e9colt\u00e9 2,99 % des voix \u00e0 Strasbourg.<\/p>\n<p>                <a href=\"https:\/\/pokaa.fr\/2024\/06\/10\/a-strasbourg-lfi-remporte-les-elections-europeennes-avec-2128-des-voix\/\" target=\"_blank\" rel=\"noopener\"><br \/>\n                    <img width=\"450\" height=\"270\" src=\"https:\/\/www.europesays.com\/fr\/wp-content\/uploads\/2025\/09\/fi-450x270.png\" class=\"attachment-card-horizontal--same-subject size-card-horizontal--same-subject wp-post-image\" alt=\"\" decoding=\"async\" loading=\"lazy\"\/>                <\/a><\/p>\n<p><strong>Une r\u00e9alit\u00e9 que veulent faire mentir Lisa Farault et Benjamin Kuntz, d\u00e9sign\u00e9(e)s co-chef(fe)s de file de la campagne insoumise \u00e0 Strasbourg pour 2026<\/strong>. D\u00e9sormais, les deux repr\u00e9sentent LFI \u00e0 Strasbourg dans les \u00e9v\u00e9nements de quartier, aupr\u00e8s des associations et dans les discussions avec les partenaires politiques. Surtout, il et elle ont le r\u00f4le d\u2019animer le collectif militant, de coordonner le programme pour 2026, comme l\u2019explique Benjamin Kuntz : \u00ab\u00a0On insuffle l\u2019\u00e9nergie, les propositions, on est l\u00e0 pour mettre l\u2019\u00e9nergie dans la machine pour qu\u2019elle avance et proposer un cap.\u00a0\u00bb<\/p>\n<p>                <img width=\"333\" height=\"500\" src=\"https:\/\/www.europesays.com\/fr\/wp-content\/uploads\/2025\/09\/1000003188-333x500.jpg\" class=\"attachment-gallery size-gallery\" alt=\"lfi lisa farault\" data-full-url=\"https:\/\/pokaa.fr\/wp-content\/uploads\/2025\/09\/03\/1000003188.jpg\" decoding=\"async\" loading=\"lazy\"  \/>            <\/p>\n<p>                <img width=\"333\" height=\"500\" src=\"https:\/\/www.europesays.com\/fr\/wp-content\/uploads\/2025\/09\/1000004122-333x500.jpg\" class=\"attachment-gallery size-gallery\" alt=\"lfi benjamin kuntz\" data-full-url=\"https:\/\/pokaa.fr\/wp-content\/uploads\/2025\/09\/03\/1000004122.jpg\" decoding=\"async\" loading=\"lazy\"  \/>            <\/p>\n<p>                    \u00a9 LFI Strasbourg \/ Document remis<\/p>\n<p>L\u2019enjeu de structurer localement la France insoumise<\/p>\n<p class=\"p1\">Avec ces mauvais r\u00e9sultats \u00e0 l\u2019\u00e9chelle locale en t\u00eate, ces derni\u00e8res ann\u00e9es, tout l\u2019enjeu de LFI a \u00e9t\u00e9 de se structurer \u00e0 Strasbourg selon Lisa Farault : \u00ab\u00a0En 2019, ce n\u2019\u00e9tait pas du tout la m\u00eame dynamique ; <strong>la France insoumise \u00e9tait encore un mouvement tr\u00e8s national, les militants locaux \u00e9taient tr\u00e8s peu nombreux et pas structur\u00e9s<\/strong>.\u00a0\u00bb Avec du travail, LFI peut d\u00e9sormais compter sur 12 groupes d\u2019actions pr\u00e9sents dans les quartiers de Strasbourg, mais aussi sur une base militante forte, \u00ab de tr\u00e8s loin  la plus grosse masse militante et la plus pr\u00e9sente sur le terrain. \u00bb<\/p>\n<blockquote><p>\n        On a fait en sorte de maintenir les militants actifs, que les gens reviennent, qu\u2019il y ait un vrai collectif qui se cr\u00e9e et qui ensuite puisse se diviser en groupes d\u2019actions.    <\/p><\/blockquote>\n<p>            Lisa Farault, co-cheffe de file de la France insoumise \u00e0 Strasbourg<\/p>\n<p>    <img width=\"400\" height=\"600\" src=\"https:\/\/www.europesays.com\/fr\/wp-content\/uploads\/2025\/09\/1000003024-400x600.jpg\" class=\"attachment-image-size-M size-image-size-M\" alt=\"lfi benjamin kuntz lisa farault\" decoding=\"async\" loading=\"lazy\"  \/>         \u00a9 LFI Strasbourg \/ Document remis <\/p>\n<p class=\"p1\">Comme l\u2019explique Lisa Farault : \u00ab\u00a0<b>Les ann\u00e9es ont fait leur boulot, le mouvement s\u2019est renforc\u00e9, on a vu ce qui a march\u00e9 et ce qui n\u2019a pas fonctionn\u00e9<\/b>, et d\u2019\u00e9lection en \u00e9lection, on a de plus en plus de militants qui sont l\u00e0 depuis longtemps et qui ont l\u2019exp\u00e9rience de comment mener une campagne. \u00bb<\/p>\n<p class=\"p1\">Surtout, d\u2019un point de vue politique, LFI peut compter localement sur son d\u00e9put\u00e9 Emmanuel Fernandes : \u00ab Il a pu aussi montrer ce que fait un insoumis \u00e0 l\u2019\u00e9chelle locale, \u00e0 l\u2019\u00e9chelle de sa circonscription. <b>\u00c7a permet de nous ancrer, de mettre des visages sur des pratiques politiques, sur des r\u00e9ponses politiques qu\u2019il faut apporter aussi<\/b>.\u00a0\u00bb Une figure insoumise d\u00e9sormais rejointe par Florian Kobryn, conseiller d\u2019opposition de la CEA qui est pass\u00e9 chez LFI en juin dernier.<\/p>\n<p>    <img width=\"800\" height=\"457\" src=\"https:\/\/www.europesays.com\/fr\/wp-content\/uploads\/2025\/09\/sans-titre-1-800x457.png\" class=\"attachment-image-size-L size-image-size-L\" alt=\"Sans titre\" decoding=\"async\" loading=\"lazy\"  \/>         \u00a9 David Lev\u00eaque \/ Pokaa<\/p>\n<p>\u00ab\u00a0Un vrai tournant social et populaire\u00a0\u00bb : la vision de LFI pour Strasbourg<\/p>\n<p class=\"p1\">Mieux ancr\u00e9 dans le paysage politique local, LFI veut d\u00e9sormais passer la vitesse sup\u00e9rieure. Si les deux co-chef(fe)s de file mettent en avant le rayonnement de la ville, qu\u2019il soit culturel, sportif ou soci\u00e9tal, <b>Benjamin Kuntz et Lisa Farault veulent porter un projet qui soit un \u00ab\u00a0vrai tournant social et populaire\u00a0\u00bb pour la ville<\/b>, et comptent bien \u00ab\u00a0r\u00e9gler les faiblesses qu\u2019il y a eu pendant ce mandat\u00a0\u00bb.<\/p>\n<p class=\"p1\">Lesquelles ? Sur la d\u00e9mocratie locale et la gouvernance, <b>Lisa Farault met en avant un \u00ab\u00a0d\u00e9calage entre les promesses qui avaient \u00e9t\u00e9 faites et la dynamique qui avait \u00e9t\u00e9 lanc\u00e9e pendant la campagne et la r\u00e9alit\u00e9\u00a0\u00bb<\/b> , ainsi qu\u2019une ligne politique floue sur la question de Gaza, et particuli\u00e8rement le gel du jumelage avec la ville isr\u00e9alienne de Ramat Gan.<\/p>\n<p class=\"p1\">De son c\u00f4t\u00e9, Benjamin Kuntz salue certaines avanc\u00e9es, mais veut aller plus loin : \u00ab\u00a0<b>On ne dit pas que tout est \u00e0 jeter, et plein de choses int\u00e9ressantes ont \u00e9t\u00e9 men\u00e9es, mais on veut que le curseur soit pouss\u00e9 plus loin sur certains sujets<\/b>\u00a0\u00bb. Notamment : la jeunesse, le logement et les transports.<\/p>\n<blockquote><p>\n        L&rsquo;id\u00e9e, c&rsquo;est de pousser le bouchon un peu plus loin et d&rsquo;avoir une ligne politique un peu plus claire et ancr\u00e9e \u00e0 gauche.    <\/p><\/blockquote>\n<p>            Benjamin Kuntz, co-chef de file de la France insoumise \u00e0 Strasbourg<\/p>\n<p>                <a href=\"https:\/\/pokaa.fr\/2025\/06\/24\/rue-melanie-grands-chantiers-et-jumelage-avec-un-camp-palestinien-ce-que-strasbourg-a-decide-hier\/\" target=\"_blank\" rel=\"noopener\"><br \/>\n                    <img width=\"450\" height=\"270\" src=\"https:\/\/www.europesays.com\/fr\/wp-content\/uploads\/2025\/09\/ok-450x270.png\" class=\"attachment-card-horizontal--same-subject size-card-horizontal--same-subject wp-post-image\" alt=\"\" decoding=\"async\" loading=\"lazy\"\/>                <\/a><\/p>\n<p class=\"p1\">Il mentionne la construction des logements sociaux et souligne \u00ab\u00a0qu\u2019il est de plus en plus difficile d\u2019\u00eatre au SMIC et de vivre \u00e0 Strasbourg\u00a0\u00bb, <b>pr\u00e9conisant l\u2019encadrement des loyers et la lutte contre l\u2019habitat indigne et la pr\u00e9carit\u00e9 \u00e9nerg\u00e9tique<\/b>. Sur les transports, il appelle \u00e0 continuer \u00e0 \u00ab\u00a0d\u00e9senclaver les quartiers \u00e0 Strasbourg\u00a0\u00bb et attend de voir les conclusions de la consultation citoyenne en cours sur le Tram Nord.<\/p>\n<p class=\"p1\">Enfin, sur le sujet de la jeunesse et des familles, il souhaite cr\u00e9er un nouvel \u00e9chelon de la tarification solidaire, <b>rendre gratuit les 30 premiers m\u00b3 d\u2019eau pour les m\u00e9nages pr\u00e9caires, les fournitures scolaires pour tous les \u00e9l\u00e8ves de maternelle et primaire et la cantine pour les familles sous le seuil de pauvret\u00e9<\/b>, ou encore valoriser et \u00e9largir de la bourse au sport pour en faciliter l\u2019acc\u00e8s. En somme, des propositions pour \u00ab rendre de nouveau Strasbourg accessible pour tous et pour tous les angles de la politique en g\u00e9n\u00e9ral \u00bb. Un programme qui doit encore \u00eatre construit, puis valid\u00e9.<\/p>\n<p>    <img width=\"800\" height=\"533\" src=\"https:\/\/www.europesays.com\/fr\/wp-content\/uploads\/2025\/09\/tram-croisement-homme-de-fer-800x533.jpg\" class=\"attachment-image-size-L size-image-size-L\" alt=\"Tram croisement Homme de Fer\" decoding=\"async\" loading=\"lazy\"  \/>         \u00a9 David Lev\u00eaque \/ Pokaa <\/p>\n<p>Les premi\u00e8res actions de campagne<\/p>\n<p class=\"p1\">En attendant, pendant l\u2019\u00e9t\u00e9, la France insoumise strasbourgeoise s\u2019est attel\u00e9e \u00e0 mener ses actions d\u2019inscriptions de personnes sur les listes \u00e9lectorales : \u00ab\u00a0<b>On sait qu\u2019il y a toute une partie de la population qui est mal inscrite ou pas inscrite et en g\u00e9n\u00e9ral c\u2019est ceux qui ont le plus d\u2019int\u00e9r\u00eat \u00e0 aller voter<\/b>, comme les quartiers populaires et les personnes les plus pr\u00e9caires.\u00a0\u00bb Une strat\u00e9gie d\u00e9j\u00e0 men\u00e9e aux europ\u00e9ennes de 2024 puis aux l\u00e9gislatives, qui avait bien fonctionn\u00e9 et qui s\u2019accompagne des classiques porte-\u00e0-porte et autres actions militantes.<\/p>\n<blockquote><p>\n        On peut avoir des superbes id\u00e9es, si les gens sont pas inscrits pour voter \u00e0 la fin, \u00e7a ne sert \u00e0 rien.    <\/p><\/blockquote>\n<p>            Benjamin Kuntz, co-chef de file de la France insoumise \u00e0 Strasbourg<\/p>\n<p>En parall\u00e8le, Lise Farault et Benjamin Kuntz ont rencontr\u00e9 de nombreuses associations strasbourgeoises, leur permettant d\u2019effectuer \u00ab\u00a0une forme de consultation citoyenne, <b>parce que c\u2019est les associations de quartier, les associations en g\u00e9n\u00e9ral qui \u0153uvrent sur Strasbourg, qui ont une vraie expertise sur les r\u00e9alit\u00e9s du terrain<\/b>.\u00a0\u00bb Enfin, plusieurs \u00e9v\u00e9nements festifs ont \u00e9t\u00e9 organis\u00e9 pour cr\u00e9er des temps d\u2019\u00e9change avec les habitant(e)s de divers quartiers de Strasbourg, comme des barbecues, repas ou leurs caravanes populaires.<\/p>\n<p>Quelle strat\u00e9gie politique pour les municipales ?<\/p>\n<p class=\"p1\">Dernier point \u00e0 \u00e9voquer : la strat\u00e9gie de la France insoumise strasbourgeoise aux municipales. Pour le moment, Lisa Farault et Benjamin Kuntz ont contact\u00e9 tous les partis politiques de gauche \u00e0 Strasbourg, hors PS, qui avait d\u00e9j\u00e0 indiqu\u00e9 qu\u2019aucun travail ne serait possible avec LFI. Comme l\u2019exprime Benjamin Kuntz : \u00ab\u00a0<b>On ne veut pas \u00eatre ceux qui briseront du coup l\u2019union de la gauche<\/b>, en tout cas cette d\u00e9marche dans laquelle le Nouveau Front Populaire s\u2019est cr\u00e9\u00e9. On discute avec tout le monde, on \u00e9change beaucoup sur les id\u00e9es, parce que c\u2019est ce qu\u2019on trouve le plus important \u00bb.<\/p>\n<p class=\"p1\">\u00c0 ce sujet, le 1er septembre, France Insoumise Strasbourg a publi\u00e9 un communiqu\u00e9 de presse saluant l\u2019initiative de quatre organisations de gauche, membres de la majorit\u00e9 municipale sortante, appelant \u00e0 \u00ab un tournant populaire \u00bb. <b>Les discussions continuent, tandis que LFI va rencontrer les \u00e9cologistes en septembre<\/b>, afin de faire la critique du bilan, voir l\u00e0 o\u00f9 chacun veut aller et ce qu\u2019il est possible de faire, ou non.<\/p>\n<blockquote><p>\n        C\u2019est important qu&rsquo;on reconnaisse la place qu&rsquo;a la France insoumise dans le paysage politique strasbourgeois. On a montr\u00e9 \u00e0 plusieurs reprises qu&rsquo;aujourd&rsquo;hui, on est le premier mouvement politique de gauche \u00e0 Strasbourg.    <\/p><\/blockquote>\n<p>            Lisa Farault, co-cheffe de file de la France insoumise \u00e0 Strasbourg<\/p>\n<p class=\"p1\">Si les deux co-chef(fe)s de file n\u2019excluent rien en termes d\u2019alliances, il et elle souhaitent tout de m\u00eame que le reste des organisations politiques reconnaissent le poids et la place qu\u2019a pris la France insoumise \u00e0 Strasbourg ces derni\u00e8res ann\u00e9es : \u00ab\u00a0<b>On veut que notre participation \u00e0 ces municipales soient \u00e0 la hauteur de la place qu\u2019on a \u00e0 Strasbourg<\/b>.\u00a0\u00bb<\/p>\n<p class=\"p3\">Une chose est s\u00fbre, Lisa Farault, Benjamin Kuntz et la FI strasbourgeoise ne transigeront pas sur leur ligne : \u00ab\u00a0<b>Notre vision de la politique elle est tr\u00e8s claire, elle ne bouge pas, on a une colonne vert\u00e9brale tr\u00e8s forte<\/b>.\u00a0On a des id\u00e9es sur lesquelles on ne transigera pas.\u00a0\u00bb \u00c0 gauche aussi, la question des alliances se posera.<\/p>\n","protected":false},"excerpt":{"rendered":"Alors que les \u00e9lections municipales repartent de plus belle en septembre, la France Insoumise (LFI) se pr\u00e9pare doucement&hellip;\n","protected":false},"author":2,"featured_media":364488,"comment_status":"","ping_status":"","sticky":false,"template":"","format":"standard","meta":{"footnotes":""},"categories":[2820],"tags":[1111,11,1777,674,1011,27,775,2338,3434,49909,12,25,640],"class_list":{"0":"post-364487","1":"post","2":"type-post","3":"status-publish","4":"format-standard","5":"has-post-thumbnail","7":"category-strasbourg","8":"tag-actu","9":"tag-actualites","10":"tag-eu","11":"tag-europe","12":"tag-fr","13":"tag-france","14":"tag-grand-est","15":"tag-la-france-insoumise","16":"tag-municipales-2026","17":"tag-municipales-strasbourg","18":"tag-news","19":"tag-republique-francaise","20":"tag-strasbourg"},"share_on_mastodon":{"url":"https:\/\/pubeurope.com\/@fr\/115143251554961815","error":""},"_links":{"self":[{"href":"https:\/\/www.europesays.com\/fr\/wp-json\/wp\/v2\/posts\/364487","targetHints":{"allow":["GET"]}}],"collection":[{"href":"https:\/\/www.europesays.com\/fr\/wp-json\/wp\/v2\/posts"}],"about":[{"href":"https:\/\/www.europesays.com\/fr\/wp-json\/wp\/v2\/types\/post"}],"author":[{"embeddable":true,"href":"https:\/\/www.europesays.com\/fr\/wp-json\/wp\/v2\/users\/2"}],"replies":[{"embeddable":true,"href":"https:\/\/www.europesays.com\/fr\/wp-json\/wp\/v2\/comments?post=364487"}],"version-history":[{"count":0,"href":"https:\/\/www.europesays.com\/fr\/wp-json\/wp\/v2\/posts\/364487\/revisions"}],"wp:featuredmedia":[{"embeddable":true,"href":"https:\/\/www.europesays.com\/fr\/wp-json\/wp\/v2\/media\/364488"}],"wp:attachment":[{"href":"https:\/\/www.europesays.com\/fr\/wp-json\/wp\/v2\/media?parent=364487"}],"wp:term":[{"taxonomy":"category","embeddable":true,"href":"https:\/\/www.europesays.com\/fr\/wp-json\/wp\/v2\/categories?post=364487"},{"taxonomy":"post_tag","embeddable":true,"href":"https:\/\/www.europesays.com\/fr\/wp-json\/wp\/v2\/tags?post=364487"}],"curies":[{"name":"wp","href":"https:\/\/api.w.org\/{rel}","templated":true}]}}