{"id":364489,"date":"2025-09-04T00:42:16","date_gmt":"2025-09-04T00:42:16","guid":{"rendered":"https:\/\/www.europesays.com\/fr\/364489\/"},"modified":"2025-09-04T00:42:16","modified_gmt":"2025-09-04T00:42:16","slug":"pourquoi-les-bieres-sont-passees-de-50-a-40cl-a-la-meinau","status":"publish","type":"post","link":"https:\/\/www.europesays.com\/fr\/364489\/","title":{"rendered":"pourquoi les bi\u00e8res sont pass\u00e9es de 50 \u00e0 40cl \u00e0 la Meinau ?"},"content":{"rendered":"<p>    <img loading=\"lazy\" width=\"1800\" height=\"900\" src=\"https:\/\/www.europesays.com\/fr\/wp-content\/uploads\/2025\/08\/jeanne-callthepolice.jpg\" class=\"attachment-full size-full\" alt=\"\" id=\"imageLove\" decoding=\"async\"  \/><\/p>\n<p id=\"breadcrumbs\"><a href=\"https:\/\/pokaa.fr\/\" target=\"_blank\" rel=\"noopener\">Accueil<\/a> \/ <a href=\"https:\/\/pokaa.fr\/categories\/actu\/\" target=\"_blank\" rel=\"noopener\">Info locale<\/a> \/ Racing Club de Strasbourg : pourquoi les bi\u00e8res sont pass\u00e9es de 50 \u00e0 40cl \u00e0 la Meinau ?<\/p>\n<p>                    Info locale<\/p>\n<p><b>Depuis le d\u00e9but de la saison, la bi\u00e8re est pass\u00e9e de 50cl \u00e0 40cl, pour 50 centimes moins cher, aux buvettes du stade de la Meinau. Un changement non communiqu\u00e9 en amont par le club, qui a provoqu\u00e9 quelques r\u00e9actions au sein des supporters\/rices. Contact\u00e9, le club se justifie par \u00ab\u00a0l\u2019augmentation du co\u00fbt de la bi\u00e8re\u00a0\u00bb, mais n\u2019exclue pas un retour au 50cl, avec \u00ab\u00a0une hausse de prix\u00a0\u00bb.<\/b><\/p>\n<p class=\"p1\">Touche pas \u00e0 ma bi\u00e8re. \u00c0 Strasbourg, la bi\u00e8re est une donn\u00e9e sacr\u00e9e, et sans doute encore un peu plus au stade de la Meinau. Pr\u00e9sente \u00e0 chaque rencontre du Racing, une exception en France, <b>elle repr\u00e9sente avec les tartes flamb\u00e9es et les sp\u00e4tzles un pan de \u00ab\u00a0l\u2019identit\u00e9 Racing\u00a0\u00bb mise en avant par le club<\/b>, sans doute encore plus depuis le rachat de BlueCo. Bien avant, pendant, et bien apr\u00e8s le match, le rituel des buvettes est sacr\u00e9 \u00e0 la Meinau.<\/p>\n<p class=\"p1\">Alors forc\u00e9ment, lorsque l\u2019on touche \u00e0 la bi\u00e8re, on peut s\u2019attendre \u00e0 des r\u00e9actions. Dans une Meinau qui peut d\u00e9sormais compter sur sa tribune Sud flambant neuve, <b>les supporters\/rices strasbourgeois(es) ont remarqu\u00e9, lors de la r\u00e9ception de Br\u00f8ndby, le passage de la bi\u00e8re de 50 \u00e0 40cl, moyennant une baisse de tarif de 50 centimes de 6 \u20ac \u00e0 5,50\u20ac<\/b>. Une diminution de 20% du contenant, non communiqu\u00e9e en amont, qui a caus\u00e9 pas mal d\u2019\u00e9mois, sur diff\u00e9rents r\u00e9seaux sociaux et forums du Racing.<\/p>\n<p>    <img width=\"800\" height=\"600\" src=\"https:\/\/www.europesays.com\/fr\/wp-content\/uploads\/2025\/09\/img-7864-grande-800x600.jpeg\" class=\"attachment-image-size-L size-image-size-L\" alt=\"bi\u00e8re stade de la Meinau racing\" decoding=\"async\" loading=\"lazy\"  \/>         Les anciennes bi\u00e8res de 50cl. \u00a9 Nicolas Kaspar \/ Pokaa <\/p>\n<p>Une diminution du contenant, li\u00e9 \u00e0 l\u2019augmentation du co\u00fbt de la bi\u00e8re<\/p>\n<p class=\"p1\">Comme on ne rigole pas avec la bi\u00e8re \u00e0 la Meinau, on a contact\u00e9 le Racing Club de Strasbourg pour en savoir plus. <b>Par mail, et ensuite par t\u00e9l\u00e9phone, le club justifie ce changement par \u00ab\u00a0l\u2019augmentation du co\u00fbt de la bi\u00e8re\u00a0\u00bb<\/b> ; selon lui, si on restait sur du 50cl, il fallait augmenter le prix. Il a donc prix la d\u00e9cision de baisser le contenant, et le prix de 50 centimes \u00ab\u00a0afin de pr\u00e9server un tarif favorable \u00e0 nos supporters.\u00a0\u00bb <\/p>\n<p class=\"p4\">Une d\u00e9cision prise conjointement avec son prestataire Topivo selon le club, <b>qui pr\u00e9cise par ailleurs que la m<\/b><b>oyenne du prix d\u2019une pinte de 50cl dans les stades de Ligue 1 et de Ligue 2 co\u00fbtait 6,90 \u20ac la saison derni\u00e8re<\/b>. Les prix pratiqu\u00e9s par le Racing restent donc globalement plus abordables qu\u2019ailleurs, et font partis des tarifs les plus bas, toujours selon le club.<\/p>\n<p>    <img width=\"800\" height=\"600\" src=\"https:\/\/www.europesays.com\/fr\/wp-content\/uploads\/2025\/09\/img-1035-grande-800x600.jpeg\" class=\"attachment-image-size-L size-image-size-L\" alt=\"stade de la meinau\" decoding=\"async\" loading=\"lazy\"  \/>         \u00a9 Nicolas Kaspar \/ Pokaa <\/p>\n<p>Toutefois, sans parler de shrinkflation [le fait de baisser les quantit\u00e9s en maintenant le prix, ndlr], <b>une baisse de 20% de quantit\u00e9 pour une baisse de 8,33 % du prix signifie que l\u2019on paye quoi qu\u2019il arrive notre bi\u00e8re plus cher <\/b>[pour que le changement de contenant soit \u00e9quitable, la bi\u00e8re de 40cl devrait co\u00fbter 4,80\u20ac, ndlr].<\/p>\n<p>    <img width=\"800\" height=\"600\" src=\"https:\/\/www.europesays.com\/fr\/wp-content\/uploads\/2025\/09\/img-0946-grande-800x600.jpeg\" class=\"attachment-image-size-L size-image-size-L\" alt=\"stade de la meinau\" decoding=\"async\" loading=\"lazy\"  \/>         \u00a9 Nicolas Kaspar \/ Pokaa <\/p>\n<p>Vers un retour des 50cl \u00e0 la Meinau ?<\/p>\n<p class=\"p1\">Pourtant, m\u00eame s\u2019il affirme que l\u2019objectif est de \u00ab\u00a0proposer la meilleure offre possible \u00e0 [ses] supporters\u00a0\u00bb, <b>le Racing n\u2019exclue pas \u00ab\u00a0un retour au 50cl si la demande est forte\u00a0\u00bb<\/b>. Une affirmation concordante avec ce qu\u2019avance Kronenbourg, fournisseur officiel du club depuis deux ans, qui dit que \u00ab\u00a0le club a bien conscience des remont\u00e9es n\u00e9gatives des r\u00e9seaux sociaux et devrait r\u00e9agir tr\u00e8s rapidement.\u00a0\u00bb<\/p>\n<p class=\"p1\">N\u00e9anmoins, le Racing explique que si retour au 50cl il y a, cela ne se fera pas sans changement ; <b>principalement, \u00ab\u00a0cela impliquerait une hausse de prix li\u00e9e \u00e0 l\u2019augmentation des co\u00fbts.<\/b><b>\u00a0\u00bb<\/b> La saga de la bi\u00e8re \u00e0 la Meinau n\u2019a pas encore fini de livrer ses derniers rebondissements. <\/p>\n","protected":false},"excerpt":{"rendered":"Accueil \/ Info locale \/ Racing Club de Strasbourg : pourquoi les bi\u00e8res sont pass\u00e9es de 50 \u00e0&hellip;\n","protected":false},"author":2,"featured_media":364490,"comment_status":"","ping_status":"","sticky":false,"template":"","format":"standard","meta":{"footnotes":""},"categories":[2820],"tags":[1111,11,9731,1777,674,1011,27,775,12,25,2896,640],"class_list":{"0":"post-364489","1":"post","2":"type-post","3":"status-publish","4":"format-standard","5":"has-post-thumbnail","7":"category-strasbourg","8":"tag-actu","9":"tag-actualites","10":"tag-bieres","11":"tag-eu","12":"tag-europe","13":"tag-fr","14":"tag-france","15":"tag-grand-est","16":"tag-news","17":"tag-republique-francaise","18":"tag-stade-de-la-meinau","19":"tag-strasbourg"},"share_on_mastodon":{"url":"https:\/\/pubeurope.com\/@fr\/115143255433536950","error":""},"_links":{"self":[{"href":"https:\/\/www.europesays.com\/fr\/wp-json\/wp\/v2\/posts\/364489","targetHints":{"allow":["GET"]}}],"collection":[{"href":"https:\/\/www.europesays.com\/fr\/wp-json\/wp\/v2\/posts"}],"about":[{"href":"https:\/\/www.europesays.com\/fr\/wp-json\/wp\/v2\/types\/post"}],"author":[{"embeddable":true,"href":"https:\/\/www.europesays.com\/fr\/wp-json\/wp\/v2\/users\/2"}],"replies":[{"embeddable":true,"href":"https:\/\/www.europesays.com\/fr\/wp-json\/wp\/v2\/comments?post=364489"}],"version-history":[{"count":0,"href":"https:\/\/www.europesays.com\/fr\/wp-json\/wp\/v2\/posts\/364489\/revisions"}],"wp:featuredmedia":[{"embeddable":true,"href":"https:\/\/www.europesays.com\/fr\/wp-json\/wp\/v2\/media\/364490"}],"wp:attachment":[{"href":"https:\/\/www.europesays.com\/fr\/wp-json\/wp\/v2\/media?parent=364489"}],"wp:term":[{"taxonomy":"category","embeddable":true,"href":"https:\/\/www.europesays.com\/fr\/wp-json\/wp\/v2\/categories?post=364489"},{"taxonomy":"post_tag","embeddable":true,"href":"https:\/\/www.europesays.com\/fr\/wp-json\/wp\/v2\/tags?post=364489"}],"curies":[{"name":"wp","href":"https:\/\/api.w.org\/{rel}","templated":true}]}}