{"id":36449,"date":"2025-04-19T12:11:19","date_gmt":"2025-04-19T12:11:19","guid":{"rendered":"https:\/\/www.europesays.com\/fr\/36449\/"},"modified":"2025-04-19T12:11:19","modified_gmt":"2025-04-19T12:11:19","slug":"la-poste-vend-ses-velos-de-facteurs-voici-pour-combien-vous-pourriez-rouler-avec","status":"publish","type":"post","link":"https:\/\/www.europesays.com\/fr\/36449\/","title":{"rendered":"La Poste vend ses v\u00e9los de facteurs, voici pour combien vous pourriez rouler avec"},"content":{"rendered":"<p>            Par<br \/>\n        <strong><br \/>\n            <a href=\"https:\/\/actu.fr\/auteur\/laurene-fertin\" title=\"Consulter tous les articles de Laur\u00e8ne Fertin\" rel=\"nofollow noopener\" target=\"_blank\">Laur\u00e8ne Fertin<\/a><br \/>\n        <\/strong><\/p>\n<p>        Publi\u00e9 le<\/p>\n<p>            18 avr. 2025 \u00e0 7h34        <\/p>\n<p>Alors que <a href=\"https:\/\/actu.fr\/bretagne\/rennes_35238\/metropole-de-rennes-baisse-inedite-des-voitures-et-explosion-du-velo-le-trafic-routier-passe-a-la-loupe_62477044.html\" rel=\"nofollow noopener\" target=\"_blank\">Rennes fait partie <strong>des villes fran\u00e7aises o\u00f9 l\u2019on p\u00e9dale le plus<\/strong><\/a>, et que les cyclistes sont parfois <a href=\"https:\/\/actu.fr\/bretagne\/rennes_35238\/merci-de-faire-du-velo-au-petit-matin-a-rennes-ils-applaudissent-les-cyclistes-qui-se-rendent-au-boulot_62511670.html\" rel=\"nofollow noopener\" target=\"_blank\"><strong>applaudis<\/strong> sur leur trajet pour se rendre au boulot, comme ce mardi 15 avril 2025<\/a>, <strong>La Poste<\/strong> lance la vente de <strong>v\u00e9los de facteurs reconditionn\u00e9s<\/strong> dans la capitale bretonne.<\/p>\n<p class=\" wall-content\">Dans un communiqu\u00e9 de presse, le groupe indique vouloir en effet r\u00e9it\u00e9rer son exp\u00e9rimentation \u00e0 \u00ab\u00a0succ\u00e8s\u00a0\u00bb initi\u00e9e en <strong>Centre-Val de Loire,<\/strong> en <strong>Ile-de-France<\/strong> et en <strong>Normandie<\/strong>, et l\u2019\u00e9tendre \u00e0 <strong>la Bretagne.<\/strong><\/p>\n<p>Pour diff\u00e9rents usages<\/p>\n<p class=\" wall-content\">Les <strong>v\u00e9los \u00e9lectriques<\/strong> sont disponibles \u00e0 la vente au sein du <strong>bureau de poste de Rennes colombier<\/strong> (27 boulevard du Colombier).<\/p>\n<p class=\" wall-content\">Selon la Poste, ces v\u00e9los, qui b\u00e9n\u00e9ficient ainsi <strong>d\u2019une seconde vie,<\/strong> disposent \u00ab\u00a0d\u2019\u00e9quipements fran\u00e7ais, robustes et de qualit\u00e9\u00a0\u00bb.\u00a0<\/p>\n<blockquote class=\"ac-article-quote wall-content\">\n<p>Con\u00e7us avec un cadre en aluminium, ils sont adapt\u00e9s aussi bien aux hommes qu&rsquo;aux femmes et offrent une assistance au d\u00e9marrage par poign\u00e9e tournante.<\/p>\n<p>    <strong>La Poste<\/strong>\n            <\/p><\/blockquote>\n<p>Vid\u00e9os : en ce moment sur Actu<\/p>\n<p class=\" wall-content\">\u00ab\u00a0Les v\u00e9los sont adapt\u00e9s aux d\u00e9placements et aux besoins des <strong>particuliers,<\/strong> des <strong>professionnels<\/strong> et des <strong>collectivit\u00e9s\u00a0\u00bb,<\/strong> abonde le groupe. \u00ab\u00a0Gr\u00e2ce \u00e0 ses accessoires, le v\u00e9lo se transforme en <strong>utilitaire<\/strong> ou en <strong>v\u00e9lo familial<\/strong> avec un <strong>si\u00e8ge enfant.\u00a0\u00bb<\/strong><\/p>\n<p>1 490 euros<\/p>\n<p class=\" wall-content\">Les v\u00e9los sont <strong>reconditionn\u00e9s<\/strong> en France dans les ateliers de <strong>Nouvelle Attitude,<\/strong> une entreprise d\u2019insertion par le travail, filiale du groupe La Poste, situ\u00e9e \u00e0 Tours (Indre-et-Loire).<\/p>\n<p class=\" wall-content\">Dans le bureau de Poste de Rennes Colombier, ils seront propos\u00e9s \u00e0 la vente au prix de <strong>1 490 euros.<\/strong> \u00ab\u00a0Des charg\u00e9s de client\u00e8le seront \u00e0 disposition pour r\u00e9pondre aux questions des clients\u00a0\u00bb, pr\u00e9cise le groupe.<\/p>\n<p class=\" wall-content\">Selon La Poste, depuis le lancement du programme de reconditionnement de v\u00e9los, plus de <strong>1 500 v\u00e9los<\/strong> ont \u00e9t\u00e9 <strong>vendus<\/strong> en France.\u00a0<\/p>\n<p class=\" wall-content\">Suivez toute l\u2019actualit\u00e9 de vos villes et m\u00e9dias favoris en vous inscrivant \u00e0 <a href=\"https:\/\/moncompte.actu.fr\" title=\"D\u00e9couvez Mon Actu\" rel=\"nofollow noopener\" data-trk=\"{&quot;cta&quot;:{&quot;action&quot;:&quot;https:\\\/\\\/moncompte.actu.fr&quot;,&quot;category&quot;:&quot;mon compte&quot;,&quot;from&quot;:&quot;article footer&quot;,&quot;name&quot;:&quot;Mon actu&quot;,&quot;type&quot;:&quot;cta&quot;}}\" target=\"_blank\">Mon Actu<\/a>.<\/p>\n<ul class=\"ac-article-tag wall-content\">\n<li><a href=\"https:\/\/actu.fr\/tag\/la-poste\" data-trk=\"{&quot;cta&quot;:{&quot;action&quot;:&quot;La Poste&quot;,&quot;category&quot;:&quot;tag&quot;,&quot;from&quot;:&quot;article footer&quot;,&quot;name&quot;:&quot;La Poste&quot;,&quot;type&quot;:&quot;cta&quot;}}\" rel=\"nofollow noopener\" target=\"_blank\">#La Poste<\/a><\/li>\n<li><a href=\"https:\/\/actu.fr\/tag\/velo-electrique\" data-trk=\"{&quot;cta&quot;:{&quot;action&quot;:&quot;V\\u00e9lo \\u00e9lectrique&quot;,&quot;category&quot;:&quot;tag&quot;,&quot;from&quot;:&quot;article footer&quot;,&quot;name&quot;:&quot;V\\u00e9lo \\u00e9lectrique&quot;,&quot;type&quot;:&quot;cta&quot;}}\" rel=\"nofollow noopener\" target=\"_blank\">#V\u00e9lo \u00e9lectrique<\/a><\/li>\n<\/ul>\n","protected":false},"excerpt":{"rendered":"Par Laur\u00e8ne Fertin Publi\u00e9 le 18 avr. 2025 \u00e0 7h34 Alors que Rennes fait partie des villes fran\u00e7aises&hellip;\n","protected":false},"author":2,"featured_media":36450,"comment_status":"","ping_status":"","sticky":false,"template":"","format":"standard","meta":{"footnotes":""},"categories":[2821],"tags":[1111,11,829,1777,674,1011,27,3316,1305,12,584,25,3459],"class_list":{"0":"post-36449","1":"post","2":"type-post","3":"status-publish","4":"format-standard","5":"has-post-thumbnail","7":"category-rennes","8":"tag-actu","9":"tag-actualites","10":"tag-bretagne","11":"tag-eu","12":"tag-europe","13":"tag-fr","14":"tag-france","15":"tag-la-poste","16":"tag-lifestyle","17":"tag-news","18":"tag-rennes","19":"tag-republique-francaise","20":"tag-velo-electrique"},"share_on_mastodon":{"url":"https:\/\/pubeurope.com\/@fr\/114364565658031781","error":""},"_links":{"self":[{"href":"https:\/\/www.europesays.com\/fr\/wp-json\/wp\/v2\/posts\/36449","targetHints":{"allow":["GET"]}}],"collection":[{"href":"https:\/\/www.europesays.com\/fr\/wp-json\/wp\/v2\/posts"}],"about":[{"href":"https:\/\/www.europesays.com\/fr\/wp-json\/wp\/v2\/types\/post"}],"author":[{"embeddable":true,"href":"https:\/\/www.europesays.com\/fr\/wp-json\/wp\/v2\/users\/2"}],"replies":[{"embeddable":true,"href":"https:\/\/www.europesays.com\/fr\/wp-json\/wp\/v2\/comments?post=36449"}],"version-history":[{"count":0,"href":"https:\/\/www.europesays.com\/fr\/wp-json\/wp\/v2\/posts\/36449\/revisions"}],"wp:featuredmedia":[{"embeddable":true,"href":"https:\/\/www.europesays.com\/fr\/wp-json\/wp\/v2\/media\/36450"}],"wp:attachment":[{"href":"https:\/\/www.europesays.com\/fr\/wp-json\/wp\/v2\/media?parent=36449"}],"wp:term":[{"taxonomy":"category","embeddable":true,"href":"https:\/\/www.europesays.com\/fr\/wp-json\/wp\/v2\/categories?post=36449"},{"taxonomy":"post_tag","embeddable":true,"href":"https:\/\/www.europesays.com\/fr\/wp-json\/wp\/v2\/tags?post=36449"}],"curies":[{"name":"wp","href":"https:\/\/api.w.org\/{rel}","templated":true}]}}