{"id":364491,"date":"2025-09-04T00:43:16","date_gmt":"2025-09-04T00:43:16","guid":{"rendered":"https:\/\/www.europesays.com\/fr\/364491\/"},"modified":"2025-09-04T00:43:16","modified_gmt":"2025-09-04T00:43:16","slug":"labonnement-illimite-de-lignes-dazur-seduit-de-plus-en-plus-dusagers-voici-comment-en-profiter","status":"publish","type":"post","link":"https:\/\/www.europesays.com\/fr\/364491\/","title":{"rendered":"l\u2019abonnement \u00abIllimit\u00e9\u00bb de Lignes d&rsquo;Azur s\u00e9duit de plus en plus d\u2019usagers\u2026 Voici comment en profiter\u00a0!"},"content":{"rendered":"<p><strong>Avec un tarif attractif, un acc\u00e8s illimit\u00e9 \u00e0\u00a0l\u2019ensemble du r\u00e9seau de bus et de tram et une formule pens\u00e9e pour simplifier la vie des usagers, l\u2019<a href=\"https:\/\/www.lignesdazur.com\/sites\/default\/files\/2023-12\/formulaire%20illimit%C3%A9_V2.pdf\" target=\"_blank\" rel=\"noopener nofollow\">abonnement \u00ab\u202fIllimit\u00e9\u202f\u00bb de Lignes d\u2019Azur<\/a> s\u00e9duit toujours plus d\u2019habitants de la M\u00e9tropole. Les jeunes de moins de 26\u00a0ans et les seniors en sont les premiers b\u00e9n\u00e9fi\u00adciaires, mais la formule gagne aussi du terrain chez les actifs.\u00a0<\/strong><\/p>\n<p>L\u2019abonnement \u00ab\u00a0Illimit\u00e9\u00a0\u00bb fonctionne sur la base d\u2019un pr\u00e9l\u00e8\u00advement automa\u00adtique mensuel, avec un engagement minimum de 12 mois. Il permet de voyager 7\u00a0jours sur 7\u00a0sur toutes les lignes du r\u00e9seau Lignes d\u2019Azur (bus et tram), \u00e0\u00a0l\u2019exception des services \u00e0\u00a0tarifi\u00adcation sp\u00e9ci\u00adfique tels que le \u00ab\u00a0Bus 100\u00a0%\u00a0Neige.\u00a0\u00bb<\/p>\n<p>Ce forfait s\u2019utilise avec la carte nominative sans contact \u00ab\u00a0Ma Carte Lignes d\u2019Azur\u00a0\u00bb, factur\u00e9e 2\u00a0euros. L\u2019abonnement est reconduit chaque mois et peut \u00eatre r\u00e9sili\u00e9 gratui\u00adtement apr\u00e8s une\u00a0ann\u00e9e.<\/p>\n<p>Tarifs adapt\u00e9s \u00e0\u00a0tous les publics<\/p>\n<p>Pour 2025, trois niveaux de tarifi\u00adcation sont propos\u00e9s\u00a0: \u00ab &#8211;\u00a026\u00a0ans\u00a0\u00bb \u00e0\u00a015 euros + 1\u00a0euro de frais de gestion, soit 16\u00a0euros par mois (180 euros +\u00a012\u00a0euros de frais annuels), \u00ab\u00a026-\u200b64\u00a0ans\u00a0\u00bb \u00e0\u00a030 euros par mois (360\u00a0euros par an) et \u00ab\u00a065\u00a0ans et + \u00bb \u00e0\u00a015 euros + 1\u00a0euro de frais de gestion, soit 16 euros par mois (180 euros +\u00a012 euros de frais annuels).<\/p>\n<p>Ces formules incluent \u00e9galement un acc\u00e8s gratuit aux parkings relais Parcazur et des corres\u00adpon\u00addances illimit\u00e9es sans nouveau compostage, sous r\u00e9serve de valider la carte \u00e0\u00a0chaque mont\u00e9e.<\/p>\n<p>Une offre qui s\u00e9duit de plus en plus, avec des chiffres qui montrent une forte crois\u00adsance, notamment depuis la rentr\u00e9e\u00a02024. Le nombre global d\u2019abonn\u00e9s \u00ab\u00a0Illimit\u00e9\u00a0\u00bb approche aujourd\u2019hui les 18.000, contre quelques centaines seulement \u00e0\u00a0ses d\u00e9buts.<\/p>\n<p>Les jeunes (-26 ans) repr\u00e9\u00adsentent la majorit\u00e9 des souscrip\u00adteurs, suivis des seniors de plus de 65\u00a0ans, dont le nombre d\u00e9passe d\u00e9sormais les 3.000. Les abonne\u00adments \u00ab\u00a026-\u200b64\u00a0ans\u00a0\u00bb progressent \u00e9galement r\u00e9guli\u00e8\u00adrement, avec une nette acc\u00e9l\u00e9\u00adration depuis d\u00e9but\u00a02025.<\/p>\n<p>Comment souscrire\u202f?<\/p>\n<p>L\u2019inscription se fait \u00e0\u00a0l\u2019Espace Mobilit\u00e9s (33, boulevard Dubouchage, Nice) ou via les agences mobiles. Les justi\u00adfi\u00adcatifs requis sont une pi\u00e8ce d\u2019identit\u00e9, une photo et un RIB (mandat SEPA).<\/p>\n<p><a href=\"https:\/\/anneedelamer.nice.fr\/\" rel=\"nofollow noopener\" target=\"_blank\"><img loading=\"lazy\" decoding=\"async\" width=\"300\" height=\"300\" src=\"data:image\/svg+xml,%3Csvg%20xmlns=\" http:=\"\" alt=\"\" class=\"wp-image-235449\" data-lazy-src=\"https:\/\/www.europesays.com\/fr\/wp-content\/uploads\/2025\/04\/IMG_1416-2.png\"\/><\/a><\/p>\n","protected":false},"excerpt":{"rendered":"Avec un tarif attractif, un acc\u00e8s illimit\u00e9 \u00e0\u00a0l\u2019ensemble du r\u00e9seau de bus et de tram et une formule&hellip;\n","protected":false},"author":2,"featured_media":364492,"comment_status":"","ping_status":"","sticky":false,"template":"","format":"standard","meta":{"footnotes":""},"categories":[2819],"tags":[1111,11,1777,674,1011,27,12,2401,882,25],"class_list":{"0":"post-364491","1":"post","2":"type-post","3":"status-publish","4":"format-standard","5":"has-post-thumbnail","7":"category-nice","8":"tag-actu","9":"tag-actualites","10":"tag-eu","11":"tag-europe","12":"tag-fr","13":"tag-france","14":"tag-news","15":"tag-nice","16":"tag-provence-alpes-cote-dazur","17":"tag-republique-francaise"},"share_on_mastodon":{"url":"https:\/\/pubeurope.com\/@fr\/115143259139731680","error":""},"_links":{"self":[{"href":"https:\/\/www.europesays.com\/fr\/wp-json\/wp\/v2\/posts\/364491","targetHints":{"allow":["GET"]}}],"collection":[{"href":"https:\/\/www.europesays.com\/fr\/wp-json\/wp\/v2\/posts"}],"about":[{"href":"https:\/\/www.europesays.com\/fr\/wp-json\/wp\/v2\/types\/post"}],"author":[{"embeddable":true,"href":"https:\/\/www.europesays.com\/fr\/wp-json\/wp\/v2\/users\/2"}],"replies":[{"embeddable":true,"href":"https:\/\/www.europesays.com\/fr\/wp-json\/wp\/v2\/comments?post=364491"}],"version-history":[{"count":0,"href":"https:\/\/www.europesays.com\/fr\/wp-json\/wp\/v2\/posts\/364491\/revisions"}],"wp:featuredmedia":[{"embeddable":true,"href":"https:\/\/www.europesays.com\/fr\/wp-json\/wp\/v2\/media\/364492"}],"wp:attachment":[{"href":"https:\/\/www.europesays.com\/fr\/wp-json\/wp\/v2\/media?parent=364491"}],"wp:term":[{"taxonomy":"category","embeddable":true,"href":"https:\/\/www.europesays.com\/fr\/wp-json\/wp\/v2\/categories?post=364491"},{"taxonomy":"post_tag","embeddable":true,"href":"https:\/\/www.europesays.com\/fr\/wp-json\/wp\/v2\/tags?post=364491"}],"curies":[{"name":"wp","href":"https:\/\/api.w.org\/{rel}","templated":true}]}}