{"id":364493,"date":"2025-09-04T00:44:16","date_gmt":"2025-09-04T00:44:16","guid":{"rendered":"https:\/\/www.europesays.com\/fr\/364493\/"},"modified":"2025-09-04T00:44:16","modified_gmt":"2025-09-04T00:44:16","slug":"nice-a8-circulation-perturbee-dans-le-secteur-de-nice-suite-a-des-reparations-durgence","status":"publish","type":"post","link":"https:\/\/www.europesays.com\/fr\/364493\/","title":{"rendered":"NICE : A8 &#8211; Circulation perturb\u00e9e dans le secteur de Nice suite \u00e0 des r\u00e9parations d&rsquo;urgence"},"content":{"rendered":"<p><strong>En raison de r\u00e9parations d\u2019urgence sur le viaduc du Vallon des Fleurs, la circulation est perturb\u00e9e sur l\u2019autoroute A8 dans le secteur de Nice et devrait le rester jusqu\u2019en d\u00e9but d\u2019apr\u00e8s-midi. <\/strong><\/p>\n<p>VINCI Autoroutes recommande de bien s\u2019informer avant tout d\u00e9placement sur ce secteur.<\/p>\n<p>Des r\u00e9parations d\u2019urgence sont n\u00e9cessaires sur un joint de chauss\u00e9e sur le viaduc du Vallon des Fleurs. Les \u00e9quipes de VINCI Autoroutes sont mobilis\u00e9es sur place pour accompagner les conducteurs, la circulation s\u2019e\ufb00ectuant uniquement sur la voie de gauche en direction d\u2019Aix-en-Provence.<br \/>Cet \u00e9v\u00e9nement devrait engendrer des perturbations \u00e0 la circulation jusqu\u2019en d\u00e9but d\u2019apr\u00e8s-midi sur le secteur entre les \u00e9changeurs de Nice est (n\u00b055) et Nice quartier nord (n\u00b054) dans les deux sens de circulation.<br \/>VINCI Autoroutes recommande de bien s\u2019informer avant tout d\u00e9placement sur ce secteur.<\/p>\n<p><strong>Un dispositif pour informer les clients en temps r\u00e9el :<\/strong><\/p>\n<p>\uf0b7 Radio VINCI Autoroutes (107.7) et son application<br \/>\uf0b7 Le 3605, le service client 24h\/24 et 7J\/7 (service gratuit + prix d\u2019appel)<br \/>\uf0b7 L\u2019application gratuite Ulys : tra\ufb01c en temps r\u00e9el<br \/>\uf0b7 Le site Internet www.vinci-autoroutes.com<br \/>\uf0b7 Les comptes X (ex-Twitter) : @VINCIAutoroutes ; @A8Tra\ufb01c.<\/p>\n","protected":false},"excerpt":{"rendered":"En raison de r\u00e9parations d\u2019urgence sur le viaduc du Vallon des Fleurs, la circulation est perturb\u00e9e sur l\u2019autoroute&hellip;\n","protected":false},"author":2,"featured_media":364494,"comment_status":"","ping_status":"","sticky":false,"template":"","format":"standard","meta":{"footnotes":""},"categories":[2819],"tags":[1111,11,1777,674,1011,27,12,2401,882,25],"class_list":{"0":"post-364493","1":"post","2":"type-post","3":"status-publish","4":"format-standard","5":"has-post-thumbnail","7":"category-nice","8":"tag-actu","9":"tag-actualites","10":"tag-eu","11":"tag-europe","12":"tag-fr","13":"tag-france","14":"tag-news","15":"tag-nice","16":"tag-provence-alpes-cote-dazur","17":"tag-republique-francaise"},"share_on_mastodon":{"url":"https:\/\/pubeurope.com\/@fr\/115143263143756248","error":""},"_links":{"self":[{"href":"https:\/\/www.europesays.com\/fr\/wp-json\/wp\/v2\/posts\/364493","targetHints":{"allow":["GET"]}}],"collection":[{"href":"https:\/\/www.europesays.com\/fr\/wp-json\/wp\/v2\/posts"}],"about":[{"href":"https:\/\/www.europesays.com\/fr\/wp-json\/wp\/v2\/types\/post"}],"author":[{"embeddable":true,"href":"https:\/\/www.europesays.com\/fr\/wp-json\/wp\/v2\/users\/2"}],"replies":[{"embeddable":true,"href":"https:\/\/www.europesays.com\/fr\/wp-json\/wp\/v2\/comments?post=364493"}],"version-history":[{"count":0,"href":"https:\/\/www.europesays.com\/fr\/wp-json\/wp\/v2\/posts\/364493\/revisions"}],"wp:featuredmedia":[{"embeddable":true,"href":"https:\/\/www.europesays.com\/fr\/wp-json\/wp\/v2\/media\/364494"}],"wp:attachment":[{"href":"https:\/\/www.europesays.com\/fr\/wp-json\/wp\/v2\/media?parent=364493"}],"wp:term":[{"taxonomy":"category","embeddable":true,"href":"https:\/\/www.europesays.com\/fr\/wp-json\/wp\/v2\/categories?post=364493"},{"taxonomy":"post_tag","embeddable":true,"href":"https:\/\/www.europesays.com\/fr\/wp-json\/wp\/v2\/tags?post=364493"}],"curies":[{"name":"wp","href":"https:\/\/api.w.org\/{rel}","templated":true}]}}