{"id":364496,"date":"2025-09-04T00:46:10","date_gmt":"2025-09-04T00:46:10","guid":{"rendered":"https:\/\/www.europesays.com\/fr\/364496\/"},"modified":"2025-09-04T00:46:10","modified_gmt":"2025-09-04T00:46:10","slug":"previsions-du-jeudi-4-septembre-2025-9","status":"publish","type":"post","link":"https:\/\/www.europesays.com\/fr\/364496\/","title":{"rendered":"pr\u00e9visions du jeudi 4 septembre 2025"},"content":{"rendered":"<p>Il va faire environ 18\u00b0C \u00e0 Nantes, aujourd&rsquo;hui. Le matin, il est probable que de l\u00e9g\u00e8res averses aient lieu. On anticipe des valeurs avoisinant 18\u00b0C. La ville sera touch\u00e9e par un vent de sud-ouest de 24 km\/h. Le ciel va l\u00e9g\u00e8rement se d\u00e9gager dans l&rsquo;apr\u00e8s-midi avec des \u00e9claircies. Les temp\u00e9ratures seront de 19\u00b0C au minimum et de 21\u00b0C au plus haut. Durant la nuit de jeudi \u00e0 vendredi, le ciel sera brumeux.<\/p>\n<p>\u00c0 Nantes les valeurs seront comprises entre 12 et 24\u00b0C demain. Un modeste vent de sud-ouest sera ressenti par les habitants. Le matin, le soleil va peu \u00e0 peu se substituer aux nuages. C&rsquo;est un soleil \u00e9clatant qui va briller demain apr\u00e8s-midi. Une m\u00e9t\u00e9o plus chaude est pr\u00e9vue puisque les temp\u00e9ratures vont enregistrer une hausse. Les valeurs iront de 22 \u00e0 24\u00b0C. Il fera 17\u00b0C en moyenne demain soir.<\/p>\n<p>Les conditions m\u00e9t\u00e9orologiques des journ\u00e9es qui suivent vont changer progressivement. M\u00eame si le beau temps se maintiendra un peu samedi, il faut pr\u00e9voir une d\u00e9gradation ensuite.<\/p>\n<p><\/p>\n","protected":false},"excerpt":{"rendered":"Il va faire environ 18\u00b0C \u00e0 Nantes, aujourd&rsquo;hui. Le matin, il est probable que de l\u00e9g\u00e8res averses aient&hellip;\n","protected":false},"author":2,"featured_media":364497,"comment_status":"","ping_status":"","sticky":false,"template":"","format":"standard","meta":{"footnotes":""},"categories":[2818],"tags":[1111,11,1777,674,1011,27,3047,766,12,2636,2119,25],"class_list":{"0":"post-364496","1":"post","2":"type-post","3":"status-publish","4":"format-standard","5":"has-post-thumbnail","7":"category-nantes","8":"tag-actu","9":"tag-actualites","10":"tag-eu","11":"tag-europe","12":"tag-fr","13":"tag-france","14":"tag-loire-atlantique","15":"tag-nantes","16":"tag-news","17":"tag-pays-de-la-loire","18":"tag-previsions-meteo","19":"tag-republique-francaise"},"share_on_mastodon":{"url":"https:\/\/pubeurope.com\/@fr\/115143270980858146","error":""},"_links":{"self":[{"href":"https:\/\/www.europesays.com\/fr\/wp-json\/wp\/v2\/posts\/364496","targetHints":{"allow":["GET"]}}],"collection":[{"href":"https:\/\/www.europesays.com\/fr\/wp-json\/wp\/v2\/posts"}],"about":[{"href":"https:\/\/www.europesays.com\/fr\/wp-json\/wp\/v2\/types\/post"}],"author":[{"embeddable":true,"href":"https:\/\/www.europesays.com\/fr\/wp-json\/wp\/v2\/users\/2"}],"replies":[{"embeddable":true,"href":"https:\/\/www.europesays.com\/fr\/wp-json\/wp\/v2\/comments?post=364496"}],"version-history":[{"count":0,"href":"https:\/\/www.europesays.com\/fr\/wp-json\/wp\/v2\/posts\/364496\/revisions"}],"wp:featuredmedia":[{"embeddable":true,"href":"https:\/\/www.europesays.com\/fr\/wp-json\/wp\/v2\/media\/364497"}],"wp:attachment":[{"href":"https:\/\/www.europesays.com\/fr\/wp-json\/wp\/v2\/media?parent=364496"}],"wp:term":[{"taxonomy":"category","embeddable":true,"href":"https:\/\/www.europesays.com\/fr\/wp-json\/wp\/v2\/categories?post=364496"},{"taxonomy":"post_tag","embeddable":true,"href":"https:\/\/www.europesays.com\/fr\/wp-json\/wp\/v2\/tags?post=364496"}],"curies":[{"name":"wp","href":"https:\/\/api.w.org\/{rel}","templated":true}]}}