{"id":364500,"date":"2025-09-04T00:48:16","date_gmt":"2025-09-04T00:48:16","guid":{"rendered":"https:\/\/www.europesays.com\/fr\/364500\/"},"modified":"2025-09-04T00:48:16","modified_gmt":"2025-09-04T00:48:16","slug":"lunion-bordeaux-begles-a-un-nouveau-rang-a-tenir","status":"publish","type":"post","link":"https:\/\/www.europesays.com\/fr\/364500\/","title":{"rendered":"L\u2019Union Bordeaux-B\u00e8gles a un nouveau rang \u00e0 tenir"},"content":{"rendered":"<p>Malgr\u00e9 ses deux finales de Top\u00a014 perdues face au Stade Toulousain (59-3 en 2024, 39-33 apr\u00e8s prolongation en 2025), l\u2019Union Bordeaux-B\u00e8gles s\u2019attache \u00e0 r\u00e9duire l\u2019\u00e9cart qui la s\u00e9pare du champion de France et grand rival rouge et noir. Elle r\u00eave plus que jamais de Brennus. Le titre de champion d\u2019Europe, le premier de l\u2019histoire du club girondin, d\u00e9croch\u00e9 en mai dernier, donne aux hommes de Yannick Bru un nouveau statut. L\u2019\u00e9toile brod\u00e9e sur le nouveau maillot leur rappelle aussi les nouvelles responsabilit\u00e9s qui p\u00e8sent sur leurs \u00e9paules. \u00ab\u00a0Elle nous pousse \u00e0 aller chercher un autre troph\u00e9e, \u00e0 viser plus haut. On ne va pas se contenter de \u00e7a\u00a0\u00bb, souligne le trois-quart centre Nicolas Depoortere.<\/p>\n<p>\u00ab\u00a0Rester en mouvement\u00a0\u00bb<\/p>\n<p>En pleine ascension depuis l\u2019arriv\u00e9e de son nouveau staff en 2023, l\u2019UBB n\u2019a cess\u00e9 de briser ses plafonds de verre. Sur cette troisi\u00e8me saison, il lui faudra maintenir la barre plac\u00e9e d\u00e9j\u00e0 tr\u00e8s haut. \u00ab\u00a0Rester en mouvement, c\u2019est notre objectif, explique le manager Yannick Bru. Pour les joueurs, il s\u2019agit de garder des standards de performance \u00e9lev\u00e9s, de mani\u00e8re \u00e0 ne pas \u00eatre une \u00e9toile filante. C\u2019est vrai que la saison derni\u00e8re a \u00e9t\u00e9 sp\u00e9ciale pour nous tous. Mais l\u2019enjeu et le challenge aussi, c\u2019est de voir, en termes de responsabilit\u00e9, d\u2019exigence personnelle et de plaisir que l\u2019on a envie de prendre ensemble, si on est capables de garder des standards \u00e9lev\u00e9s malgr\u00e9 le fait que l\u2019on a mis un premier troph\u00e9e dans l\u2019armoire.\u00a0\u00bb<\/p>\n<p>Pour maintenir la cadence, l\u2019UBB a encore densifi\u00e9 son pack avec les signatures de Du Preez, Woki, Barlot, Palu. Elle a aussi cherch\u00e9 \u00e0 anticiper un peu plus les p\u00e9riodes internationales avec les arriv\u00e9es de Page-Relo, Rayasi ou Mousques. Mais l\u2019h\u00e9catombe de bless\u00e9s (Lucu, Moefana, Buros, Uberti, Coleman, Swinton) et l\u2019absence de deux hommes forts du pack retenus en s\u00e9lection (Tameifuna, du Preez) fragilisent le club girondin avant m\u00eame la r\u00e9ception de La\u00a0Rochelle, ce samedi (21\u00a0h\u00a005) \u00e0 Chaban, en ouverture du championnat. Les premiers rendez-vous devraient tr\u00e8s vite donner le ton de cette nouvelle aventure.<\/p>\n","protected":false},"excerpt":{"rendered":"Malgr\u00e9 ses deux finales de Top\u00a014 perdues face au Stade Toulousain (59-3 en 2024, 39-33 apr\u00e8s prolongation en&hellip;\n","protected":false},"author":2,"featured_media":364501,"comment_status":"","ping_status":"","sticky":false,"template":"","format":"standard","meta":{"footnotes":""},"categories":[2817],"tags":[1111,11,1997,1777,674,1011,27,12,2219,25],"class_list":{"0":"post-364500","1":"post","2":"type-post","3":"status-publish","4":"format-standard","5":"has-post-thumbnail","7":"category-bordeaux","8":"tag-actu","9":"tag-actualites","10":"tag-bordeaux","11":"tag-eu","12":"tag-europe","13":"tag-fr","14":"tag-france","15":"tag-news","16":"tag-nouvelle-aquitaine","17":"tag-republique-francaise"},"share_on_mastodon":{"url":"https:\/\/pubeurope.com\/@fr\/115143278961405342","error":""},"_links":{"self":[{"href":"https:\/\/www.europesays.com\/fr\/wp-json\/wp\/v2\/posts\/364500","targetHints":{"allow":["GET"]}}],"collection":[{"href":"https:\/\/www.europesays.com\/fr\/wp-json\/wp\/v2\/posts"}],"about":[{"href":"https:\/\/www.europesays.com\/fr\/wp-json\/wp\/v2\/types\/post"}],"author":[{"embeddable":true,"href":"https:\/\/www.europesays.com\/fr\/wp-json\/wp\/v2\/users\/2"}],"replies":[{"embeddable":true,"href":"https:\/\/www.europesays.com\/fr\/wp-json\/wp\/v2\/comments?post=364500"}],"version-history":[{"count":0,"href":"https:\/\/www.europesays.com\/fr\/wp-json\/wp\/v2\/posts\/364500\/revisions"}],"wp:featuredmedia":[{"embeddable":true,"href":"https:\/\/www.europesays.com\/fr\/wp-json\/wp\/v2\/media\/364501"}],"wp:attachment":[{"href":"https:\/\/www.europesays.com\/fr\/wp-json\/wp\/v2\/media?parent=364500"}],"wp:term":[{"taxonomy":"category","embeddable":true,"href":"https:\/\/www.europesays.com\/fr\/wp-json\/wp\/v2\/categories?post=364500"},{"taxonomy":"post_tag","embeddable":true,"href":"https:\/\/www.europesays.com\/fr\/wp-json\/wp\/v2\/tags?post=364500"}],"curies":[{"name":"wp","href":"https:\/\/api.w.org\/{rel}","templated":true}]}}