{"id":364502,"date":"2025-09-04T00:49:24","date_gmt":"2025-09-04T00:49:24","guid":{"rendered":"https:\/\/www.europesays.com\/fr\/364502\/"},"modified":"2025-09-04T00:49:24","modified_gmt":"2025-09-04T00:49:24","slug":"sortir-a-toulouse-fete-de-la-petanque-braderie-12-idees-a-faire-pour-le-premier-week-end-de-septembre","status":"publish","type":"post","link":"https:\/\/www.europesays.com\/fr\/364502\/","title":{"rendered":"Sortir \u00e0 Toulouse. F\u00eate de la p\u00e9tanque, braderie&#8230; 12 id\u00e9es \u00e0 faire pour le premier week-end de septembre"},"content":{"rendered":"<p>            Par<br \/>\n        <strong><br \/>\n            <a href=\"https:\/\/actu.fr\/auteur\/gabriel-kenedi\" title=\"Consulter tous les articles de Gabriel Kenedi\" target=\"_blank\" rel=\"noopener\">Gabriel Kenedi<\/a><br \/>\n        <\/strong><\/p>\n<p>        Publi\u00e9 le<\/p>\n<p>            3 sept. 2025 \u00e0 17h55        <\/p>\n<p>La rentr\u00e9e scolaire, \u00e7a s\u2019est fait\u2009! Le retour au boulot, \u00e7a s\u2019est fait\u2009! Mais si vous lisez ces lignes (et on vous remercie d\u2019\u00eatre l\u00e0\u2009!), c\u2019est sans doute que vous cherchez quelques bons plans pour ce week-end\u2026 Voil\u00e0 qui tombe bien, il y a (largement\u2009!) de quoi faire <a href=\"https:\/\/actu.fr\/toulouse\/\" target=\"_blank\" rel=\"noopener\">dans la Ville rose<\/a>\u2009! Grande braderie, expos, soir\u00e9e de soutien, f\u00eate de la p\u00e9tanque\u2026 Voici nos douze id\u00e9es de sorties \u00e0 faire du vendredi\u00a05 au dimanche 7\u00a0septembre 2025.\u00a0Let\u2019s go\u2009!<\/p>\n<p>#1. La Grande Braderie<br \/>\n    <img   decoding=\"async\" loading=\"lazy\" src=\"https:\/\/www.europesays.com\/fr\/wp-content\/uploads\/2025\/09\/grande-braderie-2015-pnin18-960x640-1-960x640.jpg\" alt=\"La grande braderie revient \u00e0 Toulouse pour sa 13e \u00e9dition avec un centre-ville pi\u00e9tonnis\u00e9. Voici comment se d\u00e9placer. \" width=\"960\" height=\"640\"\/><br \/>\n    La grande braderie revient \u00e0 Toulouse pour sa 13e \u00e9dition avec un centre-ville pi\u00e9tonnis\u00e9. Voici comment se d\u00e9placer. (\u00a9Patrice Nin \/ Mairie de Toulouse)<\/p>\n<p class=\" wall-content\">C\u2019est l\u2019\u00e9v\u00e8nement qui anime le centre-ville de Toulouse, d\u00e9but septembre. La Grande Braderie est de retour du 4 au 6\u00a0septembre. La grande braderie de Toulouse est de retour pour sa 13e \u00e9dition ces jeudi\u00a04, vendredi\u00a05 et samedi 6\u00a0septembre 2025. Trois jours de shopping avec des rabais sur les \u00e9tals des commer\u00e7ants et d\u2019ambiance festive dans la ville. De nombreuses activit\u00e9s sont pr\u00e9vues cette ann\u00e9e, pour petits et grands. De l\u2019ambiance musicale, aux ateliers pour les enfants en passant par des stands de tatouages \u00e9ph\u00e9m\u00e8res et maquillage\u2026 Il y en aura pour tous les go\u00fbts.<\/p>\n<p>Du 4 au 6\u00a0septembre. Plus d\u2019infos sur le site de la mairie de Toulouse.<\/p>\n<p>#2. P\u00e9tanque Days<br \/>\n    <img   decoding=\"async\" loading=\"lazy\" src=\"https:\/\/www.europesays.com\/fr\/wp-content\/uploads\/2025\/09\/cyril-baille-petanque-days-toulouse-3-960x640.jpg\" alt=\"Cyril Baille, qui porte avec Antoine Dupont et deux autres amis la guinguette \" width=\"960\" height=\"640\"\/><br \/>\n    Cyril Baille, qui porte avec Antoine Dupont et deux autres amis la guinguette \u00ab\u2009La P\u00e9tanque des Copains\u2009\u00bb, avait particip\u00e9 \u00e0 la premi\u00e8re \u00e9dition de l\u2019\u00e9v\u00e9nement l\u2019an dernier (\u00a9P\u00e9tanque Days)<\/p>\n<p class=\" wall-content\">Les P\u00e9tanque Days, c\u2019est l\u2019\u00e9v\u00e9nement du week-end \u00e0 La P\u00e9tanque des Copains, la guinguette d\u2019Antoine Dupont et de Cyril Baille\u2009! Du 5 au 7\u00a0septembre, plus de 8\u2009000\u00a0visiteurs sont attendus pour jouer aux boules, ou regarder. Et de nombreuses animations sont pr\u00e9vues. D\u2019ailleurs, l\u2019acc\u00e8s au village festif est libre et gratuit\u2009!<\/p>\n<p>Votre r\u00e9gion, votre actu !<\/p>\n<p>Recevez chaque jour les infos qui comptent pour vous.<\/p>\n<p>\t<a href=\"https:\/\/actu.fr\/newsletter\" class=\"ac-btn ac-btn--corner ac-btn--medium ac-btn--blue800\" target=\"_blank\" rel=\"noopener\">S&rsquo;incrire<\/a><\/p>\n<p class=\" wall-content\"><strong>Plus d\u2019infos ici\u2009:<\/strong><\/p>\n<p>#3. Les mus\u00e9es gratuits<br \/>\n    <img   decoding=\"async\" loading=\"lazy\" src=\"https:\/\/www.europesays.com\/fr\/wp-content\/uploads\/2025\/09\/d8f9649d56086dcf9649d5608a00a6v-960x640.jpg\" alt=\"Le Mus\u00e9e des Abattoirs participe aussi \u00e0 la f\u00eate en proposant plusieurs \u00e9v\u00e9nements.\u00a0\" width=\"960\" height=\"640\"\/><br \/>\n    L\u2019expo permanente du Mus\u00e9e des Abattoirs sera gratuite, ce dimanche. (\u00a9Lucie Jodot)<\/p>\n<p class=\" wall-content\">Le premier dimanche du mois, les mus\u00e9es et monuments sont gratuits pour l\u2019ensemble des visiteurs. Venez d\u00e9couvrir ou red\u00e9couvrir le patrimoine et l\u2019architecture des mus\u00e9es Toulousains au travers de leurs expositions permanentes. (Les expositions temporaires restent payantes). Les mus\u00e9es et monuments concern\u00e9s et ouverts au public sont\u2009:<\/p>\n<p class=\" wall-content\">Le Clo\u00eetre des Jacobins, le mus\u00e9e Saint-Raymond, les Abattoirs, la Chapelle Saint-Joseph de la Grave, la galerie du Ch\u00e2teau d\u2019Eau (temporairement install\u00e9e all\u00e9e Charles de Fitte), le Mus\u00e9um d\u2019Histoire Naturelle, le Quai des Savoirs et le mus\u00e9e Paul Dupuy.<\/p>\n<p>Dimanche 7\u00a0septembre. Gratuit.<\/p>\n<p>#4. Soir\u00e9e de soutien au Th\u00e9\u00e2tre du Grand Rond<br \/>\n    <img   decoding=\"async\" loading=\"lazy\" src=\"https:\/\/www.europesays.com\/fr\/wp-content\/uploads\/2025\/04\/25564-181015092233372-0-960x640.jpg\" alt=\"Le th\u00e9\u00e2tre du Grand rond.\" width=\"960\" height=\"640\"\/><br \/>\n    Le th\u00e9\u00e2tre du Grand rond. (\u00a9Mathieu Arnal)<\/p>\n<p class=\" wall-content\">Menac\u00e9 de fermeture en juillet\u00a02026, le Th\u00e9\u00e2tre du Grand Rond va vivre une ann\u00e9e cruciale. \u00ab\u2009Gr\u00e2ce au soutien du public et la solidarit\u00e9 des compagnies, cette saison 2025\/2026 va bel et bien avoir lieu. Elle sera soit le signe du red\u00e9marrage de notre lieu (ce que nous d\u00e9sirons et esp\u00e9rons), soit elle sera la derni\u00e8re saison qui portera la voix de notre secteur le plus loin possible\u2026 une derni\u00e8re fois pour nous\u2009\u00bb, \u00e9crit l\u2019\u00e9quipe de ce th\u00e9\u00e2tre situ\u00e9 \u00e0 deux pas de la Halle aux Grains.\u00a0En grand danger, le th\u00e9\u00e2tre organisera ces prochains mois plusieurs soir\u00e9es de soutien. La premi\u00e8re aura lieu le samedi 6\u00a0septembre, et se d\u00e9roulera \u00e0 La Cave Po\u00e9sie, situ\u00e9e rue du Taur. \u00ab\u2009Le Grand Rond vous y propose une nuit best-of de notre fameuse marque de fabrique, les ap\u00e9ro-spectacles. Au programme\u2009: sept heures de musique non-stop\u2009!\u2009\u00bb. Sur place, on trouvera\u00a0un bar, des cr\u00eapes et de la petite restauration. La participation \u00e0 cette soir\u00e9e est \u00ab\u2009libre mais n\u00e9cessaire\u2009\u00bb.<\/p>\n<p>Samedi 6\u00a0septembre, \u00e0 la Cave Po\u00e9sie. D\u00e8s 19h. Prix libre.<\/p>\n<p>#5. Une grande brocante<br \/>\n    <img   decoding=\"async\" loading=\"lazy\" src=\"https:\/\/www.europesays.com\/fr\/wp-content\/uploads\/2025\/09\/brocante-allees-toulouse-1-960x640.jpg\" alt=\"D\u00e9couvrez les nombreux vide-greniers pr\u00e9vus \u00e0 la fin du mois d'avril, \u00e0 Toulouse et aux alentours.\" width=\"960\" height=\"640\"\/><br \/>\n    La brocante des All\u00e9es est de retour\u2009! (\u00a9Brocante les All\u00e9es \/ Facebook)<\/p>\n<p class=\" wall-content\">All\u00e9es Fran\u00e7ois Verdier\u00a0Venez chiner en famille ou entre amis \u00e0 la brocante des all\u00e9es Fran\u00e7ois-Verdier en plein c\u0153ur de Toulouse\u2009!<\/p>\n<p class=\" wall-content\">Plus de 100\u00a0exposants vous proposent pendant 3\u00a0jours des objets rares et curieux pour toutes les bourses. Deux camions de restauration, grillades, snack, cr\u00eapes, plats maisons et buvette, vous attendent sur place.<\/p>\n<p>Du 6 au 8\u00a0septembre, all\u00e9es Fran\u00e7ois Verdier.<\/p>\n<p>#6. Piano aux Jacobins<br \/>\n    <img   decoding=\"async\" loading=\"lazy\" src=\"https:\/\/www.europesays.com\/fr\/wp-content\/uploads\/2025\/09\/3e3cd01085f46124cd01085f4f54cdv-960x640.jpg\" alt=\"Le festival Piano aux Jacobins f\u00eate sa 44e\u00a0\u00e9dition.\" width=\"960\" height=\"640\"\/><br \/>\n    Le festival Piano aux Jacobins f\u00eate sa 46e \u00e9dition. (\u00a9JC Meauxsoone)<\/p>\n<p class=\" wall-content\">Aux Jacobins\u00a0C\u2019est parti pour le festival Piano aux Jacobins, qui revient pour une 46e \u00e9dition\u2009! Faz\u0131l Say inaugure la grande f\u00eate du piano avec les Variations Goldberg, le jeudi 4\u00a0septembre, suivi par Anna Gennuishnene (5\u00a0septembre), Moises P. Sancgez, (le 6). La programmation, qui s\u2019\u00e9tire jusqu\u2019au 30\u00a0septembre, fait la part belle au classique et au jazz.<\/p>\n<p>Du 4 au 30\u00a0septembre. Infos et tarifs sur\u2009: pianojacobins.com<\/p>\n<p>#7. Salon Auto-Moto Classic au Meett<br \/>\n    <img   decoding=\"async\" loading=\"lazy\" src=\"https:\/\/www.europesays.com\/fr\/wp-content\/uploads\/2025\/09\/meett-toulouse-parc-des-expositions-toulouse-lf-960x640.jpg\" alt=\"Un projet \" width=\"960\" height=\"640\"\/><br \/>\n    Le Meett accueille le salon auto moto classic\u2009! (\u00a9actu.fr\/L.F.)<\/p>\n<p class=\" wall-content\">Trois jours de passion pour les fans, les curieux et les amoureux de belles m\u00e9caniques, c\u2019est ce que propose ce salon\u2009! Venez admirer les autos et motos anciennes, sur 65\u2009000\u00a0m2 de halls couverts et d\u2019esplanades en plein air.\u00a0Plus de 1\u2009700 voitures et motos iconiques sont \u00e0 d\u00e9couvrir \u00e0 travers de nombreuses animations au Meett.<\/p>\n<p>Du 5 au 7\u00a0septembre. Infos, horaires et tarifs\u2009: https:\/\/www.automoto-classic.com\/toulouse\/<\/p>\n<p>#8. Les 10km du Stade<\/p>\n<p class=\" wall-content\">Le Stade Toulousain organise la toute premi\u00e8re \u00e9dition des 10km du Stade. \u00ab\u2009C\u2019est un \u00e9v\u00e9nement convivial et f\u00e9d\u00e9rateur autour du sport et de la sant\u00e9. Pour cela, nous vous proposerons une course adulte (10km) et deux courses enfant (600m et 1,2km) avec bien s\u00fbr comme point de d\u00e9part et d\u2019arriv\u00e9e\u2009: le stade Ernest-Wallon\u2009\u00bb, pr\u00e9vient le club. Au total\u2009: 5\u2009000 coureurs sont attendus.<\/p>\n<p>Dimanche 7\u00a0septembre. Arriv\u00e9e et d\u00e9part depuis le Stade Ernet-Wallon Tarifs\u2009: 10 \u00e0 35\u00a0euros.<\/p>\n<p>#9. Jam d\u2019anniversaire au Taquin<\/p>\n<p class=\" wall-content\">Tous les ans en septembre, le Taquin d\u00e9marre sa nouvelle saison avec la traditionnelle jam d\u2019anniversaire\u2009! Pour f\u00eater ses 9\u00a0ans d\u2019existence, le temple du jazz toulousain \u2013 situ\u00e9 dans le quartier des Amidonniers \u2013 laisse carte blanche au batteur Guillaume Prevost, qui viendra pr\u00e9senter le spectacle \u00ab\u2009Les Bretons Sensibles\u2009\u00bb, m\u00ealant biguine, zouk, et s\u00e9ga\u2009! Tout un programme\u2009!<\/p>\n<p>Le vendredi 5\u00a0septembre, \u00e0 21\u00a0heures. Entr\u00e9e libre.<\/p>\n<p>#10. Soir\u00e9e Blanche \u00e0 La Voile Blanche<br \/>\n    <img   decoding=\"async\" loading=\"lazy\" src=\"https:\/\/www.europesays.com\/fr\/wp-content\/uploads\/2025\/09\/la-voile-blanche-960x640.png\" alt=\"La Voile Blanche f\u00eate ses 15 ans \u00e0 Toulouse, voici le programme de la soir\u00e9e et le showcase exclusif. \" width=\"960\" height=\"640\"\/><br \/>\n    La Voile Blanche f\u00eate ses 15\u00a0ans \u00e0 Toulouse, voici le programme de la soir\u00e9e et le showcase exclusif. (\u00a9DR La Voile Blanche)<\/p>\n<p class=\" wall-content\">La Soir\u00e9e Blanche, c\u2019est l\u2019une des soir\u00e9es les plus spectaculaires de l\u2019ann\u00e9e \u00e0 la Voile Blanche. Le c\u00e9l\u00e8bre \u00e9tablissement pr\u00e9voit de la musique live, des danseurs, shows de feu, de nombreux DJ\u2019s \u00e0 partir de 22\u00a0heures et \u00ab\u2009plein d\u2019autres surprises\u2009\u00bb.<\/p>\n<p>Vendredi 5\u00a0septembre, \u00e0 partir de 19h. infos et tarifs\u2009: lavoile-blanche.fr<\/p>\n<p>#Bonus. Nada Surf au Bikini (pour prolonger le week-end\u2009!)\u00a0<br \/>\n    <img   decoding=\"async\" loading=\"lazy\" src=\"https:\/\/www.europesays.com\/fr\/wp-content\/uploads\/2025\/09\/8265953444d766665953444d73a659v-1-960x640.jpg\" alt=\"Nada Surf.\" width=\"960\" height=\"640\"\/><br \/>\n    Nada Surf. (\u00a9Paloma Bom)<\/p>\n<p class=\" wall-content\">Un concert de rentr\u00e9e avec Nada Surf, le groupe de rock new-yorkais qui sillonne les sc\u00e8nes mondiales depuis 30\u00a0ans, c\u2019est ce que propose le Bikini, le lundi 8\u00a0septembre. Amis d\u2019Herv\u00e9 Sansonetto, le patron de la c\u00e9l\u00e8bre salle de spectacles, les Nada Surf seront sur la sc\u00e8ne du Bikini pour la 10e fois de leur carri\u00e8re.<\/p>\n<p>Lundi 8\u00a0septembre, \u00e0 19h30. Tarifs\u2009: 29 \u00e0 32\u00a0euros.<\/p>\n<p class=\" wall-content\">Personnalisez votre actualit\u00e9 en ajoutant vos villes et m\u00e9dias en favori avec <a href=\"https:\/\/moncompte.actu.fr\" title=\"D\u00e9couvez Mon Actu\" rel=\"nofollow noopener\" data-trk=\"{&quot;cta&quot;:{&quot;action&quot;:&quot;https:\\\/\\\/moncompte.actu.fr&quot;,&quot;category&quot;:&quot;mon compte&quot;,&quot;from&quot;:&quot;article footer&quot;,&quot;name&quot;:&quot;Mon actu&quot;,&quot;type&quot;:&quot;cta&quot;}}\" target=\"_blank\">Mon Actu<\/a>.<\/p>\n","protected":false},"excerpt":{"rendered":"Par Gabriel Kenedi Publi\u00e9 le 3 sept. 2025 \u00e0 17h55 La rentr\u00e9e scolaire, \u00e7a s\u2019est fait\u2009! Le retour&hellip;\n","protected":false},"author":2,"featured_media":364503,"comment_status":"","ping_status":"","sticky":false,"template":"","format":"standard","meta":{"footnotes":""},"categories":[2816],"tags":[1111,11,1777,674,1011,27,1652,12,2680,25,1341,2312],"class_list":{"0":"post-364502","1":"post","2":"type-post","3":"status-publish","4":"format-standard","5":"has-post-thumbnail","7":"category-toulouse","8":"tag-actu","9":"tag-actualites","10":"tag-eu","11":"tag-europe","12":"tag-fr","13":"tag-france","14":"tag-loisirs-culture","15":"tag-news","16":"tag-occitanie","17":"tag-republique-francaise","18":"tag-sortir-a-toulouse","19":"tag-toulouse"},"share_on_mastodon":{"url":"https:\/\/pubeurope.com\/@fr\/115143283557359477","error":""},"_links":{"self":[{"href":"https:\/\/www.europesays.com\/fr\/wp-json\/wp\/v2\/posts\/364502","targetHints":{"allow":["GET"]}}],"collection":[{"href":"https:\/\/www.europesays.com\/fr\/wp-json\/wp\/v2\/posts"}],"about":[{"href":"https:\/\/www.europesays.com\/fr\/wp-json\/wp\/v2\/types\/post"}],"author":[{"embeddable":true,"href":"https:\/\/www.europesays.com\/fr\/wp-json\/wp\/v2\/users\/2"}],"replies":[{"embeddable":true,"href":"https:\/\/www.europesays.com\/fr\/wp-json\/wp\/v2\/comments?post=364502"}],"version-history":[{"count":0,"href":"https:\/\/www.europesays.com\/fr\/wp-json\/wp\/v2\/posts\/364502\/revisions"}],"wp:featuredmedia":[{"embeddable":true,"href":"https:\/\/www.europesays.com\/fr\/wp-json\/wp\/v2\/media\/364503"}],"wp:attachment":[{"href":"https:\/\/www.europesays.com\/fr\/wp-json\/wp\/v2\/media?parent=364502"}],"wp:term":[{"taxonomy":"category","embeddable":true,"href":"https:\/\/www.europesays.com\/fr\/wp-json\/wp\/v2\/categories?post=364502"},{"taxonomy":"post_tag","embeddable":true,"href":"https:\/\/www.europesays.com\/fr\/wp-json\/wp\/v2\/tags?post=364502"}],"curies":[{"name":"wp","href":"https:\/\/api.w.org\/{rel}","templated":true}]}}