{"id":364504,"date":"2025-09-04T00:50:14","date_gmt":"2025-09-04T00:50:14","guid":{"rendered":"https:\/\/www.europesays.com\/fr\/364504\/"},"modified":"2025-09-04T00:50:14","modified_gmt":"2025-09-04T00:50:14","slug":"une-publication-raciste-du-parti-deric-zemmour-declenche-lindignation-et-une-plainte","status":"publish","type":"post","link":"https:\/\/www.europesays.com\/fr\/364504\/","title":{"rendered":"une publication raciste du parti d&rsquo;Eric Zemmour d\u00e9clenche l\u2019indignation et une plainte"},"content":{"rendered":"<p class=\"article__intro\">La publication est apparue, ce mercredi 3 septembre 2025, sur la page Facebook de Reconqu\u00eate Haute-Garonne. Elle souligne l&rsquo;origine maghr\u00e9bine des noms des deux derniers recteurs de l&rsquo;acad\u00e9mie de Toulouse et provoque l&rsquo;indignation.<\/p>\n<p>\n      La Quotidienne Soci\u00e9t\u00e9\n    <\/p>\n<p>\n      De la vie quotidienne aux grands enjeux, recevez tous les jours les sujets qui font la soci\u00e9t\u00e9 locale, comme la justice, l\u2019\u00e9ducation, la sant\u00e9 et la famille.\n    <\/p>\n<p>    France T\u00e9l\u00e9visions utilise votre adresse e-mail afin de vous envoyer la newsletter \u00ab\u00a0La Quotidienne Soci\u00e9t\u00e9\u00a0\u00bb. Vous pouvez vous d\u00e9sinscrire \u00e0 tout moment via le lien en bas de cette newsletter. <a target=\"_blank\" href=\"https:\/\/www.francetelevisions.fr\/groupe\/confidentialite\/politique-de-confidentialite\/politique-de-confidentialite-de-france-televisions-6503\" rel=\"nofollow noopener\">Notre politique de confidentialit\u00e9<\/a><\/p>\n<p>Le message a \u00e9t\u00e9 publi\u00e9 en d\u00e9but d&rsquo;apr\u00e8s-midi de ce mercredi 3 septembre 2025 sur la page de Facebook de la section d\u00e9partementale de Reconqu\u00eate, le mouvement d&rsquo;Eric Zemmour, en Haute-Garonne. Rapidement, la publication est supprim\u00e9e mais plusieurs \u00e9lus locaux ont eu le temps d&rsquo;en faire une capture \u00e9cran. On peut y lire que \u00ab\u00a0les deux derniers recteurs de l&rsquo;acad\u00e9mie de Toulouse sont d&rsquo;origine maghr\u00e9bine. (&#8230;) Toulouse m\u00e9rite mieux (&#8230;) On commence quand la Reconqu\u00eate du pays\u00a0\u00bb.<\/p>\n<p>Le d\u00e9put\u00e9 LFI de la premi\u00e8re circonscription de la Haute-Garonne, Hadrien Clouet, est le premier \u00e0 avoir r\u00e9agi \u00e0 ce post. Dans un message publi\u00e9 sur le r\u00e9seau social X, il apporte son soutien aux recteurs \u00ab\u00a0livr\u00e9s \u00e0 la vindicte par un parti politique n\u00e9onazi qui appelle \u00e0 leur \u00e9puration.\u00a0\u00bb Pour le d\u00e9put\u00e9, cette publication est l&rsquo;\u0153uvre du \u00ab\u00a0Ku Klux Klan de la Garonne\u00a0\u00bb.<\/p>\n<blockquote class=\"twitter-tweet\">\n<p dir=\"ltr\" lang=\"fr\">Le Ku Klux Klan de la Garonne.<br \/>Soutien aux recteurs de l&rsquo;acad\u00e9mie de <a href=\"https:\/\/twitter.com\/hashtag\/Toulouse?src=hash&amp;ref_src=twsrc%5Etfw\" rel=\"nofollow noopener\" target=\"_blank\">#Toulouse<\/a> livr\u00e9s \u00e0 la vindicte par un parti politique n\u00e9onazi qui appelle \u00e0 leur \u00e9puration, celui d&rsquo;\u00c9ric Zemmour. <a href=\"https:\/\/t.co\/AjLNaAL2kL\" rel=\"nofollow\">pic.twitter.com\/AjLNaAL2kL<\/a><\/p>\n<p>\u2014 Hadrien Clouet (@HadrienClouet) <a href=\"https:\/\/twitter.com\/HadrienClouet\/status\/1963211630763704808?ref_src=twsrc%5Etfw\" rel=\"nofollow noopener\" target=\"_blank\">September 3, 2025<\/a><\/p><\/blockquote>\n<p>Dans la foul\u00e9e, le maire et pr\u00e9sident de la M\u00e9tropole de Toulouse a \u00e9galement d\u00e9nonc\u00e9 ces propos x\u00e9nophobes. \u00ab\u00a0Ils visent \u00e0 salir deux personnalit\u00e9s qui ont d\u00e9di\u00e9 leur vie professionnelle \u00e0 la promotion des savoirs, \u00e0 l\u2019\u00e9l\u00e9vation de nos enfants et plus largement des jeunes g\u00e9n\u00e9rations, par l\u2019\u00e9ducation ! \u00e9crit Jean-Luc Moudenc sur sa page Facebook personnelle. Mostafa Fourar et Karim Benmiloud ont un parcours r\u00e9publicain exemplaire. Ce sont des mod\u00e8les d\u2019int\u00e9gration inspirants et positifs, \u00e0 contre-courant de tendances s\u00e9paratistes dangereuses en rupture avec nos valeurs\u00a0\u00bb, \u00e9crit encore le premier \u00e9dile de la ville de Toulouse.<\/p>\n<p>Mostafa Fourar \u00e9tait en poste au rectorat de Toulouse pendant cinq ans. Il a rejoint Paris depuis le printemps 2025. \u00ab\u00a0Je condamne avec la plus grande fermet\u00e9 ces propos discriminatoires et indignes, nous \u00e9crit-il par SMS. R\u00e9duire des parcours universitaires et institutionnels \u00e0 une origine suppos\u00e9e est inacceptable et contraire aux valeurs de la R\u00e9publique. Notre pays se grandit lorsqu&rsquo;il reconna\u00eet les comp\u00e9tences et les engagements de chacun, ind\u00e9pendamment de son nom ou de ses origines.\u00a0\u00bb<\/p>\n<p>\u00c0 lire : <a href=\"https:\/\/france3-regions.franceinfo.fr\/occitanie\/haute-garonne\/toulouse\/arracheur-2-kippa-un-nouveau-maillot-antisemite-repere-sur-une-terrasse-de-restaurant-3210539.html\" target=\"_blank\" rel=\"noopener noreferrer nofollow\" data-tooltip-url=\"https:\/\/france3-regions.franceinfo.fr\/occitanie\/haute-garonne\/toulouse\/arracheur-2-kippa-un-nouveau-maillot-antisemite-repere-sur-une-terrasse-de-restaurant-3210539.html\"><strong>\u00ab\u00a0Arracheur 2 Kippa\u00a0\u00bb : un nouveau maillot antis\u00e9mite rep\u00e9r\u00e9 sur une terrasse de restaurant<\/strong><\/a><\/p>\n<p>\u00c0 la question de savoir s&rsquo;il envisageait de porter plainte, Mostafa Fourar nous a dans un premier temps indiqu\u00e9 qu&rsquo;il ne l&rsquo;excluait pas et qu&rsquo;il avait inform\u00e9 le minist\u00e8re. Vers 17 heures, l&rsquo;ancien recteur de Toulouse nous informait finalement \u00ab\u00a0avoir mandat\u00e9 son conseil pour d\u00e9poser plainte et engager toutes proc\u00e9dures judiciaires utiles.\u00a0\u00bb Pour l&rsquo;heure, l&rsquo;actuel recteur de l&rsquo;acad\u00e9mie de Toulouse, Karim Benmiloud n&rsquo;a pas souhait\u00e9 r\u00e9agir.<\/p>\n<\/p>\n<p>\u00c0 lire : <a href=\"https:\/\/france3-regions.franceinfo.fr\/occitanie\/herault\/montpellier\/appel-a-des-ratonnades-une-ancienne-candidate-du-parti-d-eric-zemmour-condamnee-a-de-la-prison-avec-sursis-3064036.html\" target=\"_blank\" rel=\"noopener noreferrer nofollow\" data-tooltip-url=\"https:\/\/france3-regions.franceinfo.fr\/occitanie\/herault\/montpellier\/appel-a-des-ratonnades-une-ancienne-candidate-du-parti-d-eric-zemmour-condamnee-a-de-la-prison-avec-sursis-3064036.html\"><strong>Appel \u00e0 des \u00ab\u00a0ratonnades\u00a0\u00bb : une ancienne candidate du parti d&rsquo;\u00c9ric Zemmour condamn\u00e9e \u00e0 de la prison avec sursis<\/strong><\/a><\/p>\n<p>Joint par t\u00e9l\u00e9phone, Arthur Cottrel, d\u00e9l\u00e9gu\u00e9 d\u00e9partemental de Reconqu\u00eate Haute-Garonne, explique que cette publication n&rsquo;a pas \u00e9t\u00e9 autoris\u00e9e par la section et qu&rsquo;elle est l&rsquo;\u0153uvre d&rsquo;un militant. \u00ab\u00a0Je condamne compl\u00e8tement son post. \u00c9videmment que son opinion n&rsquo;est absolument pas partag\u00e9e, ni par moi-m\u00eame, ni par Reconqu\u00eate, ni par mes \u00e9quipes. On a tous \u00e9t\u00e9 choqu\u00e9s quand on a vu \u00e7a. On s&rsquo;en d\u00e9solidarise totalement\u00a0\u00bb, r\u00e9agit Arthur Cottrel.<\/p>\n<p>Les droits d&rsquo;acc\u00e8s et de publication ont \u00e9t\u00e9 imm\u00e9diatement retir\u00e9s \u00e0 ce militant. Y aura-t-il d&rsquo;autres sanctions ? \u00ab\u00a0Probablement\u00a0\u00bb, ajoute le d\u00e9l\u00e9gu\u00e9 de Reconqu\u00eate en Haute-Garonne.<\/p>\n<p>  <script async src=\"https:\/\/platform.twitter.com\/widgets.js\" charset=\"utf-8\"><\/script><\/p>\n","protected":false},"excerpt":{"rendered":"La publication est apparue, ce mercredi 3 septembre 2025, sur la page Facebook de Reconqu\u00eate Haute-Garonne. Elle souligne&hellip;\n","protected":false},"author":2,"featured_media":364505,"comment_status":"","ping_status":"","sticky":false,"template":"","format":"standard","meta":{"footnotes":""},"categories":[2816],"tags":[1111,11,1777,674,1011,27,12,2680,25,2312],"class_list":{"0":"post-364504","1":"post","2":"type-post","3":"status-publish","4":"format-standard","5":"has-post-thumbnail","7":"category-toulouse","8":"tag-actu","9":"tag-actualites","10":"tag-eu","11":"tag-europe","12":"tag-fr","13":"tag-france","14":"tag-news","15":"tag-occitanie","16":"tag-republique-francaise","17":"tag-toulouse"},"share_on_mastodon":{"url":"https:\/\/pubeurope.com\/@fr\/115143287072535981","error":""},"_links":{"self":[{"href":"https:\/\/www.europesays.com\/fr\/wp-json\/wp\/v2\/posts\/364504","targetHints":{"allow":["GET"]}}],"collection":[{"href":"https:\/\/www.europesays.com\/fr\/wp-json\/wp\/v2\/posts"}],"about":[{"href":"https:\/\/www.europesays.com\/fr\/wp-json\/wp\/v2\/types\/post"}],"author":[{"embeddable":true,"href":"https:\/\/www.europesays.com\/fr\/wp-json\/wp\/v2\/users\/2"}],"replies":[{"embeddable":true,"href":"https:\/\/www.europesays.com\/fr\/wp-json\/wp\/v2\/comments?post=364504"}],"version-history":[{"count":0,"href":"https:\/\/www.europesays.com\/fr\/wp-json\/wp\/v2\/posts\/364504\/revisions"}],"wp:featuredmedia":[{"embeddable":true,"href":"https:\/\/www.europesays.com\/fr\/wp-json\/wp\/v2\/media\/364505"}],"wp:attachment":[{"href":"https:\/\/www.europesays.com\/fr\/wp-json\/wp\/v2\/media?parent=364504"}],"wp:term":[{"taxonomy":"category","embeddable":true,"href":"https:\/\/www.europesays.com\/fr\/wp-json\/wp\/v2\/categories?post=364504"},{"taxonomy":"post_tag","embeddable":true,"href":"https:\/\/www.europesays.com\/fr\/wp-json\/wp\/v2\/tags?post=364504"}],"curies":[{"name":"wp","href":"https:\/\/api.w.org\/{rel}","templated":true}]}}