{"id":364506,"date":"2025-09-04T00:51:27","date_gmt":"2025-09-04T00:51:27","guid":{"rendered":"https:\/\/www.europesays.com\/fr\/364506\/"},"modified":"2025-09-04T00:51:27","modified_gmt":"2025-09-04T00:51:27","slug":"que-faire-a-lille-ce-week-end-5-7-septembre-2025","status":"publish","type":"post","link":"https:\/\/www.europesays.com\/fr\/364506\/","title":{"rendered":"que faire \u00e0 Lille ce week-end ? (5-7 septembre 2025)"},"content":{"rendered":"<p class=\"intro\">Le week-end du 5 au 7 septembre promet d&rsquo;\u00eatre riche en d\u00e9couvertes \u00e0 Lille et dans ses alentours\u00a0! Entre traditions s\u00e9culaires et exp\u00e9riences modernes, entre sensations foraines et \u00e9vasion culturelle, il y en a pour tous les go\u00fbts. De la l\u00e9gendaire Braderie aux concerts intimistes aux chandelles, en passant par l&rsquo;art moderne r\u00e9volutionnaire, ce programme \u00e9clectique saura satisfaire les familles, les passionn\u00e9s de culture et les amateurs de sensations fortes. Pr\u00e9parez-vous \u00e0 vivre un week-end m\u00e9morable\u00a0!<\/p>\n<p class=\"mise_en_avant\"><strong>Pr\u00e9visions m\u00e9t\u00e9o ce week-end\u00a0:<\/strong> Vendredi 5 septembre sous un ciel d\u00e9gag\u00e9 avec 22\u00b0C, samedi 6 septembre plus couvert \u00e0 24\u00b0C, et dimanche 7 septembre l\u00e9g\u00e8rement pluvieux mais plus chaud avec 30\u00b0C.<\/p>\n<p>1\/ [Coup de\u00a0\u2764\ufe0f JDS] Foire aux Man\u00e8ges de Lille 2025 &#8211; Sensations garanties<\/p>\n<p>\ud83c\udfa2 La <a href=\"https:\/\/www.jds.fr\/lille\/manifestations\/fete-foraine\/foire-aux-maneges-de-lille-177809_A\" rel=\"nofollow noopener\" target=\"_blank\">[Coup de\u00a0\u2764\ufe0f JDS] Foire aux Man\u00e8ges de Lille 2025<\/a> bat son plein sur l&rsquo;Esplanade du Champ de Mars\u00a0! Avec son nouveau Grand 8, ses attractions \u00e0 sensations et ses stands gourmands, cette \u00e9dition promet des \u00e9motions fortes pour toute la famille. \ud83c\udf6c Cette f\u00eate foraine incontournable m\u00e9rite le d\u00e9tour pour son ambiance festive authentique et sa diversit\u00e9 d&rsquo;attractions adapt\u00e9es \u00e0 tous les \u00e2ges.<\/p>\n<p>\ud83d\udca1 <strong>Notre conseil\u00a0:<\/strong> Venez plut\u00f4t en soir\u00e9e pour profiter de l&rsquo;ambiance magique des man\u00e8ges illumin\u00e9s et \u00e9viter la foule de l&rsquo;apr\u00e8s-midi. N&rsquo;oubliez pas de go\u00fbter aux sp\u00e9cialit\u00e9s sucr\u00e9es\u00a0!<\/p>\n<p>\ud83d\udccd Esplanade du Champ de Mars | Lille<br \/>\ud83d\udcc5 Jusqu&rsquo;au 28\/09\/2025<\/p>\n<p class=\"mise_en_avant\">\ud83d\udc49 <a href=\"https:\/\/www.jds.fr\/lille\/manifestations\/fete-foraine\/foire-aux-maneges-de-lille-177809_A\" rel=\"nofollow noopener\" target=\"_blank\">[Coup de\u00a0\u2764\ufe0f JDS] Foire aux Man\u00e8ges de Lille 2025\u00a0: toutes les informations<\/a><\/p>\n<p><a data-lightbox=\"article\" data-title=\"Le Crazy Mouse, une attraction \u00e0 sensation \u00a9 Christophe Pasquet\" class=\"image detail fullwidth\" href=\"https:\/\/www.jds.fr\/medias\/image\/foire-aux-maneges-de-lille-414776-1200-0-F.webp\" title=\"Le Crazy Mouse, une attraction \u00e0 sensation \u00a9 Christophe Pasquet\" rel=\"nofollow noopener\" target=\"_blank\"><br \/>\n<img decoding=\"async\" loading=\"lazy\" src=\"https:\/\/www.europesays.com\/fr\/wp-content\/uploads\/2025\/08\/foire-aux-maneges-de-lille-414776-1200-0.webp.webp\"   alt=\"Le Crazy Mouse, une attraction \u00e0 sensation\" class=\"shortcode_image border\"\/><br \/>\n\u00a9 Christophe Pasquet<br \/>\nLe Crazy Mouse, une attraction \u00e0 sensation<br \/>\n<\/a>\n<\/p>\n<p>2\/ Braderie de Lille 2025 &#8211; Le rendez-vous incontournable<\/p>\n<p>\ud83d\udecd\ufe0f Le plus grand march\u00e9 aux puces d&rsquo;Europe revient animer Lille\u00a0! La <a href=\"https:\/\/www.jds.fr\/lille\/foires-et-salons\/brocantes\/braderie-de-lille-180325_A\" rel=\"nofollow noopener\" target=\"_blank\">Braderie de Lille 2025<\/a> transforme la ville en immense terrain de chasse aux bonnes affaires avec 10 000 exposants sur 100 kilom\u00e8tres d&rsquo;\u00e9tals. \ud83c\udf7d\ufe0f Cette tradition mill\u00e9naire est l&rsquo;\u00e9v\u00e9nement phare du calendrier lillois, alliant shopping, gastronomie et convivialit\u00e9 dans une atmosph\u00e8re unique.<\/p>\n<p>\ud83d\udca1 <strong>Notre conseil\u00a0:<\/strong> Arrivez t\u00f4t le samedi matin pour d\u00e9nicher les meilleures pi\u00e8ces et n&rsquo;oubliez pas de d\u00e9guster les fameuses moules-frites, v\u00e9ritable institution de la Braderie\u00a0!<\/p>\n<p>\ud83d\udccd Lille<br \/>\ud83d\udcc5 Du 06\/09\/2025 au 07\/09\/2025<\/p>\n<p class=\"mise_en_avant\">\ud83d\udc49 <a href=\"https:\/\/www.jds.fr\/lille\/foires-et-salons\/brocantes\/braderie-de-lille-180325_A\" rel=\"nofollow noopener\" target=\"_blank\">Braderie de Lille 2025\u00a0: toutes les informations<\/a><\/p>\n<p><a data-lightbox=\"article\" data-title=\"La Grande braderie de Lille attire les foules \u00a9 Braderie de Lille\" class=\"image detail fullwidth\" href=\"https:\/\/www.jds.fr\/medias\/image\/grande-braderie-de-lille-158471-1200-0-F.webp\" title=\"La Grande braderie de Lille attire les foules \u00a9 Braderie de Lille\" rel=\"nofollow noopener\" target=\"_blank\"><br \/>\n<img decoding=\"async\" loading=\"lazy\" src=\"https:\/\/www.europesays.com\/fr\/wp-content\/uploads\/2025\/09\/grande-braderie-de-lille-158471-1200-0.webp.webp\"   alt=\"La Grande braderie de Lille attire les foules\" class=\"shortcode_image border\"\/><br \/>\n\u00a9 Braderie de Lille<br \/>\nLa Grande braderie de Lille attire les foules<br \/>\n<\/a>\n<\/p>\n<p>3\/ Billet coupe-file pour la Villa Cavrois &#8211; Architecture moderniste<\/p>\n<p>\ud83c\udff0 D\u00e9couvrez la <a href=\"https:\/\/www.jds.fr\/lille\/manifestations\/billet-coupe-file-pour-la-villa-cavrois-1130164_A\" rel=\"nofollow noopener\" target=\"_blank\">Villa Cavrois \u00e0 Croix<\/a>, ce joyau du modernisme des ann\u00e9es 1930 sign\u00e9 Mallet-Stevens. Cette merveille architecturale parfaitement restaur\u00e9e r\u00e9v\u00e8le l&rsquo;art de vivre bourgeois d&rsquo;une \u00e9poque r\u00e9volue. \ud83d\udd0d Ce monument exceptionnel offre un voyage fascinant dans l&rsquo;histoire de l&rsquo;architecture moderne fran\u00e7aise.<\/p>\n<p>\ud83d\udca1 <strong>Notre conseil\u00a0:<\/strong> R\u00e9servez imp\u00e9rativement votre cr\u00e9neau horaire sur le site officiel apr\u00e8s l&rsquo;achat de votre billet pour \u00e9viter toute d\u00e9ception. La visite en fin d&rsquo;apr\u00e8s-midi offre une lumi\u00e8re particuli\u00e8rement belle.<\/p>\n<p>\ud83d\udccd Villa Cavrois | Croix<br \/>\ud83d\udcc5 Du 03\/09\/2025 au 26\/10\/2025<\/p>\n<p class=\"mise_en_avant\">\ud83d\udc49 <a href=\"https:\/\/www.jds.fr\/lille\/manifestations\/billet-coupe-file-pour-la-villa-cavrois-1130164_A\" rel=\"nofollow noopener\" target=\"_blank\">Billet coupe-file pour la Villa Cavrois\u00a0: toutes les informations<\/a><\/p>\n<p><a class=\"btn btn-lg shadow-lg btn-primary rounded-pill fnac_link\" data-fnac=\"in_article\" href=\"https:\/\/pdt.tradedoubler.com\/click?a(3419081)p(354825)product(103801-141528)ttid(3)url(https%3A%2F%2Ffeverup.com%2Fm%2F141528)&amp;clickref=in_article-A-desktop\" target=\"_blank\" rel=\"nofollow noopener\"> Acheter des billets<\/a><\/p>\n<p><a data-lightbox=\"article\" data-title=\" DR\" class=\"image detail fullwidth\" href=\"https:\/\/www.jds.fr\/medias\/image\/billet-coupe-file-pour-la-villa-cavrois-696232-1200-0-F.webp\" title=\" DR\" rel=\"nofollow noopener\" target=\"_blank\"><br \/>\n<img decoding=\"async\" loading=\"lazy\" src=\"https:\/\/www.europesays.com\/fr\/wp-content\/uploads\/2025\/08\/billet-coupe-file-pour-la-villa-cavrois-696232-1200-0.webp.webp\"   alt=\"Billet coupe-file pour la Villa Cavrois\" class=\"shortcode_image border\"\/><br \/>\n\u00a9 DR<br \/>\n<\/a>\n<\/p>\n<p>4\/ Smallicieux &#8211; la Cit\u00e9 des Enfants de Lillenium &#8211; \u00c9veil et jeux<\/p>\n<p>\ud83d\udc76 <a href=\"https:\/\/www.jds.fr\/lille\/sorties-famille\/smallicieux-la-cite-des-enfants-de-lillenium-1047723_A\" rel=\"nofollow noopener\" target=\"_blank\">Smallicieux &#8211; la Cit\u00e9 des Enfants de Lillenium<\/a> offre 1000m\u00b2 d&rsquo;aventures ludiques pour les 2-12 ans. Jeux d&rsquo;eau, machines \u00e0 boules, studio d&rsquo;effets sp\u00e9ciaux\u00a0: tout est con\u00e7u pour stimuler la cr\u00e9ativit\u00e9 et l&rsquo;\u00e9veil des enfants. \ud83c\udfaf Cet espace unique favorise l&rsquo;apprentissage par le jeu dans un environnement s\u00e9curis\u00e9 et stimulant.<\/p>\n<p>\ud83d\udca1 <strong>Notre conseil\u00a0:<\/strong> Privil\u00e9giez les cr\u00e9neaux en semaine ou en d\u00e9but de journ\u00e9e le week-end pour profiter pleinement des activit\u00e9s. Pr\u00e9voyez des v\u00eatements de rechange pour les jeux d&rsquo;eau\u00a0!<\/p>\n<p>\ud83d\udccd Smallicieux &#8211; La Cit\u00e9 des Enfants | Lille<br \/>\ud83d\udcc5 Jusqu&rsquo;au 02\/11\/2025<\/p>\n<p class=\"mise_en_avant\">\ud83d\udc49 <a href=\"https:\/\/www.jds.fr\/lille\/sorties-famille\/smallicieux-la-cite-des-enfants-de-lillenium-1047723_A\" rel=\"nofollow noopener\" target=\"_blank\">Smallicieux &#8211; la Cit\u00e9 des Enfants de Lillenium\u00a0: toutes les informations<\/a><\/p>\n<p><a class=\"btn btn-lg shadow-lg btn-primary rounded-pill fnac_link\" data-fnac=\"in_article\" href=\"https:\/\/www.awin1.com\/pclick.php?p=42253660982&amp;a=634278&amp;m=12494&amp;clickref=in_article-A-desktop\" target=\"_blank\" rel=\"nofollow noopener\"> Acheter des billets<\/a><\/p>\n<p>5\/ Candlelight\u00a0: Hommage \u00e0 Queen &#8211; Concert intimiste<\/p>\n<p>\ud83d\udd6f\ufe0f Vivez une exp\u00e9rience musicale magique avec <a href=\"https:\/\/www.jds.fr\/lille\/manifestations\/festival\/candlelight-hommage-a-queen-1027677_A\" rel=\"nofollow noopener\" target=\"_blank\">Candlelight\u00a0: Hommage \u00e0 Queen \u00e0 Lille<\/a> dans le cadre prestigieux de l&rsquo;H\u00f4tel Carlton. Un quatuor \u00e0 cordes r\u00e9interpr\u00e8te les plus grands tubes de Queen \u00e0 la lueur des bougies. \ud83c\udfbc Cette approche intimiste des classiques rock cr\u00e9e une atmosph\u00e8re unique et \u00e9mouvante.<\/p>\n<p>\ud83d\udca1 <strong>Notre conseil\u00a0:<\/strong> Arrivez 30 minutes avant le d\u00e9but du concert pour vous installer sereinement et vous impr\u00e9gner de l&rsquo;ambiance feutr\u00e9e. L&rsquo;attribution des places se fait par ordre d&rsquo;arriv\u00e9e\u00a0!<\/p>\n<p>\ud83d\udccd H\u00f4tel Carlton Lille | Lille<br \/>\ud83d\udcc5 Du 06\/09\/2025 au 06\/12\/2025<\/p>\n<p class=\"mise_en_avant\">\ud83d\udc49 <a href=\"https:\/\/www.jds.fr\/lille\/manifestations\/festival\/candlelight-hommage-a-queen-1027677_A\" rel=\"nofollow noopener\" target=\"_blank\">Candlelight\u00a0: Hommage \u00e0 Queen\u00a0: toutes les informations<\/a><\/p>\n<p><a class=\"btn btn-lg shadow-lg btn-primary rounded-pill fnac_link\" data-fnac=\"in_article\" href=\"https:\/\/pdt.tradedoubler.com\/click?a(3419081)p(354825)product(103801-104185)ttid(3)url(https%3A%2F%2Ffeverup.com%2Fm%2F104185)&amp;clickref=in_article-A-desktop\" target=\"_blank\" rel=\"nofollow noopener\"> Acheter des billets<\/a><\/p>\n<p><a data-lightbox=\"article\" data-title=\" DR\" class=\"image detail fullwidth\" href=\"https:\/\/www.jds.fr\/medias\/image\/candlelight-hommage-a-queen-641257-1200-0-F.webp\" title=\" DR\" rel=\"nofollow noopener\" target=\"_blank\"><br \/>\n<img decoding=\"async\" loading=\"lazy\" src=\"https:\/\/www.europesays.com\/fr\/wp-content\/uploads\/2025\/09\/candlelight-hommage-a-queen-641257-1200-0.webp.webp\"   alt=\"Candlelight : Hommage \u00e0 Queen\" class=\"shortcode_image border\"\/><br \/>\n\u00a9 DR<br \/>\n<\/a>\n<\/p>\n<p>6\/ Pom Pom Pidou, Un R\u00e9cit Renversant de l&rsquo;Art Moderne &#8211; Exposition majeure<\/p>\n<p>\ud83c\udfa8 Le Centre Pompidou investit le Tripostal avec <a href=\"https:\/\/www.jds.fr\/lille\/expos\/pom-pom-pidou-un-recit-renversant-de-l-art-moderne-936180_A\" rel=\"nofollow noopener\" target=\"_blank\">Pom Pom Pidou, Un R\u00e9cit Renversant de l&rsquo;Art Moderne \u00e0 Lille<\/a>. Cette exposition exceptionnelle d\u00e9roule un r\u00e9cit chamboul\u00e9 de la cr\u00e9ation moderne sur trois niveaux, r\u00e9v\u00e9lant comment l&rsquo;art n&rsquo;a cess\u00e9 d&rsquo;\u00eatre r\u00e9volutionn\u00e9. \ud83c\udfdb\ufe0f Cette collaboration prestigieuse offre une approche originale et d\u00e9cal\u00e9e de l&rsquo;histoire artistique contemporaine.<\/p>\n<p>\ud83d\udca1 <strong>Notre conseil\u00a0:<\/strong> Pr\u00e9voyez au moins 2 heures pour parcourir les trois niveaux et profitez de la proximit\u00e9 des gares Lille Flandres et Lille Europe pour un acc\u00e8s facilit\u00e9 en transports en commun.<\/p>\n<p>\ud83d\udccd Le Tripostal | Lille<br \/>\ud83d\udcc5 Du 03\/09\/2025 au 09\/11\/2025<\/p>\n<p class=\"mise_en_avant\">\ud83d\udc49 <a href=\"https:\/\/www.jds.fr\/lille\/expos\/pom-pom-pidou-un-recit-renversant-de-l-art-moderne-936180_A\" rel=\"nofollow noopener\" target=\"_blank\">Pom Pom Pidou, Un R\u00e9cit Renversant de l&rsquo;Art Moderne\u00a0: toutes les informations<\/a><\/p>\n<p><a class=\"btn btn-lg shadow-lg btn-primary rounded-pill fnac_link\" data-fnac=\"in_article\" href=\"https:\/\/www.awin1.com\/pclick.php?p=40978596291&amp;a=634278&amp;m=12494&amp;clickref=in_article-A-desktop\" target=\"_blank\" rel=\"nofollow noopener\"> Acheter des billets<\/a><\/p>\n<p>7\/ Salon bien-\u00eatre, min\u00e9raux voyance \u00e0 Bailleul &#8211; D\u00e9tente et \u00e9vasion<\/p>\n<p>\ud83d\udd2e \u00c9vadez-vous au <a href=\"https:\/\/www.jds.fr\/lille\/foires-et-salons\/foires\/salon-bien-etre-mineraux-voyance-a-bailleul-1143158_A\" rel=\"nofollow noopener\" target=\"_blank\">Salon bien-\u00eatre, min\u00e9raux voyance \u00e0 Bailleul<\/a> o\u00f9 plus de 40 exposants passionn\u00e9s vous accueillent pour un week-end d\u00e9di\u00e9 aux \u00e9nergies positives. Lithoth\u00e9rapie, voyance, conf\u00e9rences\u00a0: tout pour explorer de nouveaux horizons spirituels.\u00a0\u2728 Ce rendez-vous convivial permet de d\u00e9couvrir des pratiques alternatives dans une ambiance chaleureuse et bienveillante.<\/p>\n<p>\ud83d\udca1 <strong>Notre conseil\u00a0:<\/strong> Assistez aux conf\u00e9rences programm\u00e9es tout au long du salon pour enrichir vos connaissances et rencontrez directement les professionnels pr\u00e9sents pour des conseils personnalis\u00e9s.<\/p>\n<p>\ud83d\udccd Salle des f\u00eates\u00a0, 59 Rue de Lille | Bailleul<br \/>\ud83d\udcc5 Du 06\/09\/2025 au 07\/09\/2025<\/p>\n<p class=\"mise_en_avant\">\ud83d\udc49 <a href=\"https:\/\/www.jds.fr\/lille\/foires-et-salons\/foires\/salon-bien-etre-mineraux-voyance-a-bailleul-1143158_A\" rel=\"nofollow noopener\" target=\"_blank\">Salon bien-\u00eatre\u00a0,min\u00e9raux voyance a Bailleul\u00a0: toutes les informations<\/a><\/p>\n<p><a data-lightbox=\"article\" data-title=\" \u00a9 Salon bailleul 2025\" class=\"image detail fullwidth\" href=\"https:\/\/www.jds.fr\/medias\/image\/0.94241700-1756501295-704157-1200-0-F.webp\" title=\" \u00a9 Salon bailleul 2025\" rel=\"nofollow noopener\" target=\"_blank\"><br \/>\n<img decoding=\"async\" loading=\"lazy\" src=\"https:\/\/www.europesays.com\/fr\/wp-content\/uploads\/2025\/09\/0.94241700-1756501295-704157-1200-0.webp.webp\"   alt=\"Salon bien-\u00eatre ,min\u00e9raux voyance a Bailleul \" class=\"shortcode_image border\"\/><br \/>\n\u00a9 Salon bailleul 2025<br \/>\n<\/a>\n<\/p>\n<p>Date de publication : le 03\/09\/2025.<\/p>\n<p class=\"font-size-30 fw-bold lh-1 mt-0 mb-4\">Je trouve les meilleures sorties dans ma ville<\/p>\n","protected":false},"excerpt":{"rendered":"Le week-end du 5 au 7 septembre promet d&rsquo;\u00eatre riche en d\u00e9couvertes \u00e0 Lille et dans ses alentours\u00a0!&hellip;\n","protected":false},"author":2,"featured_media":364507,"comment_status":"","ping_status":"","sticky":false,"template":"","format":"standard","meta":{"footnotes":""},"categories":[2815],"tags":[1111,11,1777,674,1011,27,811,1307,12,25],"class_list":{"0":"post-364506","1":"post","2":"type-post","3":"status-publish","4":"format-standard","5":"has-post-thumbnail","7":"category-lille","8":"tag-actu","9":"tag-actualites","10":"tag-eu","11":"tag-europe","12":"tag-fr","13":"tag-france","14":"tag-hauts-de-france","15":"tag-lille","16":"tag-news","17":"tag-republique-francaise"},"share_on_mastodon":{"url":"https:\/\/pubeurope.com\/@fr\/115143290960537927","error":""},"_links":{"self":[{"href":"https:\/\/www.europesays.com\/fr\/wp-json\/wp\/v2\/posts\/364506","targetHints":{"allow":["GET"]}}],"collection":[{"href":"https:\/\/www.europesays.com\/fr\/wp-json\/wp\/v2\/posts"}],"about":[{"href":"https:\/\/www.europesays.com\/fr\/wp-json\/wp\/v2\/types\/post"}],"author":[{"embeddable":true,"href":"https:\/\/www.europesays.com\/fr\/wp-json\/wp\/v2\/users\/2"}],"replies":[{"embeddable":true,"href":"https:\/\/www.europesays.com\/fr\/wp-json\/wp\/v2\/comments?post=364506"}],"version-history":[{"count":0,"href":"https:\/\/www.europesays.com\/fr\/wp-json\/wp\/v2\/posts\/364506\/revisions"}],"wp:featuredmedia":[{"embeddable":true,"href":"https:\/\/www.europesays.com\/fr\/wp-json\/wp\/v2\/media\/364507"}],"wp:attachment":[{"href":"https:\/\/www.europesays.com\/fr\/wp-json\/wp\/v2\/media?parent=364506"}],"wp:term":[{"taxonomy":"category","embeddable":true,"href":"https:\/\/www.europesays.com\/fr\/wp-json\/wp\/v2\/categories?post=364506"},{"taxonomy":"post_tag","embeddable":true,"href":"https:\/\/www.europesays.com\/fr\/wp-json\/wp\/v2\/tags?post=364506"}],"curies":[{"name":"wp","href":"https:\/\/api.w.org\/{rel}","templated":true}]}}