{"id":364510,"date":"2025-09-04T00:53:11","date_gmt":"2025-09-04T00:53:11","guid":{"rendered":"https:\/\/www.europesays.com\/fr\/364510\/"},"modified":"2025-09-04T00:53:11","modified_gmt":"2025-09-04T00:53:11","slug":"theo-challande-demande-justice-pour-le-lgbt-eborgne","status":"publish","type":"post","link":"https:\/\/www.europesays.com\/fr\/364510\/","title":{"rendered":"Th\u00e9o Challande demande justice pour le LGBT \u00e9borgn\u00e9"},"content":{"rendered":"\n<p>L\u2019adjoint au maire charg\u00e9 de la d\u00e9mocratie et de la lutte contre les discriminations ne compte visiblement pas en rester l\u00e0. Il annonce avoir nomm\u00e9 un avocat \u00ab\u00a0pour l\u2019assister dans le cadre de l\u2019affaire Alexandre Georges, qui a perdu la vue d\u2019un \u0153il \u00e0 la suite d\u2019un coup de poing re\u00e7u par un homme s\u2019\u00e9tant av\u00e9r\u00e9 \u00eatre un fonctionnaire de police, le 1er\u00a0f\u00e9vrier 2024\u00a0\u00bb, relate-t-il. Alexandre Georges assurait ce jour-l\u00e0 la s\u00e9curit\u00e9 d\u2019un rassemblement contre l\u2019ex-manif pour tous et est intervenu en aspergeant de gaz lacrymo ledit policier en civil qui venait de bousculer Th\u00e9o Challande, qui participait \u00e0 l\u2019initiative. C\u2019est \u00e0 ce moment-l\u00e0 que le policier avait ass\u00e9n\u00e9 le coup de poing.<\/p>\n<p>Alors qu\u2019Alexandre Georges a d\u00e9cid\u00e9 de retirer sa plainte, en raison de \u00ab\u00a0la maltraitance judiciaire subie\u00a0\u00bb, l\u2019adjoint au maire de Marseille, qui a \u00e9t\u00e9 t\u00e9moin direct des faits d\u00e9clare\u00a0: \u00ab\u00a0j\u2019ai vu un acte d\u2019une violence inacceptable, par un homme dont le but n\u2019\u00e9tait pas d\u2019assurer l\u2019ordre. Je veux m\u2019assurer que l\u2019enqu\u00eate continue, qu\u2019elle soit \u00e0 la hauteur de la gravit\u00e9 des faits et que la justice soit \u00e9quitable\u00a0\u00bb, assure-t-il dans un communiqu\u00e9 publi\u00e9 ce mercredi. \u00ab\u00a0Policier ou simple citoyen, lorsqu\u2019on est repr\u00e9sentant de la loi, la justice doit \u00eatre la m\u00eame que pour tous les Fran\u00e7ais, voire plus ferme encore\u00a0\u00bb.<\/p>\n<p>Au bout d\u2019un an et demi, Alexandre Georges avait retir\u00e9 sa plainte car il consid\u00e9rait que l\u2019enqu\u00eate men\u00e9e par l\u2019IGPN tenait \u00ab\u00a0d\u2019un parcours fl\u00e9ch\u00e9 vers le policier innocent\u00e9 et moi qui prenais cher\u00a0\u00bb, d\u00e9non\u00e7ait-il dans notre \u00e9dition du 18\u00a0ao\u00fbt.<\/p>\n","protected":false},"excerpt":{"rendered":"L\u2019adjoint au maire charg\u00e9 de la d\u00e9mocratie et de la lutte contre les discriminations ne compte visiblement pas&hellip;\n","protected":false},"author":2,"featured_media":364511,"comment_status":"","ping_status":"","sticky":false,"template":"","format":"standard","meta":{"footnotes":""},"categories":[2814],"tags":[1111,11,1777,674,1011,27,45038,884,12,882,25],"class_list":{"0":"post-364510","1":"post","2":"type-post","3":"status-publish","4":"format-standard","5":"has-post-thumbnail","7":"category-marseille","8":"tag-actu","9":"tag-actualites","10":"tag-eu","11":"tag-europe","12":"tag-fr","13":"tag-france","14":"tag-l-m","15":"tag-marseille","16":"tag-news","17":"tag-provence-alpes-cote-dazur","18":"tag-republique-francaise"},"share_on_mastodon":{"url":"https:\/\/pubeurope.com\/@fr\/115143298595209226","error":""},"_links":{"self":[{"href":"https:\/\/www.europesays.com\/fr\/wp-json\/wp\/v2\/posts\/364510","targetHints":{"allow":["GET"]}}],"collection":[{"href":"https:\/\/www.europesays.com\/fr\/wp-json\/wp\/v2\/posts"}],"about":[{"href":"https:\/\/www.europesays.com\/fr\/wp-json\/wp\/v2\/types\/post"}],"author":[{"embeddable":true,"href":"https:\/\/www.europesays.com\/fr\/wp-json\/wp\/v2\/users\/2"}],"replies":[{"embeddable":true,"href":"https:\/\/www.europesays.com\/fr\/wp-json\/wp\/v2\/comments?post=364510"}],"version-history":[{"count":0,"href":"https:\/\/www.europesays.com\/fr\/wp-json\/wp\/v2\/posts\/364510\/revisions"}],"wp:featuredmedia":[{"embeddable":true,"href":"https:\/\/www.europesays.com\/fr\/wp-json\/wp\/v2\/media\/364511"}],"wp:attachment":[{"href":"https:\/\/www.europesays.com\/fr\/wp-json\/wp\/v2\/media?parent=364510"}],"wp:term":[{"taxonomy":"category","embeddable":true,"href":"https:\/\/www.europesays.com\/fr\/wp-json\/wp\/v2\/categories?post=364510"},{"taxonomy":"post_tag","embeddable":true,"href":"https:\/\/www.europesays.com\/fr\/wp-json\/wp\/v2\/tags?post=364510"}],"curies":[{"name":"wp","href":"https:\/\/api.w.org\/{rel}","templated":true}]}}