{"id":364514,"date":"2025-09-04T00:55:12","date_gmt":"2025-09-04T00:55:12","guid":{"rendered":"https:\/\/www.europesays.com\/fr\/364514\/"},"modified":"2025-09-04T00:55:12","modified_gmt":"2025-09-04T00:55:12","slug":"un-homme-poignarde-son-fils","status":"publish","type":"post","link":"https:\/\/www.europesays.com\/fr\/364514\/","title":{"rendered":"un homme poignarde son fils"},"content":{"rendered":"<p>                            <img loading=\"lazy\" width=\"886\" height=\"553\" class=\"attachment-article size-article wp-post-image lazyload\" alt=\"\" decoding=\"async\" src=\"https:\/\/www.europesays.com\/fr\/wp-content\/uploads\/2025\/04\/Pompierambulance-Urgence-@WilliamPham-e1675345697844.jpg\" data-eio-rwidth=\"886\" data-eio-rheight=\"553\"\/><\/p>\n<p>(Photo d\u2019illustration) @WilliamPham<\/p>\n<p class=\"content\" style=\"font-size:1.2em;font-weight:700\">Le 20 ao\u00fbt dernier, un homme a poignard\u00e9 son fils alors qu&rsquo;il tentait de porter un coup de couteau \u00e0 la gorge de son ex-femme \u00e0 Villeurbanne. <\/p>\n<p>Le 20 ao\u00fbt dernier, une femme a \u00e9t\u00e9 agress\u00e9e par son ex-mari, son fils a \u00e9galement re\u00e7u un coup de couteau. <\/p>\n<p>Rapport\u00e9s par <a href=\"https:\/\/c.leprogres.fr\/faits-divers-justice\/2025\/09\/03\/en-protegeant-sa-mere-il-est-taillade-au-bras-par-son-pere?login=1\" rel=\"nofollow noopener\" target=\"_blank\">le Progr\u00e8s<\/a>, les faits se sont d\u00e9roul\u00e9s \u00e0 Villeurbanne, pr\u00e8s du domicile des victimes. Ce jour-l\u00e0, la femme et son fils avaient rendez-vous avec l&rsquo;homme ayant partag\u00e9 leur vie pendant plusieurs ann\u00e9es. L&rsquo;individu souhaitait revoir son fils, alors qu&rsquo;il sortait de plusieurs ann\u00e9es de prison pour violences conjugales envers cette m\u00eame femme. R\u00e9tissants \u00e0 l&rsquo;id\u00e9e d&rsquo;un rendez-vous, les deux victimes avaient tout de m\u00eame accept\u00e9 de le rencontrer. <\/p>\n<p>Le jour du rendez-vous, alors que l&rsquo;homme approche, ce dernier sort un couteau et vise la gorge de son ex femme. Pr\u00e9par\u00e9 \u00e0 une action de la sorte, le fils s&rsquo;interpose et re\u00e7oit plusieurs coups de couteau dans le bras. Bless\u00e9, le jeune homme est conduit \u00e0 l&rsquo;h\u00f4pital o\u00f9 il est op\u00e9r\u00e9. <\/p>\n<p>Alors que l&rsquo;homme devait \u00eatre jug\u00e9 pour ces faits lundi 1er septembre, le tribunal a r\u00e9clam\u00e9 une expertise psychologique pour troubles bipolaires. L&rsquo;audience a donc \u00e9t\u00e9 renvoy\u00e9e au 23 octobre prochain. En attendant, le pr\u00e9venu est maintenu en d\u00e9tention. <\/p>\n<p><strong>Lire aussi : <\/strong><\/p>\n","protected":false},"excerpt":{"rendered":"(Photo d\u2019illustration) @WilliamPham Le 20 ao\u00fbt dernier, un homme a poignard\u00e9 son fils alors qu&rsquo;il tentait de porter&hellip;\n","protected":false},"author":2,"featured_media":45991,"comment_status":"","ping_status":"","sticky":false,"template":"","format":"standard","meta":{"footnotes":""},"categories":[1889],"tags":[1111,11,2430,1777,674,1011,27,2428,12,25],"class_list":{"0":"post-364514","1":"post","2":"type-post","3":"status-publish","4":"format-standard","5":"has-post-thumbnail","7":"category-lyon","8":"tag-actu","9":"tag-actualites","10":"tag-auvergne-rhone-alpes","11":"tag-eu","12":"tag-europe","13":"tag-fr","14":"tag-france","15":"tag-lyon","16":"tag-news","17":"tag-republique-francaise"},"share_on_mastodon":{"url":"https:\/\/pubeurope.com\/@fr\/115143306445935021","error":""},"_links":{"self":[{"href":"https:\/\/www.europesays.com\/fr\/wp-json\/wp\/v2\/posts\/364514","targetHints":{"allow":["GET"]}}],"collection":[{"href":"https:\/\/www.europesays.com\/fr\/wp-json\/wp\/v2\/posts"}],"about":[{"href":"https:\/\/www.europesays.com\/fr\/wp-json\/wp\/v2\/types\/post"}],"author":[{"embeddable":true,"href":"https:\/\/www.europesays.com\/fr\/wp-json\/wp\/v2\/users\/2"}],"replies":[{"embeddable":true,"href":"https:\/\/www.europesays.com\/fr\/wp-json\/wp\/v2\/comments?post=364514"}],"version-history":[{"count":0,"href":"https:\/\/www.europesays.com\/fr\/wp-json\/wp\/v2\/posts\/364514\/revisions"}],"wp:featuredmedia":[{"embeddable":true,"href":"https:\/\/www.europesays.com\/fr\/wp-json\/wp\/v2\/media\/45991"}],"wp:attachment":[{"href":"https:\/\/www.europesays.com\/fr\/wp-json\/wp\/v2\/media?parent=364514"}],"wp:term":[{"taxonomy":"category","embeddable":true,"href":"https:\/\/www.europesays.com\/fr\/wp-json\/wp\/v2\/categories?post=364514"},{"taxonomy":"post_tag","embeddable":true,"href":"https:\/\/www.europesays.com\/fr\/wp-json\/wp\/v2\/tags?post=364514"}],"curies":[{"name":"wp","href":"https:\/\/api.w.org\/{rel}","templated":true}]}}