{"id":364515,"date":"2025-09-04T00:56:15","date_gmt":"2025-09-04T00:56:15","guid":{"rendered":"https:\/\/www.europesays.com\/fr\/364515\/"},"modified":"2025-09-04T00:56:15","modified_gmt":"2025-09-04T00:56:15","slug":"un-corps-sans-vie-decouvert-le-long-de-la-route-m7","status":"publish","type":"post","link":"https:\/\/www.europesays.com\/fr\/364515\/","title":{"rendered":"un corps sans vie d\u00e9couvert le long de la route M7"},"content":{"rendered":"<p>Le corps d\u2019un homme \u00e2g\u00e9 d\u2019une cinquantaine d\u2019ann\u00e9es a \u00e9t\u00e9 retrouv\u00e9 \u00e0 Lyon dans une friche, mardi. L\u2019hypoth\u00e8se du suicide par asphyxie est aujourd\u2019hui explor\u00e9e.<\/p>\n<p class=\"fig-paragraph\">Que s\u2019est-il pass\u00e9 au bord de la route M7 au niveau du pont Pasteur et du\u00a0<a href=\"http:\/\/www.lefigaro.fr\/lyon\/lyon-la-subvention-du-musee-des-confluences-va-encore-baisser-en-2025-20250228\" data-fig-type=\"NewsFlash\" data-gtm-custom-categorie=\"navigation\" data-gtm-custom-action=\"crossclick\" data-gtm-custom-label=\"Contextuel\" data-gtm-event=\"customEventSPE\" data-fig-domain=\"LEFIGARO\" target=\"_blank\" rel=\"noopener\">mus\u00e9e des Confluences<\/a>\u00a0? Un homme d\u2019une cinquantaine d\u2019ann\u00e9es a \u00e9t\u00e9 retrouv\u00e9 mort dans cette friche mardi en d\u00e9but de soir\u00e9e aux alentours de 18 heures. Rapidement,\u00a0<a href=\"http:\/\/www.lefigaro.fr\/lyon\/meurtre-dans-une-station-de-metro-a-villeurbanne-un-suspect-arrete-et-mis-en-examen-20250903\" data-fig-type=\"NewsFlash\" data-gtm-custom-categorie=\"navigation\" data-gtm-custom-action=\"crossclick\" data-gtm-custom-label=\"Contextuel\" data-gtm-event=\"customEventSPE\" data-fig-domain=\"LEFIGARO\" target=\"_blank\" rel=\"noopener\">l\u2019hypoth\u00e8se du meurtre<\/a>\u00a0a \u00e9t\u00e9 explor\u00e9e par les enqu\u00eateurs, la victime ayant \u00e9t\u00e9 retrouv\u00e9e avec des liens de type Serflex autour du cou.<\/p>\n<p class=\"fig-paragraph\">Selon une information du\u00a0<a href=\"https:\/\/c.leprogres.fr\/faits-divers-justice\/2025\/09\/03\/corps-decouvert-le-long-de-la-m7-a-lyon-l-hypothese-d-un-suicide-se-precise\" target=\"_blank\" rel=\"sponsored noopener\" data-gtm-custom-categorie=\"navigation\" data-gtm-custom-action=\"crossclick\" data-gtm-custom-label=\"Contextuel\" data-gtm-event=\"customEventSPE\">Progr\u00e8s<\/a>, confirm\u00e9e au Figaro par une source polici\u00e8re, l\u2019hypoth\u00e8se d\u2019un suicide est d\u00e9sormais explor\u00e9e. En effet, aucune trace d\u2019intervention de tiers n\u2019a \u00e9t\u00e9 retrouv\u00e9e sur place. Le quinquag\u00e9naire serait ainsi mort par asphyxie \u00e0 cause des liens retrouv\u00e9s autour de son cou.<\/p>\n<p>                                    <a class=\"fig-a11y-skip a11y-hidden\" href=\"#fig-a11y-skip-main-inarticle\"><br \/>\n        Passer la publicit\u00e9<br \/>\n    <\/a><\/p>\n<p class=\"fig-paragraph\">Les investigations se poursuivent indique la police nationale et une autopsie va avoir lieu pour d\u00e9terminer les causes exactes de sa mort.<\/p>\n","protected":false},"excerpt":{"rendered":"Le corps d\u2019un homme \u00e2g\u00e9 d\u2019une cinquantaine d\u2019ann\u00e9es a \u00e9t\u00e9 retrouv\u00e9 \u00e0 Lyon dans une friche, mardi. L\u2019hypoth\u00e8se&hellip;\n","protected":false},"author":2,"featured_media":364516,"comment_status":"","ping_status":"","sticky":false,"template":"","format":"standard","meta":{"footnotes":""},"categories":[1889],"tags":[1111,11,2430,1777,674,1011,27,2428,777,12,25,5748],"class_list":{"0":"post-364515","1":"post","2":"type-post","3":"status-publish","4":"format-standard","5":"has-post-thumbnail","7":"category-lyon","8":"tag-actu","9":"tag-actualites","10":"tag-auvergne-rhone-alpes","11":"tag-eu","12":"tag-europe","13":"tag-fr","14":"tag-france","15":"tag-lyon","16":"tag-meurtre","17":"tag-news","18":"tag-republique-francaise","19":"tag-suicide"},"share_on_mastodon":{"url":"https:\/\/pubeurope.com\/@fr\/115143310200832642","error":""},"_links":{"self":[{"href":"https:\/\/www.europesays.com\/fr\/wp-json\/wp\/v2\/posts\/364515","targetHints":{"allow":["GET"]}}],"collection":[{"href":"https:\/\/www.europesays.com\/fr\/wp-json\/wp\/v2\/posts"}],"about":[{"href":"https:\/\/www.europesays.com\/fr\/wp-json\/wp\/v2\/types\/post"}],"author":[{"embeddable":true,"href":"https:\/\/www.europesays.com\/fr\/wp-json\/wp\/v2\/users\/2"}],"replies":[{"embeddable":true,"href":"https:\/\/www.europesays.com\/fr\/wp-json\/wp\/v2\/comments?post=364515"}],"version-history":[{"count":0,"href":"https:\/\/www.europesays.com\/fr\/wp-json\/wp\/v2\/posts\/364515\/revisions"}],"wp:featuredmedia":[{"embeddable":true,"href":"https:\/\/www.europesays.com\/fr\/wp-json\/wp\/v2\/media\/364516"}],"wp:attachment":[{"href":"https:\/\/www.europesays.com\/fr\/wp-json\/wp\/v2\/media?parent=364515"}],"wp:term":[{"taxonomy":"category","embeddable":true,"href":"https:\/\/www.europesays.com\/fr\/wp-json\/wp\/v2\/categories?post=364515"},{"taxonomy":"post_tag","embeddable":true,"href":"https:\/\/www.europesays.com\/fr\/wp-json\/wp\/v2\/tags?post=364515"}],"curies":[{"name":"wp","href":"https:\/\/api.w.org\/{rel}","templated":true}]}}