{"id":364517,"date":"2025-09-04T00:58:25","date_gmt":"2025-09-04T00:58:25","guid":{"rendered":"https:\/\/www.europesays.com\/fr\/364517\/"},"modified":"2025-09-04T00:58:25","modified_gmt":"2025-09-04T00:58:25","slug":"grand-paris-le-plan-velo-avance-mais-reste-inacheve-pour-2024-2","status":"publish","type":"post","link":"https:\/\/www.europesays.com\/fr\/364517\/","title":{"rendered":"Grand Paris : le plan v\u00e9lo avance mais reste inachev\u00e9 pour 2024"},"content":{"rendered":"<p><img loading=\"lazy\" decoding=\"async\" alt=\"\u00a9 Shutterstock - \u00c0 un an des municipales, la m\u00e9tropole a r\u00e9alis\u00e9 137 km de pistes sur les 260 pr\u00e9vus, mais les arbitrages politiques freinent certains franchissements strat\u00e9giques.\" data-zoom-src=\"https:\/\/www.europesays.com\/fr\/wp-content\/uploads\/2025\/09\/initial-piste-cyclable-grand-paris.jpg\" data-zoomable=\"\" height=\"702\" src=\"https:\/\/www.europesays.com\/fr\/wp-content\/uploads\/2025\/09\/initial-piste-cyclable-grand-paris.jpg\" width=\"1248\"\/>  <\/p>\n<p class=\"article-desc\">\u00a9 Shutterstock &#8211; \u00c0 un an des municipales, la m\u00e9tropole a r\u00e9alis\u00e9 137 km de pistes sur les 260 pr\u00e9vus, mais les arbitrages politiques freinent certains franchissements strat\u00e9giques. <\/p>\n<p>Dot\u00e9 d\u2019un budget de <strong>108 millions d\u2019euros<\/strong>, <a href=\"https:\/\/mesinfos.fr\/77500-chelles\/le-deploiement-du-plan-velo-s-accelere-en-seine-et-marne-217970.html\" rel=\"noopener\" target=\"_blank\">le plan v\u00e9lo<\/a> du Grand Paris avait pour objectif de mettre fin aux itin\u00e9raires en pointill\u00e9s et de <strong>b\u00e2tir un v\u00e9ritable r\u00e9seau structurant<\/strong>. Lanc\u00e9 en 2021, il devait r<a href=\"https:\/\/mesinfos.fr\/ile-de-france\/plan-velo-neuf-nouveaux-laureats-108564.html\" rel=\"noopener\" target=\"_blank\">elier entre elles les banlieues<\/a> et les connecter \u00e0 Paris gr\u00e2ce \u00e0 <strong>neuf lignes principales<\/strong>. Au total, <strong>260 kilom\u00e8tres de pistes sont programm\u00e9s<\/strong>, dont un peu plus de la moiti\u00e9 seulement ont \u00e9t\u00e9 achev\u00e9s. Selon Patrick Ollier, pr\u00e9sident de la m\u00e9tropole et maire (LR) de Rueil-Malmaison, l\u2019enjeu est clair : atteindre 12 % de part modale pour le v\u00e9lo en 2030. <\/p>\n<p>Des avanc\u00e9es concr\u00e8tes mais in\u00e9gales <\/p>\n<p>Certaines difficult\u00e9s majeures ont d\u00e9j\u00e0 \u00e9t\u00e9 r\u00e9solues, comme la<strong> travers\u00e9e entre Paris et Charenton-le-Pont <\/strong>ou <strong>le carrefour Pompadour<\/strong> \u00e0 Cr\u00e9teil, points noirs historiques pour les cyclistes. La m\u00e9tropole met \u00e9galement l\u2019accent sur les franchissements de routes et de cours d\u2019eau, essentiels pour assurer la continuit\u00e9 des trajets. Elle travaille par ailleurs au d\u00e9veloppement de la \u201cSeine \u00e0 v\u00e9lo\u201d, un axe appel\u00e9 \u00e0 relier <strong>Paris au Havre<\/strong>. Une dixi\u00e8me ligne reliant le centre de Paris \u00e0 Tremblay-en-France, pr\u00e8s de Roissy, doit prochainement voir le jour, tandis que la ligne 3 sera prolong\u00e9e vers Juvisy-sur-Orge et Viry-Ch\u00e2tillon, au sud.<\/p>\n<p>  Des freins politiques et financiers <\/p>\n<p>Si les infrastructures lourdes, comme les passerelles, expliquent une partie des retards, <strong>les blocages sont aussi d\u2019ordre politique<\/strong>. \u00ab\u00a0Dans certains cas, il faut <strong>renoncer \u00e0 des places de stationnement<\/strong> ou <strong>modifier des plans de circulation<\/strong>\u00ab\u00a0, rappelle <strong>Louis Belenfant<\/strong>, du collectif V\u00e9lo-\u00cele-de-France, associ\u00e9 \u00e0 l\u2019\u00e9laboration du plan. Or, \u00e0 l\u2019approche des municipales de 2026, <strong>les \u00e9lus h\u00e9sitent \u00e0 prendre des d\u00e9cisions impopulaires <\/strong>susceptibles de mobiliser des opposants locaux. Patrick Ollier reconna\u00eet lui-m\u00eame que \u00ab\u00a0le maire ne peut pas prendre de d\u00e9cisions courageuses en fin de mandat\u00a0\u00bb sans risquer une lev\u00e9e de boucliers. <\/p>\n<p>Une articulation avec le r\u00e9seau r\u00e9gional <\/p>\n<p>Le maillage m\u00e9tropolitain viendra compl\u00e9ter le \u00ab <a href=\"https:\/\/mesinfos.fr\/ile-de-france\/grand-paris-seine-et-oise-171-millions-d-euros-pour-le-plan-velo-39338.html\" rel=\"noopener\" target=\"_blank\">R\u00e9seau v\u00e9lo<\/a> \u00bb de la r\u00e9gion \u00cele-de-France, qui pr\u00e9voit 11 itin\u00e9raires financ\u00e9s \u00e0 hauteur de 300 millions d\u2019euros. \u00c0 terme, le r\u00e9seau du Grand Paris couvrira les deux tiers des communes de la m\u00e9tropole, contribuant \u00e0 transformer durablement les mobilit\u00e9s du quotidien. Mais pour les associations comme pour les usagers, l\u2019essentiel reste de savoir si le calendrier pourra \u00eatre tenu malgr\u00e9 les al\u00e9as politiques.<\/p>\n","protected":false},"excerpt":{"rendered":"\u00a9 Shutterstock &#8211; \u00c0 un an des municipales, la m\u00e9tropole a r\u00e9alis\u00e9 137 km de pistes sur les&hellip;\n","protected":false},"author":2,"featured_media":362927,"comment_status":"","ping_status":"","sticky":false,"template":"","format":"standard","meta":{"footnotes":""},"categories":[1592],"tags":[1111,11,1777,674,1011,27,662,12,626,25,4063],"class_list":{"0":"post-364517","1":"post","2":"type-post","3":"status-publish","4":"format-standard","5":"has-post-thumbnail","7":"category-ile-de-france","8":"tag-actu","9":"tag-actualites","10":"tag-eu","11":"tag-europe","12":"tag-fr","13":"tag-france","14":"tag-ile-de-france","15":"tag-news","16":"tag-paris","17":"tag-republique-francaise","18":"tag-vu00e9lo"},"share_on_mastodon":{"url":"https:\/\/pubeurope.com\/@fr\/115143318869894015","error":""},"_links":{"self":[{"href":"https:\/\/www.europesays.com\/fr\/wp-json\/wp\/v2\/posts\/364517","targetHints":{"allow":["GET"]}}],"collection":[{"href":"https:\/\/www.europesays.com\/fr\/wp-json\/wp\/v2\/posts"}],"about":[{"href":"https:\/\/www.europesays.com\/fr\/wp-json\/wp\/v2\/types\/post"}],"author":[{"embeddable":true,"href":"https:\/\/www.europesays.com\/fr\/wp-json\/wp\/v2\/users\/2"}],"replies":[{"embeddable":true,"href":"https:\/\/www.europesays.com\/fr\/wp-json\/wp\/v2\/comments?post=364517"}],"version-history":[{"count":0,"href":"https:\/\/www.europesays.com\/fr\/wp-json\/wp\/v2\/posts\/364517\/revisions"}],"wp:featuredmedia":[{"embeddable":true,"href":"https:\/\/www.europesays.com\/fr\/wp-json\/wp\/v2\/media\/362927"}],"wp:attachment":[{"href":"https:\/\/www.europesays.com\/fr\/wp-json\/wp\/v2\/media?parent=364517"}],"wp:term":[{"taxonomy":"category","embeddable":true,"href":"https:\/\/www.europesays.com\/fr\/wp-json\/wp\/v2\/categories?post=364517"},{"taxonomy":"post_tag","embeddable":true,"href":"https:\/\/www.europesays.com\/fr\/wp-json\/wp\/v2\/tags?post=364517"}],"curies":[{"name":"wp","href":"https:\/\/api.w.org\/{rel}","templated":true}]}}