{"id":364526,"date":"2025-09-04T01:03:15","date_gmt":"2025-09-04T01:03:15","guid":{"rendered":"https:\/\/www.europesays.com\/fr\/364526\/"},"modified":"2025-09-04T01:03:15","modified_gmt":"2025-09-04T01:03:15","slug":"kim-jong-un-promet-un-soutien-total-a-la-russie-et-discute-dun-partenariat-renforce-avec-poutine","status":"publish","type":"post","link":"https:\/\/www.europesays.com\/fr\/364526\/","title":{"rendered":"Kim Jong Un promet un soutien total \u00e0 la Russie et discute d&rsquo;un partenariat renforc\u00e9 avec Poutine"},"content":{"rendered":"<p>Le dirigeant nord-cor\u00e9en Kim Jong Un a d\u00e9clar\u00e9 que son pays apporterait un \u00ab\u00a0soutien total\u00a0\u00bb \u00e0 l&rsquo;arm\u00e9e russe par \u00ab\u00a0devoir fraternel\u00a0\u00bb, tandis que le pr\u00e9sident russe Vladimir Poutine a qualifi\u00e9 les liens entre les deux nations de \u00ab\u00a0sp\u00e9ciaux\u00a0\u00bb, a rapport\u00e9 jeudi l&rsquo;agence de presse officielle KCNA.<\/p>\n<p>Kim et Poutine se sont rencontr\u00e9s mercredi en marge des c\u00e9l\u00e9brations organis\u00e9es en Chine pour comm\u00e9morent la reddition officielle du Japon lors de la Seconde Guerre mondiale \u00e0 P\u00e9kin.<\/p>\n<p>Les deux dirigeants ont \u00e9t\u00e9 rejoints par le pr\u00e9sident chinois Xi Jinping lors d&rsquo;un d\u00e9fil\u00e9 militaire d&rsquo;envergure, marquant la premi\u00e8re rencontre de ce type entre les chefs d&rsquo;\u00c9tat des trois pays depuis les premiers jours de la Guerre froide.<\/p>\n<p>Ce d\u00e9placement \u00e0 P\u00e9kin a offert \u00e0 Kim l&rsquo;opportunit\u00e9 in\u00e9dite de rencontrer simultan\u00e9ment Poutine et Xi, mais aussi d&rsquo;\u00e9changer avec plus d&rsquo;une vingtaine d&rsquo;autres dirigeants internationaux pr\u00e9sents aux c\u00e9r\u00e9monies.<\/p>\n<p>Des photos diffus\u00e9es par les m\u00e9dias d&rsquo;\u00c9tat montrent Kim marchant ou se tenant aux c\u00f4t\u00e9s de Poutine et Xi, affichant un large sourire.<\/p>\n<p>\u00ab Le camarade Kim Jong Un et le pr\u00e9sident Poutine ont \u00e9chang\u00e9 des opinions franches sur d&rsquo;importantes questions internationales et r\u00e9gionales \u00bb, a indiqu\u00e9 KCNA.<\/p>\n<p>Poutine a \u00ab\u00a0hautement salu\u00e9\u00a0\u00bb les soldats nord-cor\u00e9ens combattant contre l&rsquo;Ukraine et a soulign\u00e9 que les relations entre la Russie et la Cor\u00e9e du Nord \u00e9taient \u00ab\u00a0sp\u00e9ciales, fond\u00e9es sur la confiance, l&rsquo;amiti\u00e9 et l&rsquo;alliance\u00a0\u00bb, a ajout\u00e9 l&rsquo;agence officielle.<\/p>\n<p>La Cor\u00e9e du Nord a envoy\u00e9 des soldats, des munitions d&rsquo;artillerie et des missiles \u00e0 la Russie pour soutenir Moscou dans sa guerre contre l&rsquo;Ukraine.<\/p>\n<p>Selon l&rsquo;agence de renseignement sud-cor\u00e9enne, environ 2\u00a0000 soldats nord-cor\u00e9ens d\u00e9ploy\u00e9s pour combattre au c\u00f4t\u00e9 de la Russie auraient trouv\u00e9 la mort.<\/p>\n<p>Les services sud-cor\u00e9ens estiment \u00e9galement que la Cor\u00e9e du Nord pr\u00e9voit d&rsquo;envoyer 6\u00a0000 soldats suppl\u00e9mentaires, dont pr\u00e8s de 1\u00a0000 combattants d\u00e9j\u00e0 pr\u00e9sents sur le sol russe.<\/p>\n<p>Kim et Poutine ont discut\u00e9 en d\u00e9tail des projets de partenariat \u00e0 long terme et ont r\u00e9affirm\u00e9 leur \u00ab\u00a0volont\u00e9 in\u00e9branlable\u00a0\u00bb d&rsquo;\u00e9lever les relations bilat\u00e9rales \u00e0 un niveau sup\u00e9rieur, selon KCNA.<\/p>\n<p>L&rsquo;ann\u00e9e derni\u00e8re, les deux dirigeants avaient sign\u00e9 un trait\u00e9 de d\u00e9fense mutuelle, pr\u00e9voyant que chaque partie vienne en aide \u00e0 l&rsquo;autre en cas d&rsquo;attaque arm\u00e9e.<\/p>\n","protected":false},"excerpt":{"rendered":"Le dirigeant nord-cor\u00e9en Kim Jong Un a d\u00e9clar\u00e9 que son pays apporterait un \u00ab\u00a0soutien total\u00a0\u00bb \u00e0 l&rsquo;arm\u00e9e russe&hellip;\n","protected":false},"author":2,"featured_media":364527,"comment_status":"","ping_status":"","sticky":false,"template":"","format":"standard","meta":{"footnotes":""},"categories":[1591],"tags":[11,340,1887,12,1885,1886,132],"class_list":{"0":"post-364526","1":"post","2":"type-post","3":"status-publish","4":"format-standard","5":"has-post-thumbnail","7":"category-russie","8":"tag-actualites","9":"tag-bourse","10":"tag-federation-de-russie","11":"tag-news","12":"tag-russia","13":"tag-russian-federation","14":"tag-russie"},"share_on_mastodon":{"url":"https:\/\/pubeurope.com\/@fr\/115143337872086739","error":""},"_links":{"self":[{"href":"https:\/\/www.europesays.com\/fr\/wp-json\/wp\/v2\/posts\/364526","targetHints":{"allow":["GET"]}}],"collection":[{"href":"https:\/\/www.europesays.com\/fr\/wp-json\/wp\/v2\/posts"}],"about":[{"href":"https:\/\/www.europesays.com\/fr\/wp-json\/wp\/v2\/types\/post"}],"author":[{"embeddable":true,"href":"https:\/\/www.europesays.com\/fr\/wp-json\/wp\/v2\/users\/2"}],"replies":[{"embeddable":true,"href":"https:\/\/www.europesays.com\/fr\/wp-json\/wp\/v2\/comments?post=364526"}],"version-history":[{"count":0,"href":"https:\/\/www.europesays.com\/fr\/wp-json\/wp\/v2\/posts\/364526\/revisions"}],"wp:featuredmedia":[{"embeddable":true,"href":"https:\/\/www.europesays.com\/fr\/wp-json\/wp\/v2\/media\/364527"}],"wp:attachment":[{"href":"https:\/\/www.europesays.com\/fr\/wp-json\/wp\/v2\/media?parent=364526"}],"wp:term":[{"taxonomy":"category","embeddable":true,"href":"https:\/\/www.europesays.com\/fr\/wp-json\/wp\/v2\/categories?post=364526"},{"taxonomy":"post_tag","embeddable":true,"href":"https:\/\/www.europesays.com\/fr\/wp-json\/wp\/v2\/tags?post=364526"}],"curies":[{"name":"wp","href":"https:\/\/api.w.org\/{rel}","templated":true}]}}