{"id":36453,"date":"2025-04-19T12:13:27","date_gmt":"2025-04-19T12:13:27","guid":{"rendered":"https:\/\/www.europesays.com\/fr\/36453\/"},"modified":"2025-04-19T12:13:27","modified_gmt":"2025-04-19T12:13:27","slug":"strasbourg-la-fermeture-definitive-des-jardins-familiaux-du-glacis-est-actee-les-sols-sont-trop-pollues","status":"publish","type":"post","link":"https:\/\/www.europesays.com\/fr\/36453\/","title":{"rendered":"Strasbourg. La fermeture d\u00e9finitive des jardins familiaux du Glacis est act\u00e9e, les sols sont trop pollu\u00e9s"},"content":{"rendered":"<p>L&rsquo;arr\u00eat\u00e9, dat\u00e9 du 11 avril et sign\u00e9 de la maire de la maire de Strasbourg, demande l\u2019arr\u00eat de l\u2019acc\u00e8s et de l\u2019exploitation des 26 jardins familiaux du parc du Glacis, \u00e0 la fin du mois d\u2019avril.<\/p>\n<p>La consommation des productions potag\u00e8res et fruiti\u00e8res est interdite, ainsi que l\u2019utilisation de l\u2019eau souterraine pomp\u00e9e par les puits. La pr\u00e9sence de plomb et d\u2019arsenic, \u00e0 des doses sup\u00e9rieures aux normes en vigueur, est invoqu\u00e9e par la Ville. Des polluants qui peuvent mettre en danger la sant\u00e9 humaine.<\/p>\n<p>\u00ab\u00a0On est d\u00e9boussol\u00e9s, dans le stress \u00bb<\/p>\n<p><a href=\"https:\/\/www.dna.fr\/environnement\/2025\/03\/21\/du-plomb-et-de-l-arsenic-dans-les-sols-au-parc-du-glacis-26-jardins-familiaux-doivent-fermer\" target=\"_blank\" rel=\"nofollow noopener\">Une douche froide pour les jardiniers concern\u00e9s que nous avions rencontr\u00e9s<\/a>, dont certains se montraient dubitatifs sur les raisons de la fermeture. \u00ab\u200aOn est d\u00e9boussol\u00e9s, dans le stress\u200a\u00bb, regrette l\u2019un d\u2019eux, qui a d\u00e9couvert la situation il y a peu. Des propositions d\u2019occupation d\u2019autres jardins ont \u00e9t\u00e9 faites pour certains jardiniers concern\u00e9s.<\/p>\n<p>C\u00f4t\u00e9 rue du Rempart, d\u2019autres jardins sont contraints de ne plus puiser l\u2019eau des sous-sols en raison de la pollution de la nappe. S\u2019ils ne sont pas interdits de culture, ils b\u00e9n\u00e9ficient d\u2019un raccordement au r\u00e9seau d\u2019eau public.<\/p>\n","protected":false},"excerpt":{"rendered":"L&rsquo;arr\u00eat\u00e9, dat\u00e9 du 11 avril et sign\u00e9 de la maire de la maire de Strasbourg, demande l\u2019arr\u00eat de&hellip;\n","protected":false},"author":2,"featured_media":36454,"comment_status":"","ping_status":"","sticky":false,"template":"","format":"standard","meta":{"footnotes":""},"categories":[2820],"tags":[1111,11,7782,2880,436,1777,674,1011,27,775,12,25,640],"class_list":{"0":"post-36453","1":"post","2":"type-post","3":"status-publish","4":"format-standard","5":"has-post-thumbnail","7":"category-strasbourg","8":"tag-actu","9":"tag-actualites","10":"tag-balades-et-randonnees","11":"tag-edition-strasbourg","12":"tag-environnement","13":"tag-eu","14":"tag-europe","15":"tag-fr","16":"tag-france","17":"tag-grand-est","18":"tag-news","19":"tag-republique-francaise","20":"tag-strasbourg"},"share_on_mastodon":{"url":"https:\/\/pubeurope.com\/@fr\/114364573503023675","error":""},"_links":{"self":[{"href":"https:\/\/www.europesays.com\/fr\/wp-json\/wp\/v2\/posts\/36453","targetHints":{"allow":["GET"]}}],"collection":[{"href":"https:\/\/www.europesays.com\/fr\/wp-json\/wp\/v2\/posts"}],"about":[{"href":"https:\/\/www.europesays.com\/fr\/wp-json\/wp\/v2\/types\/post"}],"author":[{"embeddable":true,"href":"https:\/\/www.europesays.com\/fr\/wp-json\/wp\/v2\/users\/2"}],"replies":[{"embeddable":true,"href":"https:\/\/www.europesays.com\/fr\/wp-json\/wp\/v2\/comments?post=36453"}],"version-history":[{"count":0,"href":"https:\/\/www.europesays.com\/fr\/wp-json\/wp\/v2\/posts\/36453\/revisions"}],"wp:featuredmedia":[{"embeddable":true,"href":"https:\/\/www.europesays.com\/fr\/wp-json\/wp\/v2\/media\/36454"}],"wp:attachment":[{"href":"https:\/\/www.europesays.com\/fr\/wp-json\/wp\/v2\/media?parent=36453"}],"wp:term":[{"taxonomy":"category","embeddable":true,"href":"https:\/\/www.europesays.com\/fr\/wp-json\/wp\/v2\/categories?post=36453"},{"taxonomy":"post_tag","embeddable":true,"href":"https:\/\/www.europesays.com\/fr\/wp-json\/wp\/v2\/tags?post=36453"}],"curies":[{"name":"wp","href":"https:\/\/api.w.org\/{rel}","templated":true}]}}