{"id":364532,"date":"2025-09-04T01:06:11","date_gmt":"2025-09-04T01:06:11","guid":{"rendered":"https:\/\/www.europesays.com\/fr\/364532\/"},"modified":"2025-09-04T01:06:11","modified_gmt":"2025-09-04T01:06:11","slug":"libye-et-royaume-uni-discutent-a-tripoli-du-renforcement-de-la-cooperation-militaire","status":"publish","type":"post","link":"https:\/\/www.europesays.com\/fr\/364532\/","title":{"rendered":"Libye et Royaume-Uni discutent \u00e0 Tripoli du renforcement de la coop\u00e9ration militaire"},"content":{"rendered":"<p>AA \/ Tripoli \/ Muetaz Wannes &#8211; Rania Abu Shamala<\/p>\n<p>Une d\u00e9l\u00e9gation britannique a men\u00e9 mardi des discussions \u00e0 Tripoli pour examiner les moyens de renforcer la coop\u00e9ration militaire entre le Royaume-Uni et la Libye.<\/p>\n<p>La d\u00e9l\u00e9gation, dirig\u00e9e par l\u2019amiral Edward Ahlgren, conseiller principal au minist\u00e8re britannique de la D\u00e9fense pour les affaires du Moyen-Orient et de l\u2019Afrique du Nord, a tenu des r\u00e9unions s\u00e9par\u00e9es avec le pr\u00e9sident du Conseil pr\u00e9sidentiel, Mohamed al-Menfi, et le Premier ministre Abdulhamid Dbeibeh.<\/p>\n<p>Dans un communiqu\u00e9, le Conseil a indiqu\u00e9 que les discussions avaient port\u00e9 sur les perspectives de coop\u00e9ration bilat\u00e9rale entre les deux pays et sur les moyens de consolider le partenariat strat\u00e9gique dans les domaines de la s\u00e9curit\u00e9 et de la d\u00e9fense.<\/p>\n<p>Les deux parties ont \u00e9galement abord\u00e9 des questions r\u00e9gionales, notamment la lutte contre le terrorisme, la migration irr\u00e9guli\u00e8re et le renforcement des capacit\u00e9s de l\u2019institution militaire libyenne.<\/p>\n<p>Menfi a salu\u00e9 \u00ab le soutien de la Grande-Bretagne \u00e0 la stabilit\u00e9 en Libye \u00bb et exprim\u00e9 sa volont\u00e9 de \u00ab d\u00e9velopper la coop\u00e9ration avec les partenaires internationaux d\u2019une mani\u00e8re qui pr\u00e9serve l\u2019unit\u00e9 et la souverainet\u00e9 de la Libye et serve la s\u00e9curit\u00e9 r\u00e9gionale et internationale \u00bb.<\/p>\n<p>Les entretiens entre Dbeibeh et Ahlgren se sont \u00e9galement concentr\u00e9s sur \u00ab le renforcement de la coop\u00e9ration militaire, le soutien et le d\u00e9veloppement des capacit\u00e9s militaires libyennes, ainsi que la coop\u00e9ration en mati\u00e8re de formation et de perfectionnement \u00bb, a indiqu\u00e9 le gouvernement bas\u00e9 \u00e0 Tripoli.<\/p>\n<p>La Libye reste divis\u00e9e entre deux administrations rivales : l\u2019une dirig\u00e9e par Dbeibeh \u00e0 Tripoli, qui contr\u00f4le l\u2019ouest du pays, et l\u2019autre nomm\u00e9e par la Chambre des repr\u00e9sentants (Parlement) d\u00e9but 2022, dirig\u00e9e par Osama Hammad et bas\u00e9e \u00e0 Benghazi, qui gouverne l\u2019est et une grande partie du sud.<\/p>\n<p>*Traduit de l&rsquo;anglais par Sanaa Amir<\/p>\n<p>                            &#13;<br \/>\n                                <a href=\"https:\/\/www.aa.com.tr\/fr\/p\/abonnement\/1001\" target=\"_blank\" style=\"font-size:12px; color:#444; text-decoration:none;\" rel=\"nofollow noopener\">&#13;<br \/>\n                                    Seulement une partie des d\u00e9p\u00eaches, que l&rsquo;Agence Anadolu diffuse \u00e0 ses abonn\u00e9s via le Syst\u00e8me de Diffusion interne (HAS), est diffus\u00e9e sur le site de l&rsquo;AA, de mani\u00e8re r\u00e9sum\u00e9e. <b style=\"color:#1897F7\">Contactez-nous s&rsquo;il vous pla\u00eet pour vous abonner.<\/b>&#13;<br \/>\n                                <\/a>&#13;<\/p>\n","protected":false},"excerpt":{"rendered":"AA \/ Tripoli \/ Muetaz Wannes &#8211; Rania Abu Shamala Une d\u00e9l\u00e9gation britannique a men\u00e9 mardi des discussions&hellip;\n","protected":false},"author":2,"featured_media":364533,"comment_status":"","ping_status":"","sticky":false,"template":"","format":"standard","meta":{"footnotes":""},"categories":[1588],"tags":[11,1785,1777,674,4367,12,473,1853,1851,1850,1852],"class_list":{"0":"post-364532","1":"post","2":"type-post","3":"status-publish","4":"format-standard","5":"has-post-thumbnail","7":"category-royaume-uni","8":"tag-actualites","9":"tag-anadolu-ajansi","10":"tag-eu","11":"tag-europe","12":"tag-libye","13":"tag-news","14":"tag-royaume-uni","15":"tag-royaume-uni-de-grande-bretagne-et-dirlande-du-nord","16":"tag-uk","17":"tag-united-kingdom","18":"tag-united-kingdom-of-great-britain-and-northern-ireland"},"share_on_mastodon":{"url":"https:\/\/pubeurope.com\/@fr\/115143349739856794","error":""},"_links":{"self":[{"href":"https:\/\/www.europesays.com\/fr\/wp-json\/wp\/v2\/posts\/364532","targetHints":{"allow":["GET"]}}],"collection":[{"href":"https:\/\/www.europesays.com\/fr\/wp-json\/wp\/v2\/posts"}],"about":[{"href":"https:\/\/www.europesays.com\/fr\/wp-json\/wp\/v2\/types\/post"}],"author":[{"embeddable":true,"href":"https:\/\/www.europesays.com\/fr\/wp-json\/wp\/v2\/users\/2"}],"replies":[{"embeddable":true,"href":"https:\/\/www.europesays.com\/fr\/wp-json\/wp\/v2\/comments?post=364532"}],"version-history":[{"count":0,"href":"https:\/\/www.europesays.com\/fr\/wp-json\/wp\/v2\/posts\/364532\/revisions"}],"wp:featuredmedia":[{"embeddable":true,"href":"https:\/\/www.europesays.com\/fr\/wp-json\/wp\/v2\/media\/364533"}],"wp:attachment":[{"href":"https:\/\/www.europesays.com\/fr\/wp-json\/wp\/v2\/media?parent=364532"}],"wp:term":[{"taxonomy":"category","embeddable":true,"href":"https:\/\/www.europesays.com\/fr\/wp-json\/wp\/v2\/categories?post=364532"},{"taxonomy":"post_tag","embeddable":true,"href":"https:\/\/www.europesays.com\/fr\/wp-json\/wp\/v2\/tags?post=364532"}],"curies":[{"name":"wp","href":"https:\/\/api.w.org\/{rel}","templated":true}]}}