{"id":364534,"date":"2025-09-04T01:07:27","date_gmt":"2025-09-04T01:07:27","guid":{"rendered":"https:\/\/www.europesays.com\/fr\/364534\/"},"modified":"2025-09-04T01:07:27","modified_gmt":"2025-09-04T01:07:27","slug":"lallemagne-et-la-turquie-invaincues","status":"publish","type":"post","link":"https:\/\/www.europesays.com\/fr\/364534\/","title":{"rendered":"l&rsquo;Allemagne et la Turquie invaincues"},"content":{"rendered":"<p style=\"text-align:justify\"><strong>Ce mercredi, c\u2019\u00e9tait la derni\u00e8re journ\u00e9e de poule pour les Groupes A et B. Zoom sur ce qu\u2019il s\u2019est pass\u00e9 aujourd\u2019hui sur les terrains de l\u2019EuroBasket, avant de passer aux huiti\u00e8mes de finale ce week-end.\u00a0<\/strong><\/p>\n<p>Les r\u00e9sultats du jour<\/p>\n<ul>\n<li>Mont\u00e9n\u00e9gro \u2013 <strong>Grande-Bretagne<\/strong> : 83-89<\/li>\n<li>Estonie \u2013 <strong>Portugal<\/strong> : 65-68<\/li>\n<li><strong>Lituanie<\/strong> \u2013 Su\u00e8de : 74-71<\/li>\n<li>R\u00e9publique tch\u00e8que \u2013<strong> Lettonie<\/strong> : 75-109<\/li>\n<li>Finlande \u2013 <strong>Allemagne<\/strong> : 61-91<\/li>\n<li><strong>Turquie<\/strong> \u2013 Serbie : <a target=\"_blank\" rel=\"noopener nofollow\" href=\"https:\/\/trashtalk.co\/2025\/09\/03\/eurobasket-2025-la-turquie-soffre-la-serbie-95-90-dans-un-chef-doeuvre\/\">95-90<\/a><\/li>\n<\/ul>\n<p style=\"text-align:justify\">Pour la premi\u00e8re fois depuis 2013, la Grande-Bretagne a gagn\u00e9 un match de basket \u00e0 l\u2019Euro, poussant ainsi <a target=\"_blank\" rel=\"noopener nofollow\" href=\"https:\/\/trashtalk.co\/2025\/09\/03\/nikola-vucevic-prend-sa-retraite-internationale-a-jamais-une-legende-du-montenegro\/\">Nikola Vucevic (31 points) vers la retraite<\/a>. Le Portugal a ensuite arrach\u00e9 la win et sa qualif\u2019 contre l\u2019Estonie, tandis que la Lituanie a d\u00fb s\u2019employer pour \u00e9carter la Su\u00e8de. Z\u00e9ro souci par contre pour la Lettonie ainsi que pour l\u2019Allemagne, qui a assum\u00e9 son statut de champion du monde en titre. Dans le sommet de la soir\u00e9e, c\u2019est la Turquie d\u2019Alperen Sengun qui s\u2019est impos\u00e9e contre la Serbie de Nikola Jokic.<\/p>\n<p>Le programme de demain<\/p>\n<ul>\n<li>14h : Bosnie Herz\u00e9govine \u2013 G\u00e9orgie (Groupe C)<\/li>\n<li>14h : France \u2013 Islande (Groupe D)<\/li>\n<li>17h : Isra\u00ebl \u2013 Slov\u00e9nie (Groupe D)<\/li>\n<li>17h15 : Italie \u2013 Chypre (Groupe C)<\/li>\n<li>20h30 : Espagne \u2013 Gr\u00e8ce (Groupe C)<\/li>\n<li>20h30 : Pologne \u2013 Belgique (Groupe D)<\/li>\n<\/ul>\n","protected":false},"excerpt":{"rendered":"Ce mercredi, c\u2019\u00e9tait la derni\u00e8re journ\u00e9e de poule pour les Groupes A et B. Zoom sur ce qu\u2019il&hellip;\n","protected":false},"author":2,"featured_media":364535,"comment_status":"","ping_status":"","sticky":false,"template":"","format":"standard","meta":{"footnotes":""},"categories":[1587],"tags":[11,672,1804,1805,1803,1777,674,1801,12,1802],"class_list":{"0":"post-364534","1":"post","2":"type-post","3":"status-publish","4":"format-standard","5":"has-post-thumbnail","7":"category-allemagne","8":"tag-actualites","9":"tag-allemagne","10":"tag-bundesrepublik-deutschland","11":"tag-de","12":"tag-deutschland","13":"tag-eu","14":"tag-europe","15":"tag-germany","16":"tag-news","17":"tag-republique-federale-dallemagne"},"share_on_mastodon":{"url":"https:\/\/pubeurope.com\/@fr\/115143353605464292","error":""},"_links":{"self":[{"href":"https:\/\/www.europesays.com\/fr\/wp-json\/wp\/v2\/posts\/364534","targetHints":{"allow":["GET"]}}],"collection":[{"href":"https:\/\/www.europesays.com\/fr\/wp-json\/wp\/v2\/posts"}],"about":[{"href":"https:\/\/www.europesays.com\/fr\/wp-json\/wp\/v2\/types\/post"}],"author":[{"embeddable":true,"href":"https:\/\/www.europesays.com\/fr\/wp-json\/wp\/v2\/users\/2"}],"replies":[{"embeddable":true,"href":"https:\/\/www.europesays.com\/fr\/wp-json\/wp\/v2\/comments?post=364534"}],"version-history":[{"count":0,"href":"https:\/\/www.europesays.com\/fr\/wp-json\/wp\/v2\/posts\/364534\/revisions"}],"wp:featuredmedia":[{"embeddable":true,"href":"https:\/\/www.europesays.com\/fr\/wp-json\/wp\/v2\/media\/364535"}],"wp:attachment":[{"href":"https:\/\/www.europesays.com\/fr\/wp-json\/wp\/v2\/media?parent=364534"}],"wp:term":[{"taxonomy":"category","embeddable":true,"href":"https:\/\/www.europesays.com\/fr\/wp-json\/wp\/v2\/categories?post=364534"},{"taxonomy":"post_tag","embeddable":true,"href":"https:\/\/www.europesays.com\/fr\/wp-json\/wp\/v2\/tags?post=364534"}],"curies":[{"name":"wp","href":"https:\/\/api.w.org\/{rel}","templated":true}]}}