{"id":364536,"date":"2025-09-04T01:08:23","date_gmt":"2025-09-04T01:08:23","guid":{"rendered":"https:\/\/www.europesays.com\/fr\/364536\/"},"modified":"2025-09-04T01:08:23","modified_gmt":"2025-09-04T01:08:23","slug":"un-concert-exceptionnel-pour-celebrer-leurope-transfrontaliere","status":"publish","type":"post","link":"https:\/\/www.europesays.com\/fr\/364536\/","title":{"rendered":"Un concert exceptionnel pour c\u00e9l\u00e9brer l\u2019Europe transfrontali\u00e8re"},"content":{"rendered":"<p>                                        <a data-no-instant=\"1\" href=\"https:\/\/jhm.fr\/corrida\/?mtm_campaign=BanniereAnimations&amp;mtm_kwd=BanniereAnimations&amp;mtm_source=BanniereAnimations&amp;mtm_medium=BanniereAnimations&amp;mtm_content=BanniereAnimations&amp;mtm_group=BanniereAnimations&amp;mtm_placement=BanniereAnimations\" rel=\"noopener sponsored nofollow\" class=\"a2t-link\" target=\"_blank\" aria-label=\"ANIMATIONS-CTI150219-1 (2)\"><img loading=\"lazy\" decoding=\"async\" src=\"https:\/\/www.europesays.com\/fr\/wp-content\/uploads\/2025\/09\/ANIMATIONS-CTI150219-1-2.gif\" alt=\"\" width=\"1800\" height=\"180\"\/><\/a>                                    <\/p>\n<p>Dimanche 28 septembre, \u00e0 16\u00a0h, en l\u2019\u00e9glise saint-Pierre-\u00e8s-Liens de Montiers-sur-Saulx, la fanfare locale invite l\u2019orchestre de chambre de la LUCA School of Arts de Louvain en Belgique, un ensemble de 40\u00a0musiciens, dirig\u00e9 par le Michel  Tilkin.<\/p>\n<p>Comme l\u2019explique avec \u00e9motion Alain Voivret, \u00ab\u00a0mes voisins belges et amis, Guido Maes et son \u00e9pouse, voyant l\u2019activit\u00e9 surabondante culturelle de la Fanfare de Montiers, de par l\u2019organisation de concerts de prestige (en particulier celui de la Fanfare de Cavalerie de la Garde R\u00e9publicaine en octobre 2022 en l\u2019\u00e9glise comble de Montiers), ont toujours eu l\u2019envie d\u2019inviter leur ami, le chef d\u2019orchestre r\u00e9put\u00e9 Michel Tilkin, qui est en charge de l\u2019Orchestre de Chambre du c\u00e9l\u00e8bre conservatoire de Louvain (Belgique), le LUCA School of arts. Ce seront donc 40 musiciens professionnels ou en voie de professionnalisation qui seront ce 28 septembre \u00e0 Montiers. D\u00e8s novembre 2024, j\u2019en ai parl\u00e9 au directeur de la Fanfare locale, Fernand Guillemin, qui s\u2019est lanc\u00e9 dans la faisabilit\u00e9 de ce projet transfrontalier. Par cet \u00e9v\u00e9nement in\u00e9dit et exceptionnel, il s\u2019agit de valoriser notre magnifique patrimoine avec l\u2019orgue de Montiers-sur-Saulx et l\u2019\u00e9glise\u00a0\u00bb. L\u2019entr\u00e9e est gratuite pour les moins de 18 ans.<\/p>\n<ul class=\"splide__list\">\n<li class=\"splide__slide\">\n                    <img decoding=\"async\" src=\"https:\/\/www.europesays.com\/fr\/wp-content\/uploads\/2025\/09\/916744.HR_.jpg\" alt=\"\"\/><br \/>\n                                            Michel Tilkin, chef charismatique, reconnu dans le monde de la musique.\n                                    <\/li>\n<\/ul>\n<ul class=\"splide__list\">\n<li class=\"splide__slide\">\n                    <img decoding=\"async\" src=\"https:\/\/www.europesays.com\/fr\/wp-content\/uploads\/2025\/09\/916744.HR_-150x150.jpg\" alt=\"\"\/>\n                <\/li>\n<\/ul>\n","protected":false},"excerpt":{"rendered":"Dimanche 28 septembre, \u00e0 16\u00a0h, en l\u2019\u00e9glise saint-Pierre-\u00e8s-Liens de Montiers-sur-Saulx, la fanfare locale invite l\u2019orchestre de chambre de&hellip;\n","protected":false},"author":2,"featured_media":364537,"comment_status":"","ping_status":"","sticky":false,"template":"","format":"standard","meta":{"footnotes":""},"categories":[1586],"tags":[11,1777,674,1011,27,12,25],"class_list":{"0":"post-364536","1":"post","2":"type-post","3":"status-publish","4":"format-standard","5":"has-post-thumbnail","7":"category-europe","8":"tag-actualites","9":"tag-eu","10":"tag-europe","11":"tag-fr","12":"tag-france","13":"tag-news","14":"tag-republique-francaise"},"share_on_mastodon":{"url":"https:\/\/pubeurope.com\/@fr\/115143357924981255","error":""},"_links":{"self":[{"href":"https:\/\/www.europesays.com\/fr\/wp-json\/wp\/v2\/posts\/364536","targetHints":{"allow":["GET"]}}],"collection":[{"href":"https:\/\/www.europesays.com\/fr\/wp-json\/wp\/v2\/posts"}],"about":[{"href":"https:\/\/www.europesays.com\/fr\/wp-json\/wp\/v2\/types\/post"}],"author":[{"embeddable":true,"href":"https:\/\/www.europesays.com\/fr\/wp-json\/wp\/v2\/users\/2"}],"replies":[{"embeddable":true,"href":"https:\/\/www.europesays.com\/fr\/wp-json\/wp\/v2\/comments?post=364536"}],"version-history":[{"count":0,"href":"https:\/\/www.europesays.com\/fr\/wp-json\/wp\/v2\/posts\/364536\/revisions"}],"wp:featuredmedia":[{"embeddable":true,"href":"https:\/\/www.europesays.com\/fr\/wp-json\/wp\/v2\/media\/364537"}],"wp:attachment":[{"href":"https:\/\/www.europesays.com\/fr\/wp-json\/wp\/v2\/media?parent=364536"}],"wp:term":[{"taxonomy":"category","embeddable":true,"href":"https:\/\/www.europesays.com\/fr\/wp-json\/wp\/v2\/categories?post=364536"},{"taxonomy":"post_tag","embeddable":true,"href":"https:\/\/www.europesays.com\/fr\/wp-json\/wp\/v2\/tags?post=364536"}],"curies":[{"name":"wp","href":"https:\/\/api.w.org\/{rel}","templated":true}]}}