{"id":364540,"date":"2025-09-04T01:10:16","date_gmt":"2025-09-04T01:10:16","guid":{"rendered":"https:\/\/www.europesays.com\/fr\/364540\/"},"modified":"2025-09-04T01:10:16","modified_gmt":"2025-09-04T01:10:16","slug":"les-republicains-veulent-la-fin-de-la-vaccination-a-lecole-les-democrates-redoutent-une-catastrophe-sanitaire-liberation","status":"publish","type":"post","link":"https:\/\/www.europesays.com\/fr\/364540\/","title":{"rendered":"les R\u00e9publicains veulent la fin de la vaccination \u00e0 l\u2019\u00e9cole, les d\u00e9mocrates redoutent une \u00abcatastrophe sanitaire\u00bb \u2013 Lib\u00e9ration"},"content":{"rendered":"<p class=\"sc-cPiKLX AiZTS text-element\">\u00abMake America Healthy Again\u00bb. Pour rendre l\u2019Am\u00e9rique de nouveau en bonne sant\u00e9, les responsables r\u00e9publicains de l\u2019Etat de Floride viennent de prendre une d\u00e9cision en contradiction avec les \u00e9tudes scientifiques. Ils ont annonc\u00e9 ce mercredi 3 septembre leur volont\u00e9 de supprimer les vaccins \u00abjusqu\u2019au dernier\u00bb. L\u2019objectif est d\u2019\u00e9liminer progressivement toutes les obligations vaccinales des enfants des \u00e9coles de Floride, dans la droite lign\u00e9e de l\u2019offensive men\u00e9e <a href=\"https:\/\/www.liberation.fr\/international\/amerique\/en-manque-de-main-doeuvre-a-cause-de-sa-chasse-aux-immigres-la-floride-envisage-le-travail-de-nuit-pour-les-enfants-20250326_YKJR6AULQNGDTNVW473SUE6VQ4\/\" target=\"_blank\" rel=\"noreferrer noopener\" title=\"https:\/\/www.liberation.fr\/international\/amerique\/en-manque-de-main-doeuvre-a-cause-de-sa-chasse-aux-immigres-la-floride-envisage-le-travail-de-nuit-pour-les-enfants-20250326_YKJR6AULQNGDTNVW473SUE6VQ4\/\">par son gouverneur, Ron DeSantis<\/a>. <\/p>\n<p class=\"sc-cPiKLX AiZTS text-element\">Ce dernier a ainsi annonc\u00e9 la cr\u00e9ation d\u2019une commission, \u00abMake America Healthy Again\u00bb, sur le mod\u00e8le d\u2019initiatives similaires lanc\u00e9es au niveau f\u00e9d\u00e9ral par le <a href=\"https:\/\/www.liberation.fr\/international\/amerique\/robert-kennedy-jr-en-charge-de-la-sante-des-americains-cest-tout-simplement-la-pire-personne-possible-20241115_IH6ZDN32DRDNHPCGCXEV2ASICM\/\" target=\"_blank\" rel=\"noreferrer noopener\" title=\"https:\/\/www.liberation.fr\/international\/amerique\/robert-kennedy-jr-en-charge-de-la-sante-des-americains-cest-tout-simplement-la-pire-personne-possible-20241115_IH6ZDN32DRDNHPCGCXEV2ASICM\/\">controvers\u00e9 ministre \u00e0 la Sant\u00e9, Robert F. Kennedy Jr<\/a>. Connu pour ses positions antivaccins, le ministre a \u00e9t\u00e9 accus\u00e9 r\u00e9cemment par neuf anciens chefs de l\u2019agence sanitaire des Etats-Unis de <a href=\"https:\/\/www.liberation.fr\/international\/kennedy-met-en-danger-la-sante-de-tous-les-americains-neuf-anciens-chefs-de-lagence-sanitaire-des-etats-unis-accusent-le-ministre-de-la-sante-20250901_HHXSGW2U45HDVP3KQQENNNEA6U\/\" target=\"_blank\" rel=\"noreferrer noopener\" title=\"https:\/\/www.liberation.fr\/international\/kennedy-met-en-danger-la-sante-de-tous-les-americains-neuf-anciens-chefs-de-lagence-sanitaire-des-etats-unis-accusent-le-ministre-de-la-sante-20250901_HHXSGW2U45HDVP3KQQENNNEA6U\/\">\u00abmettre en danger la sant\u00e9 de tous les Am\u00e9ricains\u00bb<\/a>. <\/p>\n<p class=\"sc-cPiKLX AiZTS text-element\">En ce qui concerne la vaccination des enfants en Floride, le Dr Joseph Ladapo, chirurgien et administrateur de la Sant\u00e9 publique de l\u2019\u00c9tat, a qualifi\u00e9 les exigences actuelles dans les \u00e9coles d\u2019intrusion \u00abimmorale\u00bb dans les droits des personnes. Pour lui, la vaccination obligatoire \u00e0 l\u2019\u00e9cole frise \u00abl\u2019esclavage\u00bb, et entrave la capacit\u00e9 des parents \u00e0 prendre des d\u00e9cisions en mati\u00e8re de sant\u00e9 pour leurs enfants. <\/p>\n<p class=\"sc-cPiKLX AiZTS text-element\">\u00abChacun a le droit de prendre ses propres d\u00e9cisions, des d\u00e9cisions \u00e9clair\u00e9es\u00bb, a-t-il justifi\u00e9 ce jour lors d\u2019une conf\u00e9rence de presse \u00e0 Valrico, dans la r\u00e9gion de Tampa. \u00abIls n\u2019ont pas le droit de vous dicter ce que vous devez ing\u00e9rer. Emp\u00eachez-les\u00bb, a poursuivi celui qui s\u2019est souvent oppos\u00e9 au corps m\u00e9dical. <\/p>\n<p class=\"sc-cPiKLX AiZTS text-element\">Joseph Ladapo a \u00e9galement assur\u00e9 que son minist\u00e8re de la Sant\u00e9 pouvait tout \u00e0 fait supprimer ses propres r\u00e8gles en mati\u00e8re d\u2019obligations vaccinales, mais que d\u2019autres n\u00e9cessiteront une action de l\u2019Assembl\u00e9e l\u00e9gislative de Floride. Il n\u2019a pas pr\u00e9cis\u00e9 lesquels en particulier, mais a r\u00e9p\u00e9t\u00e9 \u00e0 plusieurs reprises que cet effort permettrait d\u2019\u00e9liminer \u00abtous les vaccins. Jusqu\u2019au dernier\u00bb. Et de se vanter de devenir, potentiellement, le premier Etat am\u00e9ricain \u00e0 en supprimer autant. <\/p>\n<p class=\"sc-cPiKLX AiZTS text-element\">En Floride, les obligations vaccinales pour les garderies et les \u00e9coles publiques comprennent des vaccins contre la rougeole, la varicelle, l\u2019h\u00e9patite B, la polio et d\u2019autres encore, selon le <a href=\"https:\/\/www.floridahealth.gov\/programs-and-services\/immunization\/children-and-adolescents\/school-immunization-requirements\/index.html\" target=\"_blank\" rel=\"noopener\">site du minist\u00e8re de la Sant\u00e9 de l\u2019\u00c9tat<\/a>. Sous Ron DeSantis, l\u2019Etat r\u00e9publicain a aussi frein\u00e9 la vaccination des \u00e9coliers contre le Covid-19. \u00abJe ne pense pas qu\u2019un autre \u00c9tat ait fait autant que la Floride. Nous voulons garder une longueur d\u2019avance\u00bb, a d\u00e9clar\u00e9 le gouverneur. <\/p>\n<p class=\"sc-cPiKLX AiZTS text-element\">\u00abC\u2019est une catastrophe sanitaire en devenir pour le Sunshine State\u00bb, a r\u00e9agi <a href=\"https:\/\/x.com\/AnnaForFlorida\/status\/1963273944317690230\" target=\"_blank\" rel=\"noreferrer\" title=\"https:\/\/x.com\/AnnaForFlorida\/status\/1963273944317690230\">sur ses r\u00e9seaux sociaux<\/a> la repr\u00e9sentante d\u00e9mocrate de l\u2019Etat, Anna Eskamani. \u00abMettre fin \u00e0 la vaccination obligatoire est imprudent et dangereux, alerte-t-elle. Cela entra\u00eenera une baisse des taux de vaccination et ouvrira la voie \u00e0 des \u00e9pid\u00e9mies de maladies \u00e9vitables, mettant en danger les enfants, les personnes \u00e2g\u00e9es et les Floridiens vuln\u00e9rables\u00bb. <\/p>\n<p class=\"sc-cPiKLX AiZTS text-element\">En parall\u00e8le, la Californie, l\u2019Oregon et l\u2019Etat de Washington ont annonc\u00e9 ce mercredi former une \u00aballiance sanitaire\u00bb pour proposer leurs propres recommandations vaccinales, une initiative destin\u00e9e \u00e0 contrer justement les efforts de l\u2019administration Trump pour r\u00e9former la politique vaccinale du pays. Cette alliance visera \u00e0 fournir aux populations des recommandations vaccinales ainsi que des informations sur l\u2019efficacit\u00e9 et la s\u00fbret\u00e9 des vaccins \u00ab\u00e9labor\u00e9es par des scientifiques, des m\u00e9decins et d\u2019autres responsables de sant\u00e9 publique de confiance\u00bb, d\u00e9taillent-ils. <\/p>\n","protected":false},"excerpt":{"rendered":"\u00abMake America Healthy Again\u00bb. Pour rendre l\u2019Am\u00e9rique de nouveau en bonne sant\u00e9, les responsables r\u00e9publicains de l\u2019Etat de&hellip;\n","protected":false},"author":2,"featured_media":364541,"comment_status":"","ping_status":"","sticky":false,"template":"","format":"standard","meta":{"footnotes":""},"categories":[2],"tags":[11,73,1011,27,12,25,773],"class_list":{"0":"post-364540","1":"post","2":"type-post","3":"status-publish","4":"format-standard","5":"has-post-thumbnail","7":"category-actualites","8":"tag-actualites","9":"tag-etats-unis","10":"tag-fr","11":"tag-france","12":"tag-news","13":"tag-republique-francaise","14":"tag-vaccin"},"share_on_mastodon":{"url":"https:\/\/pubeurope.com\/@fr\/115143365435551737","error":""},"_links":{"self":[{"href":"https:\/\/www.europesays.com\/fr\/wp-json\/wp\/v2\/posts\/364540","targetHints":{"allow":["GET"]}}],"collection":[{"href":"https:\/\/www.europesays.com\/fr\/wp-json\/wp\/v2\/posts"}],"about":[{"href":"https:\/\/www.europesays.com\/fr\/wp-json\/wp\/v2\/types\/post"}],"author":[{"embeddable":true,"href":"https:\/\/www.europesays.com\/fr\/wp-json\/wp\/v2\/users\/2"}],"replies":[{"embeddable":true,"href":"https:\/\/www.europesays.com\/fr\/wp-json\/wp\/v2\/comments?post=364540"}],"version-history":[{"count":0,"href":"https:\/\/www.europesays.com\/fr\/wp-json\/wp\/v2\/posts\/364540\/revisions"}],"wp:featuredmedia":[{"embeddable":true,"href":"https:\/\/www.europesays.com\/fr\/wp-json\/wp\/v2\/media\/364541"}],"wp:attachment":[{"href":"https:\/\/www.europesays.com\/fr\/wp-json\/wp\/v2\/media?parent=364540"}],"wp:term":[{"taxonomy":"category","embeddable":true,"href":"https:\/\/www.europesays.com\/fr\/wp-json\/wp\/v2\/categories?post=364540"},{"taxonomy":"post_tag","embeddable":true,"href":"https:\/\/www.europesays.com\/fr\/wp-json\/wp\/v2\/tags?post=364540"}],"curies":[{"name":"wp","href":"https:\/\/api.w.org\/{rel}","templated":true}]}}