{"id":364542,"date":"2025-09-04T01:11:15","date_gmt":"2025-09-04T01:11:15","guid":{"rendered":"https:\/\/www.europesays.com\/fr\/364542\/"},"modified":"2025-09-04T01:11:15","modified_gmt":"2025-09-04T01:11:15","slug":"aupres-de-trump-le-president-polonais-embarrasse-son-propre-gouvernement-mediapart","status":"publish","type":"post","link":"https:\/\/www.europesays.com\/fr\/364542\/","title":{"rendered":"Aupr\u00e8s de Trump, le pr\u00e9sident polonais embarrasse son propre gouvernement &#8211; Mediapart"},"content":{"rendered":"<ol>\n<li><a href=\"https:\/\/news.google.com\/rss\/articles\/CBMixAFBVV95cUxPMUhuVF9EeTdLbFliV1pmSmlNN0xteFlxMHJHVm1rUWh6bTNvSmRfWWs4Z1EzX3dHVFl5SmVxd2dsT3FVTjQteVVRSGhydmlyZlQ4eThzeXpIV3dNY0V4RE1jSzdFeDdqVEZyTHlBeEdrOW9qUEhkdjg5WDhxT0w3akpJQVVMdFFkZXdEX1BaYjlwNnptckMxaXlxSURNeU5lR05SdnNka2RLNmNuUjQwVm5vVXBnRGdfVHlrRU9vWEM0aGcz?oc=5\" target=\"_blank\" rel=\"noopener\">Aupr\u00e8s de Trump, le pr\u00e9sident polonais embarrasse son propre gouvernement<\/a>&nbsp;&nbsp;Mediapart<\/li>\n<li><a href=\"https:\/\/news.google.com\/rss\/articles\/CBMinwJBVV95cUxPUUptYjRqSGNjX2Q4OHFJMzdFM1p6T1Y2VjFPSHdnc2toWV94RmNiQV9uV0lERXNVNlEzZVlhZzU1LXpMNjljZFdrdUxRY3U2V3lpQ2RhRnFpYUctR1JES2M4UDhNQU1WX3hGbG9GOExqWVNZa0lRZy1fWGZiR0FvbDZ5aUtVYmdGekNmVndMbDhVRk54MV8weHh1c3ZSbE1XMXAtTWdIcjd2U1gyVlhkNVVpRkNaOUc5NUNuU19ub2UzblhtcXY5YXc5bDUxVGQ0ZW02YmV3LXo5dFZKOHc0dWNFZllNSmZPRHl0NVpRWTZhLTltU3Q0RjdhenZvZWU1X1h6OWhxckQ0U3N6S2o2MWZSR0lxQjZDMzF6ZU1IMA?oc=5\" target=\"_blank\" rel=\"noopener\">Pologne : avant une visite du pr\u00e9sident Nawrocki aux Etats-Unis, une ambiance chaotique r\u00e8gne sur la diplomatie de Varsovie<\/a>&nbsp;&nbsp;Le Monde.fr<\/li>\n<li><a href=\"https:\/\/news.google.com\/rss\/articles\/CBMi7AJBVV95cUxObk5KRnRISlJ6RGhWYjVoa2lnVWRRYkhkNlQxNG81NEM3QlpIOWhHbmRNMEFEbktVRVlPM1VYY0RjSzNhTGFJVi1PLTd3V1dhNDAtOUZlRGw4MEgteWs5YkxlSk15aWpGU1JzcHdqSktGQ0hMZ3pJTXdxM0xQSlVaYnJsWl9kX2N4OWY5ZEJoR05sZWpKZzZUcUl2cFpFMHVEeUVfYkFZb1Q3VUJzbWxvM2oyTHh6bndyUEU2anpVdW9tWTJhNmk1VDdna2R2T3BUY092RGVLdDVXbmsyRVNERFJDZndrWXdJQU5OSElacW1QMnVJYWoxd1lwR1ZPRVhqY29vVllCc2N3TFRORVVxNXF5N3dzWHkwTHItMF9oLVNnUGF2NVpFYXotWVlwTXJjWGRmT0xvTkVWQ1kyLXNyZ1JJMVh2emNFTGhIXzN4U0dGUkJwMzU3YTlaa183NlFBY09laUZSX1gxNTE3?oc=5\" target=\"_blank\" rel=\"noopener\">\u00ab\u00a0Je vous remercie pour votre soutien, pour votre approbation pendant ma campagne\u00a0\u00bb: la poign\u00e9e de main entre Donald Trump et le pr\u00e9sident polonais, en visite \u00e0 Washington<\/a>&nbsp;&nbsp;BFMTV<\/li>\n<li><a href=\"https:\/\/news.google.com\/rss\/articles\/CBMi8gFBVV95cUxORi1IRmViUThsNjZpMlYtM09DS0JuS04wNHRmTGo0VzlqQTBoeFM5aEt1MUw5OUQzb2lORDAzSldaS29xR09sTWJHSl96TGtldng4OC05aC1VTHpPb0NQc1VLVWZsanFsWTFBZmJfZndtTURLMlh4ZWhCTWNscFRCNUpDZlN4NXJRWEJXMklOM09ibEl2QmpkNW9VWUdzNEh6cUwteUZVb1g0TTYxSkV5aDBYWk9BSmxCUktkbzgzZHJDbzl1azNmRWJtRl9TNlJsOTAyeThVOGxCUTFRTEtHLWpzc0FqdkpNOEthU3VmcjI1Z9IB9wFBVV95cUxNUm04N1ZYYWNxRTBsdUk1MkVQanFReW5BeHVvRkhaRTV0MFJ2c3JpUE0tVTYwNUk1ZV9sX2xsR0dlNjBYbGdTTm9IdG1BaXcyMDd0dGFGWHhPaFplQ0ZlR3NOTmZSS2JCYlltd3J0VEh6bW9rY1dQWG9QeTVHYXpGZ21LZV9VdGluZ1lTd3dILUxFeFRkWktGOVB2TzFqWGNCMXgtTnhDT1hlZTk2aVdYaFIyYjNlb2lOOXplaC04WHR2ZTFEejJvWVpIT3hpYUtNd1gxSmJfUGpBd0ZEc3lJUFllTy1CSzBROXhXbmR3UktjY0diOS13?oc=5\" target=\"_blank\" rel=\"noopener\">Trump re\u00e7oit le pr\u00e9sident nationaliste polonais avec tous les \u00e9gards<\/a>&nbsp;&nbsp;Boursorama<\/li>\n<li><a href=\"https:\/\/news.google.com\/rss\/articles\/CBMizwFBVV95cUxQRXpHRnFtY1BLa3RXekdSMTlUOWRHNWNJcnpzQzBKVzBqRmF0Y290UGZFejBRWlZlUlM4NzRQSGh2Q1dpTUdDVGM0dlNYRlVHUW9icHVsemVXZFZ4dVo5QTBxWFl5N1NqZ1pUTFVzaE1sSGdJZWVnbUFXSFpYb0UzaV9adVBXeFdpVzRmVGNhUWhoUlpQTHVHdy1SSlYwQzRhM2hEQlVka09Wal9XVlBzUEdKTFJyWWJqRXlGUVl5c2lwUTNEUTdINXIyNnFXM2s?oc=5\" target=\"_blank\" rel=\"noopener\">Donald Trump pr\u00eat \u00e0 d\u00e9ployer plus de militaires am\u00e9ricains en Pologne<\/a>&nbsp;&nbsp;L&rsquo;Express<\/li>\n<\/ol>\n","protected":false},"excerpt":{"rendered":"Aupr\u00e8s de Trump, le pr\u00e9sident polonais embarrasse son propre gouvernement&nbsp;&nbsp;Mediapart Pologne : avant une visite du pr\u00e9sident Nawrocki&hellip;\n","protected":false},"author":2,"featured_media":364543,"comment_status":"","ping_status":"","sticky":false,"template":"","format":"standard","meta":{"footnotes":""},"categories":[2],"tags":[11,75,19429,73,674,1011,27,131,21596,12,2437,25],"class_list":{"0":"post-364542","1":"post","2":"type-post","3":"status-publish","4":"format-standard","5":"has-post-thumbnail","7":"category-actualites","8":"tag-actualites","9":"tag-donald-trump","10":"tag-donald-tusk","11":"tag-etats-unis","12":"tag-europe","13":"tag-fr","14":"tag-france","15":"tag-guerre-en-ukraine","16":"tag-karol-nawrocki","17":"tag-news","18":"tag-pologne","19":"tag-republique-francaise"},"share_on_mastodon":{"url":"https:\/\/pubeurope.com\/@fr\/115143369332359798","error":""},"_links":{"self":[{"href":"https:\/\/www.europesays.com\/fr\/wp-json\/wp\/v2\/posts\/364542","targetHints":{"allow":["GET"]}}],"collection":[{"href":"https:\/\/www.europesays.com\/fr\/wp-json\/wp\/v2\/posts"}],"about":[{"href":"https:\/\/www.europesays.com\/fr\/wp-json\/wp\/v2\/types\/post"}],"author":[{"embeddable":true,"href":"https:\/\/www.europesays.com\/fr\/wp-json\/wp\/v2\/users\/2"}],"replies":[{"embeddable":true,"href":"https:\/\/www.europesays.com\/fr\/wp-json\/wp\/v2\/comments?post=364542"}],"version-history":[{"count":0,"href":"https:\/\/www.europesays.com\/fr\/wp-json\/wp\/v2\/posts\/364542\/revisions"}],"wp:featuredmedia":[{"embeddable":true,"href":"https:\/\/www.europesays.com\/fr\/wp-json\/wp\/v2\/media\/364543"}],"wp:attachment":[{"href":"https:\/\/www.europesays.com\/fr\/wp-json\/wp\/v2\/media?parent=364542"}],"wp:term":[{"taxonomy":"category","embeddable":true,"href":"https:\/\/www.europesays.com\/fr\/wp-json\/wp\/v2\/categories?post=364542"},{"taxonomy":"post_tag","embeddable":true,"href":"https:\/\/www.europesays.com\/fr\/wp-json\/wp\/v2\/tags?post=364542"}],"curies":[{"name":"wp","href":"https:\/\/api.w.org\/{rel}","templated":true}]}}