{"id":364546,"date":"2025-09-04T01:15:13","date_gmt":"2025-09-04T01:15:13","guid":{"rendered":"https:\/\/www.europesays.com\/fr\/364546\/"},"modified":"2025-09-04T01:15:13","modified_gmt":"2025-09-04T01:15:13","slug":"toulouse-bielle-biarrey-carton-orange-la-reprise-du-top-14-en-dix-questions","status":"publish","type":"post","link":"https:\/\/www.europesays.com\/fr\/364546\/","title":{"rendered":"Toulouse, Bielle-Biarrey, carton orange\u2026 La reprise du Top 14 en dix questions"},"content":{"rendered":"<p><strong>ANALYSE &#8211;<\/strong> Le championnat de France de rugby, toujours aussi serr\u00e9 et ind\u00e9cis, red\u00e9marre pour un marathon haletant jusqu\u2019\u00e0 la finale du 27\u00a0juin.<\/p>\n<p>Le Stade Toulousain va-t-il r\u00e9ussir le quadrupl\u00e9\u00a0?<\/p>\n<p class=\"fig-paragraph\"><strong>OUI.<\/strong> La g\u00e9n\u00e9ration dor\u00e9e des Dupont, Ramos, Cros et autres Ntamack ne cesse de le r\u00e9p\u00e9ter. Titill\u00e9e par Ugo Mola, arri\u00e8re\u00a0<a href=\"http:\/\/www.lefigaro.fr\/sports\/rugby\/top-14\/stade-toulousain-l-art-de-la-metamorphose-20250629\" target=\"_blank\" data-fig-type=\"Article\" rel=\"noopener\" data-gtm-custom-categorie=\"navigation\" data-gtm-custom-action=\"crossclick\" data-gtm-custom-label=\"Contextuel\" data-gtm-event=\"customEventSPE\" data-fig-domain=\"LEFIGARO\">du Stade Toulousain<\/a>\u00a0\u00e0 l\u2019\u00e9poque, elle br\u00fble de d\u00e9passer dans la l\u00e9gende celle de son manager, quatre fois championne de France d\u2019affil\u00e9e de 1994 \u00e0 1997. \u00c9videmment dans les cordes de ces talents hors norme qui viennent de soulever le bouclier de Brennus trois saisons cons\u00e9cutives. Et m\u00eame cinq fois lors des six derni\u00e8res ann\u00e9es, priv\u00e9s d\u2019une incroyable s\u00e9rie par le Covid (pas de titre attribu\u00e9 en 2020) et le sacre inattendu (et sans lendemain) de Montpellier en 2022. Avec un effectif pl\u00e9thorique compos\u00e9 d\u2019internationaux fran\u00e7ais et \u00e9trangers mais aussi\u00a0<a href=\"http:\/\/www.lefigaro.fr\/sports\/rugby\/top-14\/stade-toulousain-dupont-mauvaka-capuozzo-le-veritable-poids-des-absences-20250620\" target=\"_blank\" data-fig-type=\"NewsFlash\" rel=\"noopener\" data-gtm-custom-categorie=\"navigation\" data-gtm-custom-action=\"crossclick\" data-gtm-custom-label=\"Contextuel\" data-gtm-event=\"customEventSPE\" data-fig-domain=\"LEFIGARO\">d\u2019une rel\u00e8ve plus que prometteuse<\/a>, Toulouse est, de nouveau, le grand favori \u00e0 sa succession.<\/p>\n<p>L\u2019UBB va-t-elle enfin r\u00e9gner sur le Top 14\u00a0?<\/p>\n<p class=\"fig-paragraph\"><strong>NON.<\/strong> Un nouveau statut \u00e0 assumer.\u00a0<a href=\"http:\/\/www.lefigaro.fr\/sports\/rugby\/coupe-d-europe\/c-est-une-etape-supplementaire-dans-notre-construction-comment-l-union-bordeaux-begles-ecrit-son-histoire-en-accelere-20250505\" target=\"_blank\" data-fig-type=\"Article\" rel=\"noopener\" data-gtm-custom-categorie=\"navigation\" data-gtm-custom-action=\"crossclick\" data-gtm-custom-label=\"Contextuel\" data-gtm-event=\"customEventSPE\" data-fig-domain=\"LEFIGARO\">L\u2019Union Bordeaux B\u00e8gles<\/a>, cr\u00e9\u00e9e en 2006 et promue en Top 14 en 2011, est entr\u00e9e dans l\u2019histoire en soulevant, en mai dernier, la Champions Cup face aux Anglais de Northampton. Un premier titre qui\u2026<\/p>\n<p class=\"fig-premium-paywall__infos\">\n        Cet article est r\u00e9serv\u00e9 aux abonn\u00e9s.        Il vous reste 90% \u00e0 d\u00e9couvrir.\n    <\/p>\n<p>                <img  data- alt=\"Le Figaro\" class=\"fig-img--complete fig-img\"\/><\/p>\n<p class=\"fig-premium-paywall__title\">Vente Flash<\/p>\n<p class=\"fig-premium-paywall__subtitle\">4,99\u20ac par mois pendant 12 mois. Sans engagement<\/p>\n<p class=\"fig-premium-paywall__connect\">\n                D\u00e9j\u00e0 abonn\u00e9\u00a0?                <a class=\"fig-premium-paywall__connect-link\" href=\"https:\/\/connect.lefigaro.fr\/login?client=horizon_web&amp;type=main&amp;redirect_uri=https%3A%2F%2Fwww.lefigaro.fr%2Fsports%2Frugby%2Ftop-14%2Frugby-toulouse-bielle-biarrey-carton-orange-la-reprise-du-top-14-en-dix-questions-20250903\" data-js-gtm=\"{&quot;customCategorie&quot;: &quot;conversion&quot;, &quot;customAction&quot;: &quot;before_Landing_Connexion_paywall_auto&quot;, &quot;customLabel&quot;: &quot;bGVmaWdhcm8uZnJfXzFmMDg4YjIwLTFiYjAtNjkzYS1hNWVmLTBmYTc5MmNiNWJjMl9fQXJ0aWNsZQ==_Rugby\u00a0: Toulouse, Bielle-Biarrey, carton orange\u2026 La reprise du Top 14 en dix questions_227&quot;, &quot;customIDSPE&quot;: &quot;bGVmaWdhcm8uZnJfXzFmMDg4YjIwLTFiYjAtNjkzYS1hNWVmLTBmYTc5MmNiNWJjMl9fQXJ0aWNsZQ==&quot;, &quot;event&quot;: &quot;customEventSPE&quot;}\" target=\"_blank\" rel=\"noopener\"><br \/>\n                    Connectez-vous<br \/>\n                <\/a>\n            <\/p>\n","protected":false},"excerpt":{"rendered":"ANALYSE &#8211; Le championnat de France de rugby, toujours aussi serr\u00e9 et ind\u00e9cis, red\u00e9marre pour un marathon haletant&hellip;\n","protected":false},"author":2,"featured_media":364547,"comment_status":"","ping_status":"","sticky":false,"template":"","format":"standard","meta":{"footnotes":""},"categories":[1416],"tags":[514,1011,27,479,1468,60,478,4364],"class_list":{"0":"post-364546","1":"post","2":"type-post","3":"status-publish","4":"format-standard","5":"has-post-thumbnail","7":"category-rugby","8":"tag-antoine-dupont","9":"tag-fr","10":"tag-france","11":"tag-rugby","12":"tag-rugby-football","13":"tag-sports","14":"tag-top-14","15":"tag-ubb"},"share_on_mastodon":{"url":"https:\/\/pubeurope.com\/@fr\/115143385167703332","error":""},"_links":{"self":[{"href":"https:\/\/www.europesays.com\/fr\/wp-json\/wp\/v2\/posts\/364546","targetHints":{"allow":["GET"]}}],"collection":[{"href":"https:\/\/www.europesays.com\/fr\/wp-json\/wp\/v2\/posts"}],"about":[{"href":"https:\/\/www.europesays.com\/fr\/wp-json\/wp\/v2\/types\/post"}],"author":[{"embeddable":true,"href":"https:\/\/www.europesays.com\/fr\/wp-json\/wp\/v2\/users\/2"}],"replies":[{"embeddable":true,"href":"https:\/\/www.europesays.com\/fr\/wp-json\/wp\/v2\/comments?post=364546"}],"version-history":[{"count":0,"href":"https:\/\/www.europesays.com\/fr\/wp-json\/wp\/v2\/posts\/364546\/revisions"}],"wp:featuredmedia":[{"embeddable":true,"href":"https:\/\/www.europesays.com\/fr\/wp-json\/wp\/v2\/media\/364547"}],"wp:attachment":[{"href":"https:\/\/www.europesays.com\/fr\/wp-json\/wp\/v2\/media?parent=364546"}],"wp:term":[{"taxonomy":"category","embeddable":true,"href":"https:\/\/www.europesays.com\/fr\/wp-json\/wp\/v2\/categories?post=364546"},{"taxonomy":"post_tag","embeddable":true,"href":"https:\/\/www.europesays.com\/fr\/wp-json\/wp\/v2\/tags?post=364546"}],"curies":[{"name":"wp","href":"https:\/\/api.w.org\/{rel}","templated":true}]}}